{"id":14254,"date":"2020-08-05T14:33:05","date_gmt":"2020-08-05T12:33:05","guid":{"rendered":"http:\/\/bisbalpenedes.com\/web\/?p=14254"},"modified":"2020-08-05T14:33:05","modified_gmt":"2020-08-05T12:33:05","slug":"aquest-dimarts-4-dagost-sha-celebrat-un-ple-extraordinari-i-urgent-a-lajuntament-de-la-bisbal-del-penedes","status":"publish","type":"post","link":"https:\/\/bisbalpenedes.com\/web\/2020\/08\/05\/aquest-dimarts-4-dagost-sha-celebrat-un-ple-extraordinari-i-urgent-a-lajuntament-de-la-bisbal-del-penedes\/","title":{"rendered":"Aquest dimarts 4 d\u2019agost s\u2019ha celebrat un Ple extraordinari i urgent a l\u2019Ajuntament de la Bisbal del Pened\u00e8s"},"content":{"rendered":"<p style=\"text-align: center;\"><iframe loading=\"lazy\" src=\"https:\/\/www.youtube.com\/embed\/KPyBJrnPkHA\" width=\"560\" height=\"315\" frameborder=\"0\" allowfullscreen=\"allowfullscreen\"><\/iframe><\/p>\n<p style=\"text-align: justify;\"><span style=\"color: #000000;\">Aquest dimarts 4 d\u2019agost, a les 19:30h, s\u2019ha celebrat un Ple extraordinari i urgent a l\u2019Ajuntament de la Bisbal del Pened\u00e8s.<\/span><\/p>\n<p style=\"text-align: justify;\"><span style=\"color: #000000;\">En primer lloc, <strong>s\u2019ha ratificat la urg\u00e8ncia<\/strong> del punt a tractar amb els vots a favor de Comprom\u00eds amb la Bisbal (6), els vots en contra del PSC (2) i les abstencions d\u2019Units per la Bisbal \u2013 FIC (1), Ara la Bisbal (1) i ERC-AM (1).<\/span><\/p>\n<p style=\"text-align: justify;\"><span style=\"color: #000000;\">L\u2019\u00fanic punt de l\u2019ordre del dia del Ple extraordinari era el seg\u00fcent:<\/span><\/p>\n<p style=\"padding-left: 30px; text-align: justify;\"><span style=\"color: #000000;\">\u201cDeclarar d\u2019ofici la nul\u00b7litat de ple dret de l\u2019acord del Ple del 17 de setembre de 2013, aix\u00ed com del contracte d\u2019arrendament subscrit el 30 d\u2019octubre de 2013, d\u2019acord amb el Dictamen em\u00e8s per la Comissi\u00f3 Jur\u00eddica Assessora de la Generalitat de Catalunya\u201d.<\/span><\/p>\n<p style=\"text-align: justify;\"><span style=\"color: #000000;\"><strong>S\u2019ha aprovat<\/strong> amb els vots a favor de Comprom\u00eds amb la Bisbal (6), els vots en contra del PSC (2) i Ara la Bisbal (1) i les abstencions d\u2019Units per la Bisbal-FIC (1) i ERC-AM (1)<\/span><\/p>\n<p style=\"text-align: justify;\"><span style=\"color: #000000;\">Per tant, el Ple d\u2019aquest dimarts ha aprovat declarar la nul\u00b7litat de ple dret de l\u2019acord del Ple del 17 de setembre de 2013, aix\u00ed com del contracte d\u2019arrendament subscrit el 30 d\u2019octubre de 2013, basant-se en el Dictamen em\u00e8s per la Comissi\u00f3 Jur\u00eddica Assessora de la Generalitat de Catalunya que, segons ha explicat l\u2019alcaldessa de la Bisbal del Pened\u00e8s, Agn\u00e8s Ferr\u00e9, conclou que \u201cs\u2019informa favorablement sobre la revisi\u00f3 d\u2019ofici instru\u00efda per l\u2019Ajuntament de La Bisbal del Pened\u00e8s amb la finalitat de declarar la nul\u00b7litat de ple dret d\u2019un acord del Ple de l\u2019any 2013, pel qual es va aprovar l\u2019arrendament d\u2019una finca a l\u2019associaci\u00f3 Club Segle XX i el contracte subscrit posteriorment\u201d.<\/span><\/p>\n<p style=\"text-align: justify;\"><span style=\"color: #000000;\">El Ple ordinari del 16 de setembre de 2019 va aprovar iniciar l\u2019expedient de revisi\u00f3 d\u2019ofici perqu\u00e8 la Comissi\u00f3 Jur\u00eddica Assessora emet\u00e9s un informe sobre l\u2019acord del Ple de 17 de setembre de 2013 pel qual s\u2019aprov\u00e0 l\u2019arrendament d\u2019una part del Poliesportiu municipal a l\u2019entitat Club Segle XX, mitjan\u00e7ant procediment directe i preu bonificat, aix\u00ed com el contracte d\u2019arrendament, subscrit el 30 d\u2019octubre de 2013. Tamb\u00e9 va aprovar atorgar un termini d\u2019audi\u00e8ncia de 10 dies a l\u2019entitat Club Segle XX, a les persones que gestionen el servei de bar del Poliesportiu Municipal i a dues entitats a qui el Club Segle XX ha cedit espais (Joventut Bisbalenca i la Penya Blaugrana de la Bisbal). Durant el mes d\u2019octubre de 2019 el Club Segle XX i les persones que gestionen el servei de bar van presentar al\u00b7legacions i, aquestes, van ser desestimades en el ple celebrat el 25 de febrer de 2020.<\/span><\/p>\n<p style=\"text-align: justify;\"><span style=\"color: #000000;\">L\u2019Ajuntament de la Bisbal del Pened\u00e8s va iniciar la revisi\u00f3 d\u2019ofici perqu\u00e8 l\u2019equip de govern del mandat anterior (2015\/2019) va considerar que el procediment que es va seguir amb l\u2019arrendament, mitjan\u00e7ant adjudicaci\u00f3 directa, no era compatible amb la classificaci\u00f3 del tipus de patrimoni de les Administracions locals catalanes perqu\u00e8 defensava que el Poliesportiu municipal est\u00e0 classificat com a patrimoni municipal del s\u00f2l i, per tant, no es podia fer una adjudicaci\u00f3 directa sin\u00f3 que s\u2019hauria d\u2019haver fet un procediment de concurs p\u00fablic. A l\u2019inici del mandat anterior (2015\/2019) l\u2019equip de govern va encarregar diverses auditories i, entre elles, hi havia una auditoria sobre la contractaci\u00f3 administrativa de serveis i els convenis de cessi\u00f3 d\u2019espais fets per l\u2019Ajuntament durant el mandat 2011\/2015. L\u2019empresa contractada per dur a terme les auditories va analitzar diversos contractes, entre els quals figurava el conveni amb Club Segle XX. Segons l\u2019equip de govern, l\u2019auditoria afirmava que es tracta d\u2019un edifici del patrimoni municipal del s\u00f2l i que no es va realitzar el procediment de concurs sin\u00f3 que es va adjudicar directament. D\u2019altra banda, el govern municipal tamb\u00e9 va demanar un altre informe al Servei d\u2019Atenci\u00f3 als Municipis de la Diputaci\u00f3 de Tarragona a partir de la informaci\u00f3 de l\u2019auditoria i la Diputaci\u00f3 va emetre un informe jur\u00eddic a principis de l\u2019any 2017 que, segons l\u2019equip de govern, conclo\u00efa que no era correcte adjudicar la gesti\u00f3 de l\u2019immoble amb un contracte d\u2019arrendament, sin\u00f3 que s\u2019havia de fer mitjan\u00e7ant concurs, i que es va adjudicar el contracte com a b\u00e9 patrimonial i que es tractava d\u2019un b\u00e9 de patrimoni del s\u00f2l.<\/span><\/p>\n<p style=\"text-align: justify;\"><span style=\"color: #000000;\">Per tot aix\u00f2, es va redactar un informe per iniciar l\u2019expedient de declaraci\u00f3 de nul\u00b7litat de ple dret del contracte. El 19 de juny de 2017 va elevar-se al Ple una proposta per iniciar el proc\u00e9s de revisi\u00f3 d\u2019ofici, l\u2019aprovaci\u00f3 de la qual no va prosperar. Posteriorment, el 16 de setembre de 2019, el Ple ordinari va aprovar una proposta similar i es va iniciar el proc\u00e9s de revisi\u00f3 d\u2019ofici de l\u2019acord pres al Ple del 17 de setembre de 2013, fent arribar l\u2019expedient a la Comissi\u00f3 Jur\u00eddica Assessora perqu\u00e8 emet\u00e9s un dictamen sobre l\u2019acord. Aquest dictamen es va emetre el 28 de juliol de 2020 i va ser entrat per registre el dilluns 3 d\u2019agost de 2020, motiu pel qual es va convocar un Ple extraordinari i urgent per ahir dimarts 4 d\u2019agost perqu\u00e8, segons va explicar a l\u2019inici de la sessi\u00f3 plen\u00e0ria l\u2019alcaldessa de la Bisbal del Pened\u00e8s, Agn\u00e8s Ferr\u00e9, perqu\u00e8 l&#8217;expedient no caduqu\u00e9s, l&#8217;Ajuntament tenia dos dies per resoldre&#8217;l des del moment en qu\u00e8 el dictamen havia entrat al registre d\u2019entrada.<\/span><\/p>\n<p style=\"text-align: justify;\"><span style=\"color: #000000;\">Durant el Ple, l\u2019alcaldessa va explicar que entre els mesos de gener i juliol s\u2019han mantingut reunions amb l\u2019entitat i amb l\u2019arrendatari del bar per explicar-los aquest procediment i les opcions que tenien tant si el dictamen era favorable com si era desfavorable. Ferr\u00e9 va sostenir que la voluntat de l\u2019equip de govern \u00e9s \u201cque qui porta el bar pugui seguir exercint la seva activitat i que l\u2019entitat, tot i la nul\u00b7litat d\u2019aquest contracte, segueixi realitzant les seves activitats. Aix\u00ed se\u2019ls hi va explicar a les reunions i aix\u00ed seguir\u00e0. Hem informat al Club Segle XX que, com la resta d\u2019entitats, poden disposar dels espais municipals per a realitzar les seves activitats. Tamb\u00e9 saben que, una vegada acabades les obres de rehabilitaci\u00f3 del poliesportiu, se\u2019ls assignar\u00e0 un despatx per a \u00fas exclusiu aix\u00ed com l\u2019\u00fas de la resta d\u2019espais segons el reglament d\u2019\u00fas d\u2019instal\u00b7lacions municipals. En el moment en qu\u00e8 s\u2019hagi de licitar la gesti\u00f3 del bar del poliesportiu municipal tamb\u00e9 poden presentar-s\u2019hi\u201d.<\/span><\/p>\n<hr \/>\n<p style=\"text-align: justify;\"><span style=\"color: #000000;\"><strong>CASTELLANO |\u00a0<\/strong>Este martes 4 de agosto, a las 19:30h, se ha celebrado un Pleno extraordinario y urgente en el Ayuntamiento de la Bisbal del Pened\u00e8s.<\/span><\/p>\n<p style=\"text-align: justify;\"><span style=\"color: #000000;\">En primer lugar, <strong>se ha ratificado la urgencia<\/strong> del punto a tratar con los votos a favor de Comprom\u00eds amb la Bisbal (6), los votos en contra del PSC (2) y las abstenciones de Units per la Bisbal -FIC (1), Ara la Bisbal (1) y ERC-AM (1).<\/span><\/p>\n<p style=\"text-align: justify;\"><span style=\"color: #000000;\">El \u00fanico punto del orden del d\u00eda del Pleno extraordinario era el siguiente:<\/span><\/p>\n<p style=\"padding-left: 30px; text-align: justify;\"><span style=\"color: #000000;\">\u201cDeclarar de oficio la nulidad de pleno derecho del acuerdo del Pleno del 17 de septiembre de 2013, as\u00ed como el contrato de arrendamiento suscrito el 30 de octubre de 2013, de acuerdo con el Dictamen emitido por la Comisi\u00f3n Jur\u00eddica Asesora de la Generalitat de Catalunya\u201d.<\/span><\/p>\n<p style=\"text-align: justify;\"><span style=\"color: #000000;\"><strong>Se ha aprobado<\/strong> con los votos a favor de Comprom\u00eds amb la Bisbal (6), los votos en contra del PSC (2) y Ara la Bisbal (1) y las abstenciones de Units per la Bisbal-Fic (1) y ERC-AM (1).<\/span><\/p>\n<p style=\"text-align: justify;\"><span style=\"color: #000000;\">Por lo tanto, el Pleno de este martes ha aprobado declarar la nulidad de pleno derecho del acuerdo del Pleno del 17 de septiembre de 2013, as\u00ed como del contrato de arrendamiento suscrito el 30 de octubre de 2013, bas\u00e1ndose en el Dictamen emitido por la Comisi\u00f3n Jur\u00eddica Asesora de la Generalitat de Catalunya que, seg\u00fan ha explicado la alcaldesa de la Bisbal del Pened\u00e8s, Agn\u00e8s Ferr\u00e9, concluye que \u201cse informa favorablemente sobre la revisi\u00f3n instruida por el Ayuntamiento de la Bisbal del Pened\u00e8s con la finalidad de declarar la nulidad de pleno derecho de un acuerdo del Pleno del a\u00f1o 213, por el cual se aprob\u00f3 el arrendamiento de una finca a la asociaci\u00f3n Club Segle XX y el contrato suscrito posteriormente\u201d.<\/span><\/p>\n<p style=\"text-align: justify;\"><span style=\"color: #000000;\">El Pleno ordinario del 16 de septiembre de 2019 aprob\u00f3 iniciar el expediente de revisi\u00f3n de oficio para que la Comisi\u00f3n Jur\u00eddica Asesora emitiese un informe sobre el acuerdo del Pleno de 17 de septiembre de 2013 por el cual se aprob\u00f3 el arrendamiento de una parte del Polideportivo municipal a la entidad Club Segle XX, mediante procedimiento directo y precio bonificado, as\u00ed como el contrato de arrendamiento, suscrito el 30 de octubre de 2013. Tambi\u00e9n se aprob\u00f3 otorgar un plazo de audiencia de 10 d\u00edas a la entidad Club Segle XX, a las personas que gestionan el servicio de bar del Polideportivo Municipal y a dos entidades a quien el Club Segle XX ha cedido espacios (Joventut Bisbalenca y la Penya Blaugrana de la Bisbal). Durante el mes de octubre de 2019 el Club Segle XX y las personas que gestionan el servicio de bar presentaron alegaciones y, estas, fueron desestimadas en el pleno celebrado el 25 de febrero de 2020.<\/span><\/p>\n<p style=\"text-align: justify;\"><span style=\"color: #000000;\">El Ayuntamiento de la Bisbal del Pened\u00e8s inici\u00f3 la revisi\u00f3n de oficio porqu\u00e9 el equipo de gobierno del mandato anterior (2015\/2019) consider\u00f3 que el procedimiento que se sigui\u00f3 con el arrendamiento, mediante adjudicaci\u00f3n directa, no era compatible con la clasificaci\u00f3n del tipo de patrimonio de las Administraciones locales catalanas porqu\u00e9 defend\u00eda que el Polideportivo municipal est\u00e1 clasificado como patrimonio municipal del suelo y, por tanto, no se pod\u00eda hacer una adjudicaci\u00f3n directa sino que se tendr\u00eda que haber hecho un procedimiento de concurso p\u00fablico. Al inicio del mandato anterior (2015\/2019) el equipo de gobierno encarg\u00f3 varias auditor\u00edas y, entre ellas, hab\u00eda una auditor\u00eda sobre la contrataci\u00f3n administrativa de servicios y los convenios de cesi\u00f3n de espacios realizados por el Ayuntamiento durante el mandato 2011\/2015. La empresa contratada para llevar a cabo las auditor\u00edas analiz\u00f3 varios contratos, entre los cuales figuraba el convenio con el Club Segle XX. Seg\u00fan el equipo de gobierno, la auditor\u00eda afirmaba que se trata de un edificio del patrimonio municipal del suelo y que no se realiz\u00f3 el procedimiento de concurso sino que se adjudic\u00f3 directamente. Por otro lado, el gobierno municipal tambi\u00e9n solicit\u00f3 otro informe al Servicio de Atenci\u00f3n a los Municipios de la Diputaci\u00f3n de Tarragona a partir de la informaci\u00f3n de la auditor\u00eda y la Diputaci\u00f3n emiti\u00f3 un informe jur\u00eddico a principios del a\u00f1o 2017 que, seg\u00fan el equipo de gobierno, conclu\u00eda que no era correcto adjudicar la gesti\u00f3n del inmueble con un contrato de arrendamiento, sino que se ten\u00eda que hacer mediante concurso, y que se adjudic\u00f3 el contrato como bien patrimonial y que se trataba de un bien de patrimonio del suelo.<\/span><\/p>\n<p style=\"text-align: justify;\"><span style=\"color: #000000;\">Por todo ello, se redact\u00f3 un informe para iniciar el expediente de declaraci\u00f3n de nulidad de pleno derecho del contrato. El 19 de junio de 2017 se elev\u00f3 al Pleno una propuesta para iniciar el proceso de revisi\u00f3n de oficio, la aprobaci\u00f3n de la cual no prosper\u00f3. Posteriormente, el 16 de septiembre de 2019, el Pleno ordinario aprob\u00f3 una propuesta similar y se inici\u00f3 el proceso de revisi\u00f3n de oficio del acuerdo tomado en el Pleno del 17 de septiembre de 2013, haciendo llegar el expediente a la Comisi\u00f3n Jur\u00eddica Asesora para que emitiese un dictamen sobre el acuerdo. Este dictamen se emiti\u00f3 el 28 de julio de 2020 y entr\u00f3 por registro el lunes 3 de agosto de 2020, motivo por el cual se convoc\u00f3 un Pleno extraordinario y urgente ayer martes 4 de agosto porqu\u00e9, seg\u00fan explic\u00f3 la alcaldesa de la Bisbal del Pened\u00e8s, Agn\u00e8s Ferr\u00e9, para que el expediente no caducase, el Ayuntamiento ten\u00eda dos d\u00edas para resolverlo desde el momento en el que el dictamen hab\u00eda entrado al registro de entrada.<\/span><\/p>\n<p style=\"text-align: justify;\"><span style=\"color: #000000;\">Durante el Pleno, la alcaldesa explic\u00f3 que entre los meses de enero y julio se han mantenido reuniones con la entidad y con el arrendatario del bar para explicarles este procedimiento y las opciones que ten\u00edan tanto si el dictamen era favorable como si era desfavorable. Ferr\u00e9 sostuvo que la voluntad del equipo de gobierno es \u201cque quien lleva el bar pueda seguir ejerciendo su actividad y que la entidad, aun con la nulidad de este contrato, siga realizando sus actividades. As\u00ed se les explic\u00f3 en las reuniones y as\u00ed seguir\u00e1. Hemos informado al Club Segle XX que, como el resto de entidades, pueden disponer de los espacios municipales para realizar sus actividades. Tambi\u00e9n saben que, una vez terminadas las obras de rehabilitaci\u00f3n del polideportivo, se les asignar\u00e1 un despacho para uso exclusivo as\u00ed como el uso del resto de espacios seg\u00fan el reglamento de uso de instalaciones municipales. En el momento en el que se tenga que licitar la gesti\u00f3n del bar del polideportivo municipal tambi\u00e9n pueden presentarse\u201d.<\/span><\/p>\n<p>&nbsp;<\/p>\n","protected":false},"excerpt":{"rendered":"<p>Aquest dimarts 4 d\u2019agost, a les 19:30h, s\u2019ha celebrat un Ple extraordinari i urgent a l\u2019Ajuntament de la Bisbal del Pened\u00e8s. En primer lloc, s\u2019ha ratificat la urg\u00e8ncia del punt &hellip; <a href=\"https:\/\/bisbalpenedes.com\/web\/2020\/08\/05\/aquest-dimarts-4-dagost-sha-celebrat-un-ple-extraordinari-i-urgent-a-lajuntament-de-la-bisbal-del-penedes\/\" class=\"more-link\">Read More<\/a><\/p>\n","protected":false},"author":4,"featured_media":14255,"comment_status":"closed","ping_status":"closed","sticky":false,"template":"","format":"standard","meta":[],"categories":[8,2250],"tags":[1086,3967,3966,393,423,483],"_links":{"self":[{"href":"https:\/\/bisbalpenedes.com\/web\/wp-json\/wp\/v2\/posts\/14254"}],"collection":[{"href":"https:\/\/bisbalpenedes.com\/web\/wp-json\/wp\/v2\/posts"}],"about":[{"href":"https:\/\/bisbalpenedes.com\/web\/wp-json\/wp\/v2\/types\/post"}],"author":[{"embeddable":true,"href":"https:\/\/bisbalpenedes.com\/web\/wp-json\/wp\/v2\/users\/4"}],"replies":[{"embeddable":true,"href":"https:\/\/bisbalpenedes.com\/web\/wp-json\/wp\/v2\/comments?post=14254"}],"version-history":[{"count":1,"href":"https:\/\/bisbalpenedes.com\/web\/wp-json\/wp\/v2\/posts\/14254\/revisions"}],"predecessor-version":[{"id":14256,"href":"https:\/\/bisbalpenedes.com\/web\/wp-json\/wp\/v2\/posts\/14254\/revisions\/14256"}],"wp:featuredmedia":[{"embeddable":true,"href":"https:\/\/bisbalpenedes.com\/web\/wp-json\/wp\/v2\/media\/14255"}],"wp:attachment":[{"href":"https:\/\/bisbalpenedes.com\/web\/wp-json\/wp\/v2\/media?parent=14254"}],"wp:term":[{"taxonomy":"category","embeddable":true,"href":"https:\/\/bisbalpenedes.com\/web\/wp-json\/wp\/v2\/categories?post=14254"},{"taxonomy":"post_tag","embeddable":true,"href":"https:\/\/bisbalpenedes.com\/web\/wp-json\/wp\/v2\/tags?post=14254"}],"curies":[{"name":"wp","href":"https:\/\/api.w.org\/{rel}","templated":true}]}}