{"id":14250,"date":"2020-08-05T13:32:52","date_gmt":"2020-08-05T11:32:52","guid":{"rendered":"http:\/\/bisbalpenedes.com\/web\/?p=14250"},"modified":"2020-08-05T17:37:21","modified_gmt":"2020-08-05T15:37:21","slug":"lajuntament-de-la-bisbal-del-penedes-ha-entregat-mascaretes-institucionals-als-treballadors-municipals-i-a-tots-els-membres-del-consistori","status":"publish","type":"post","link":"https:\/\/bisbalpenedes.com\/web\/2020\/08\/05\/lajuntament-de-la-bisbal-del-penedes-ha-entregat-mascaretes-institucionals-als-treballadors-municipals-i-a-tots-els-membres-del-consistori\/","title":{"rendered":"L\u2019Ajuntament de la Bisbal del Pened\u00e8s ha entregat mascaretes institucionals als treballadors municipals i a tots els membres del consistori"},"content":{"rendered":"<p style=\"text-align: justify;\"><img loading=\"lazy\" class=\"aligncenter wp-image-14251 size-medium\" src=\"http:\/\/bisbalpenedes.com\/web\/wp-content\/uploads\/2020\/08\/MASCARETA-AJUNTAMENT-300x300.jpg\" alt=\"MASCARETA AJUNTAMENT\" width=\"300\" height=\"300\" srcset=\"https:\/\/bisbalpenedes.com\/web\/wp-content\/uploads\/2020\/08\/MASCARETA-AJUNTAMENT-300x300.jpg 300w, https:\/\/bisbalpenedes.com\/web\/wp-content\/uploads\/2020\/08\/MASCARETA-AJUNTAMENT-100x100.jpg 100w, https:\/\/bisbalpenedes.com\/web\/wp-content\/uploads\/2020\/08\/MASCARETA-AJUNTAMENT-600x600.jpg 600w, https:\/\/bisbalpenedes.com\/web\/wp-content\/uploads\/2020\/08\/MASCARETA-AJUNTAMENT-150x150.jpg 150w, https:\/\/bisbalpenedes.com\/web\/wp-content\/uploads\/2020\/08\/MASCARETA-AJUNTAMENT-768x768.jpg 768w, https:\/\/bisbalpenedes.com\/web\/wp-content\/uploads\/2020\/08\/MASCARETA-AJUNTAMENT-1024x1024.jpg 1024w\" sizes=\"(max-width: 300px) 100vw, 300px\" \/><\/p>\n<p style=\"text-align: justify;\"><span style=\"color: #000000;\">L\u2019Ajuntament de la Bisbal del Pened\u00e8s ha entregat mascaretes institucionals als treballadors municipals i a tots els membres del consistori. La confecci\u00f3 de les mascaretes ha anat a c\u00e0rrec de la bisbalenca Lorena Faubel.<\/span><br \/>\n<span style=\"color: #000000;\">Tamb\u00e9 s\u2019han dissenyat mascaretes de Festa Major basades en els dissenys del vestuari de les entitats de cultura popular que els ve\u00efns del municipi podreu passar a buscar per l\u2019Ajuntament els dies 10, 11 i 12 en els horaris que s\u2019especifiquen al programa de Festa Major que s\u2019est\u00e0 repartint per les cases.<\/span><\/p>\n<hr \/>\n<div class=\"text_exposed_show\">\n<p style=\"text-align: justify;\"><span style=\"color: #000000;\"><strong>CASTELLANO |<\/strong> El Ayuntamiento de la Bisbal del Pened\u00e8s ha entregado mascarillas institucionales a los trabajadores municipales y a todos los miembros del consistorio. La confecci\u00f3n de las mascarillas ha ido a cargo de la bisbalensa Lorena Faubel.<\/span><br \/>\n<span style=\"color: #000000;\">Tambi\u00e9n se han dise\u00f1ado mascarillas de Fiesta Mayor basadas en los dise\u00f1os del vestuario de las entidades de cultura popular del municipio que los vecinos del municipio podr\u00e9is pasar a buscar por el Ayuntamiento los d\u00edas 10, 11 y 12 de 17h a 20h en los horarios que se especifican en el programa de Fiesta Mayor que se est\u00e1 repartiendo por las casas.<\/span><\/p>\n<\/div>\n","protected":false},"excerpt":{"rendered":"<p>L\u2019Ajuntament de la Bisbal del Pened\u00e8s ha entregat mascaretes institucionals als treballadors municipals i a tots els membres del consistori. La confecci\u00f3 de les mascaretes ha anat a c\u00e0rrec de &hellip; <a href=\"https:\/\/bisbalpenedes.com\/web\/2020\/08\/05\/lajuntament-de-la-bisbal-del-penedes-ha-entregat-mascaretes-institucionals-als-treballadors-municipals-i-a-tots-els-membres-del-consistori\/\" class=\"more-link\">Read More<\/a><\/p>\n","protected":false},"author":4,"featured_media":14252,"comment_status":"closed","ping_status":"closed","sticky":false,"template":"","format":"standard","meta":[],"categories":[2057],"tags":[3609,3965],"_links":{"self":[{"href":"https:\/\/bisbalpenedes.com\/web\/wp-json\/wp\/v2\/posts\/14250"}],"collection":[{"href":"https:\/\/bisbalpenedes.com\/web\/wp-json\/wp\/v2\/posts"}],"about":[{"href":"https:\/\/bisbalpenedes.com\/web\/wp-json\/wp\/v2\/types\/post"}],"author":[{"embeddable":true,"href":"https:\/\/bisbalpenedes.com\/web\/wp-json\/wp\/v2\/users\/4"}],"replies":[{"embeddable":true,"href":"https:\/\/bisbalpenedes.com\/web\/wp-json\/wp\/v2\/comments?post=14250"}],"version-history":[{"count":2,"href":"https:\/\/bisbalpenedes.com\/web\/wp-json\/wp\/v2\/posts\/14250\/revisions"}],"predecessor-version":[{"id":14257,"href":"https:\/\/bisbalpenedes.com\/web\/wp-json\/wp\/v2\/posts\/14250\/revisions\/14257"}],"wp:featuredmedia":[{"embeddable":true,"href":"https:\/\/bisbalpenedes.com\/web\/wp-json\/wp\/v2\/media\/14252"}],"wp:attachment":[{"href":"https:\/\/bisbalpenedes.com\/web\/wp-json\/wp\/v2\/media?parent=14250"}],"wp:term":[{"taxonomy":"category","embeddable":true,"href":"https:\/\/bisbalpenedes.com\/web\/wp-json\/wp\/v2\/categories?post=14250"},{"taxonomy":"post_tag","embeddable":true,"href":"https:\/\/bisbalpenedes.com\/web\/wp-json\/wp\/v2\/tags?post=14250"}],"curies":[{"name":"wp","href":"https:\/\/api.w.org\/{rel}","templated":true}]}}