{"id":14243,"date":"2020-08-04T21:30:48","date_gmt":"2020-08-04T19:30:48","guid":{"rendered":"http:\/\/bisbalpenedes.com\/web\/?p=14243"},"modified":"2020-08-05T01:41:13","modified_gmt":"2020-08-04T23:41:13","slug":"la-bisbal-celebrara-la-festa-major-emmascarada-del-14-al-16-dagost-avui-dimarts-es-comencara-a-repartir-el-programa-per-les-cases","status":"publish","type":"post","link":"https:\/\/bisbalpenedes.com\/web\/2020\/08\/04\/la-bisbal-celebrara-la-festa-major-emmascarada-del-14-al-16-dagost-avui-dimarts-es-comencara-a-repartir-el-programa-per-les-cases\/","title":{"rendered":"La Bisbal celebrar\u00e0 la Festa Major \u2018emmascarada\u2019 del 14 al 16 d\u2019agost &#8211; Avui dimarts s&#8217;ha comen\u00e7at a repartir el programa per les cases"},"content":{"rendered":"<p style=\"text-align: justify;\"><img loading=\"lazy\" class=\"aligncenter size-medium wp-image-14247\" src=\"http:\/\/bisbalpenedes.com\/web\/wp-content\/uploads\/2020\/08\/8FE70F81-0C02-4A99-A6CC-372428252E67-300x269.jpeg\" alt=\"8FE70F81-0C02-4A99-A6CC-372428252E67\" width=\"300\" height=\"269\" srcset=\"https:\/\/bisbalpenedes.com\/web\/wp-content\/uploads\/2020\/08\/8FE70F81-0C02-4A99-A6CC-372428252E67-300x269.jpeg 300w, https:\/\/bisbalpenedes.com\/web\/wp-content\/uploads\/2020\/08\/8FE70F81-0C02-4A99-A6CC-372428252E67-600x538.jpeg 600w, https:\/\/bisbalpenedes.com\/web\/wp-content\/uploads\/2020\/08\/8FE70F81-0C02-4A99-A6CC-372428252E67-768x688.jpeg 768w, https:\/\/bisbalpenedes.com\/web\/wp-content\/uploads\/2020\/08\/8FE70F81-0C02-4A99-A6CC-372428252E67-1024x918.jpeg 1024w, https:\/\/bisbalpenedes.com\/web\/wp-content\/uploads\/2020\/08\/8FE70F81-0C02-4A99-A6CC-372428252E67.jpeg 1458w\" sizes=\"(max-width: 300px) 100vw, 300px\" \/><\/p>\n<p style=\"text-align: justify;\"><span style=\"color: #000000;\">La Bisbal del Pened\u00e8s ha preparat una Festa Major adaptada a les circumst\u00e0ncies actuals, marcades per la situaci\u00f3 generada per la Covid-19. Amb el nom de \u2018Festa Major emmascarada\u2019, dur\u00e0 a terme una festa adaptada a les mesures de prevenci\u00f3 de la Covid-19 i adre\u00e7ada als ve\u00efns del municipi, tant els empadronats com aquells que disposen d\u2019un habitatge a la Bisbal del Pened\u00e8s.<\/span><\/p>\n<p style=\"text-align: justify;\"><span style=\"color: #000000;\">L\u2019alcaldessa de la Bisbal del Pened\u00e8s ha explicat que \u201cla Covid-19 ens situa en un escenari diferent on preval la salut, la prud\u00e8ncia i la responsabilitat, per\u00f2 sempre amb una mirada d\u2019optimisme i esperan\u00e7a cap al futur\u201d.<\/span><\/p>\n<p style=\"text-align: justify;\"><span style=\"color: #000000;\">Les Regidories de Festes i Cultura i les entitats del municipi han treballat per confeccionar un programa adaptat a les circumst\u00e0ncies actuals per\u00f2 que mantingui l\u2019ess\u00e8ncia i la il\u00b7lusi\u00f3 d\u2019una Festa Major per a tota la gent de la Bisbal.<\/span><\/p>\n<p style=\"text-align: justify;\"><span style=\"color: #000000;\">Els actes comen\u00e7aran el divendres 14 d\u2019agost a la tarda i finalitzaran el diumenge 16 d\u2019agost al vespre. S\u2019han programat actes que es poden gaudir des de finestres, terrasses, terrats i balcons o des del carrer, com ara la cercavila amb les entitats del municipi (el Grup de Geganters i grallers de la Societat, el Ball de Diables i diablons de la Bisbal, el Ball de Gitanes de la Bisbal i la Colla Castellera de la Bisbal del Pened\u00e8s), el sopar a la fresca, el castell de foc, les matinades i l\u2019espectacle infantil itinerant. Tamb\u00e9 tindran lloc actuacions a l\u2019envelat amb aforament limitat i inscripci\u00f3 pr\u00e8via, adre\u00e7ats a empadronats i persones que tinguin una segona resid\u00e8ncia a la Bisbal del Pened\u00e8s.<\/span><\/p>\n<p style=\"text-align: justify;\"><span style=\"color: #000000;\">L\u2019alcaldessa Ang\u00e8s Ferr\u00e9 ha explicat que \u201cl\u2019objectiu \u00e9s que puguem organitzar una festa adre\u00e7ada a tota la gent de la Bisbal per\u00f2 evitar massificacions i com que hem de preservar les mesures de distanciament i, alhora, hi haur\u00e0 molts actes amb aforament limitat, donades les circumst\u00e0ncies actuals marcades per la Covid-19 hem considerat oport\u00fa limitar l\u2019assist\u00e8ncia als actes als ve\u00efns del municipi\u201d.<\/span><\/p>\n<p style=\"text-align: justify;\"><span style=\"color: #000000;\">Entre els actes que tindran l\u2019aforament limitat s\u2019hi troben les actuacions a l\u2019envelat, per a les quals ser\u00e0 imprescindible fer una inscripci\u00f3 pr\u00e8via. Es dur\u00e0 a terme un concert de Festa Major amb l\u2019Orquestra Selvatana i un concert de jazz amb el grup EmsembleB\u00e9, organtizat per les Corals Antistiana. Des del Club d\u2019escacs de la Societat tamb\u00e9 s\u2019han organitzat les partides d\u2019escacs a la fresca, amb inscripci\u00f3 pr\u00e8via, i la Joventut Bisbalenca CF. far\u00e0 el tradicional partit de futbol de Festa Major a porta tancada.<\/span><\/p>\n<p style=\"text-align: justify;\"><span style=\"color: #000000;\">Tenint en compte les circumst\u00e0ncies actuals, l\u2019Ajuntament ha previst emetre, a trav\u00e9s de Youtube, el preg\u00f3 de la Festa Major -que anir\u00e0 a c\u00e0rrec dels alumnes de 6\u00e8 de prim\u00e0ria de l\u2019Escola Ull de Vent i un v\u00eddeo especial amb les colles castelleres que enguany no podran participar en la Diada Castellera del 15 d\u2019agost.<\/span><\/p>\n<p style=\"text-align: justify;\"><span style=\"color: #000000;\">L\u2019\u00fas de la mascareta ser\u00e0 obligatori en tots els actes, tant els que es facin al carrer com els que es duguin a terme en altres espais, com ara l\u2019envelat. Per aquest motiu, l\u2019Ajuntament repartir\u00e0 unes mascaretes que ha confeccionat especialment per a la Festa Major que estan inspirades en el vestuari de les entitats de cultura popular bisbalenques.<\/span><\/p>\n<p style=\"text-align: justify;\"><span style=\"color: #000000;\">Quant al programa de la Festa Major, aquest es far\u00e0 arribar -a partir d\u2019avui dimarts 4 d\u2019agost- a totes les llars en format paper i tamb\u00e9 es publicar\u00e0 a l\u2019aplicaci\u00f3 eBando perqu\u00e8 els ve\u00efns el puguin consultar i descarregar.<\/span><\/p>\n<hr \/>\n<p style=\"text-align: justify;\"><span style=\"color: #000000;\"><strong>CASTELLANO |<\/strong> La Bisbal del Pened\u00e8s ha preparado una Fiesta Mayor adaptada a las circunstancias actuales, marcadas por la situaci\u00f3n generada por la Covid-19. Con el nombre de \u2018Fiesta Mayor enmascarada\u2019, llevar\u00e1 a cabo una fiesta adaptada a las medidas de prevenci\u00f3n de la Covid-19 y dirigida a los vecinos del municipio, tanto a los empadronados como a aquellos que disponen de una vivienda en la Bisbal del Pened\u00e8s.<\/span><\/p>\n<p style=\"text-align: justify;\"><span style=\"color: #000000;\">La alcaldesa de la Bisbal del Pened\u00e8s ha explicado que \u201cla Covid-19 nos sit\u00faa en un escenario distinto donde prevale la salud, la prudencia y la responsabilidad, pero siempre con una mirada de optimismo y esperanza hacia el futuro\u201d.<\/span><\/p>\n<p style=\"text-align: justify;\"><span style=\"color: #000000;\">Las Concejal\u00edas de Fiestas y Cultura y las entidades del municipio han trabajado para confeccionar un programa adaptado a las circunstancias actuales pero que mantenga la esencia y la ilusi\u00f3n de una Fiesta Mayor para toda la gente de la Bisbal.<\/span><\/p>\n<p style=\"text-align: justify;\"><span style=\"color: #000000;\">Los actos empezar\u00e1n el viernes 14 de agosto por la tarde y finalizar\u00e1n el domingo 16 de agosto al anochecer. Se han programado actos que se pueden disfrutar desde las ventanas, terrazas, azoteas y balcones o desde la calle, como por ejemplo el pasacalle con las entidades del municipio (el Grupo de Geganters i grallers de la Societat, el Ball de Diables i diablons de la Bisbal, el Ball de Gitanes de la Bisbal y la Colla Castellera de la Bisbal del Pened\u00e8s), la cena al aire libre, el castillo de fuegos, las <em>matinades<\/em> y el espect\u00e1culo infantil itinerante. Tambi\u00e9n tendr\u00e1n lugar actuaciones en el entoldado con el aforo limitado e inscripci\u00f3n previa, dirigidos a empadronados y personas que tengan una segunda residencia en la Bisbal del Pened\u00e8s.<\/span><\/p>\n<p style=\"text-align: justify;\"><span style=\"color: #000000;\">La alcaldesa Ang\u00e8s Ferr\u00e9 ha explicado que \u201cel objetivo es que podamos organizar una fiesta dirigida a toda la gente de la Bisbal pero evitar masificaciones y como tenemos que preservar las medidas de distanciamiento y, a la vez, habr\u00e1 muchos actos con aforo limitado, dadas las circunstancias actuales marcadas por la Covid-19 hemos considerado oportuno limitar la asistencia a los actos a los vecinos del municipio\u201d.<\/span><\/p>\n<p style=\"text-align: justify;\"><span style=\"color: #000000;\">Entre los actos que tendr\u00e1n el aforo limitado se encuentran las actuaciones en el entoldado, para las que ser\u00e1 imprescindible hacer una inscripci\u00f3n previa. Se llevar\u00e1 a cabo un concierto de Fiesta Mayor con la Orquestra Selvatana y un concierto de jazz con el grupo EmsembleB\u00e9, organizado por las Corals Antistiana. Desde el Club de ajedrez de la Societat tambi\u00e9n se han organizado las partidas de ajedrez al aire libre, con inscripci\u00f3n previa, y la Joventut Bisbalenca CF. har\u00e1 el tradicional partido de f\u00fatbol de Fiesta Mayor a puerta cerrada.<\/span><\/p>\n<p style=\"text-align: justify;\"><span style=\"color: #000000;\">Teniendo en cuenta las circunstancias actuales, el Ayuntamiento ha previsto emitir, a trav\u00e9s de Youtube, el preg\u00f3n de la Fiesta Mayor -que ir\u00e1 a cargo de los alumnos de 6\u00ba de primaria de la Escola Ull de Vent y un v\u00eddeo especial con las collas castelleras que este a\u00f1o no podr\u00e1n participar en la Diada Castellera del 15 de agosto.<\/span><\/p>\n<p style=\"text-align: justify;\"><span style=\"color: #000000;\">El uso de la mascarilla ser\u00e1 obligatorio en todos los actos, tanto en los que se hagan en la calle como en los que se lleven a cabo en otros espacios, como por ejemplo el entoldado. Por este motivo, el Ayuntamiento repartir\u00e1 unas mascarillas que ha confeccionado especialmente para la Fiesta Mayor que est\u00e1n inspiradas en el vestuario de las entidades de cultura popular de la Bisbal.<\/span><\/p>\n<p style=\"text-align: justify;\"><span style=\"color: #000000;\">En cuanto al programa de la Fiesta Mayor, este se har\u00e1 llegar -a partir de hoy martes 4 de agosto- a todos los hogares en formato papel y tambi\u00e9n se publicar\u00e1 en la aplicaci\u00f3n eBando para que los vecinos lo puedan consultar y descargar.<\/span><\/p>\n<p style=\"text-align: justify;\"><span style=\"color: #000000;\">\u00a0<\/span><\/p>\n","protected":false},"excerpt":{"rendered":"<p>La Bisbal del Pened\u00e8s ha preparat una Festa Major adaptada a les circumst\u00e0ncies actuals, marcades per la situaci\u00f3 generada per la Covid-19. Amb el nom de \u2018Festa Major emmascarada\u2019, dur\u00e0 &hellip; <a href=\"https:\/\/bisbalpenedes.com\/web\/2020\/08\/04\/la-bisbal-celebrara-la-festa-major-emmascarada-del-14-al-16-dagost-avui-dimarts-es-comencara-a-repartir-el-programa-per-les-cases\/\" class=\"more-link\">Read More<\/a><\/p>\n","protected":false},"author":4,"featured_media":14247,"comment_status":"closed","ping_status":"closed","sticky":false,"template":"","format":"standard","meta":[],"categories":[2161,1042,8],"tags":[280,3964,393],"_links":{"self":[{"href":"https:\/\/bisbalpenedes.com\/web\/wp-json\/wp\/v2\/posts\/14243"}],"collection":[{"href":"https:\/\/bisbalpenedes.com\/web\/wp-json\/wp\/v2\/posts"}],"about":[{"href":"https:\/\/bisbalpenedes.com\/web\/wp-json\/wp\/v2\/types\/post"}],"author":[{"embeddable":true,"href":"https:\/\/bisbalpenedes.com\/web\/wp-json\/wp\/v2\/users\/4"}],"replies":[{"embeddable":true,"href":"https:\/\/bisbalpenedes.com\/web\/wp-json\/wp\/v2\/comments?post=14243"}],"version-history":[{"count":4,"href":"https:\/\/bisbalpenedes.com\/web\/wp-json\/wp\/v2\/posts\/14243\/revisions"}],"predecessor-version":[{"id":14249,"href":"https:\/\/bisbalpenedes.com\/web\/wp-json\/wp\/v2\/posts\/14243\/revisions\/14249"}],"wp:featuredmedia":[{"embeddable":true,"href":"https:\/\/bisbalpenedes.com\/web\/wp-json\/wp\/v2\/media\/14247"}],"wp:attachment":[{"href":"https:\/\/bisbalpenedes.com\/web\/wp-json\/wp\/v2\/media?parent=14243"}],"wp:term":[{"taxonomy":"category","embeddable":true,"href":"https:\/\/bisbalpenedes.com\/web\/wp-json\/wp\/v2\/categories?post=14243"},{"taxonomy":"post_tag","embeddable":true,"href":"https:\/\/bisbalpenedes.com\/web\/wp-json\/wp\/v2\/tags?post=14243"}],"curies":[{"name":"wp","href":"https:\/\/api.w.org\/{rel}","templated":true}]}}