{"id":14239,"date":"2020-08-03T20:52:11","date_gmt":"2020-08-03T18:52:11","guid":{"rendered":"http:\/\/bisbalpenedes.com\/web\/?p=14239"},"modified":"2020-08-03T20:52:11","modified_gmt":"2020-08-03T18:52:11","slug":"sha-convocat-un-ple-extraordinari-i-urgent-per-al-dimarts-4-dagost-a-les-1930h","status":"publish","type":"post","link":"https:\/\/bisbalpenedes.com\/web\/2020\/08\/03\/sha-convocat-un-ple-extraordinari-i-urgent-per-al-dimarts-4-dagost-a-les-1930h\/","title":{"rendered":"S\u2019ha convocat un Ple extraordinari i urgent per al dimarts 4 d\u2019agost a les 19:30h"},"content":{"rendered":"<p style=\"text-align: justify;\"><span style=\"color: #000000;\">Aquest dimarts 4 d\u2019agost, a les 19:30h, tindr\u00e0 lloc un Ple extraordinari i urgent a l\u2019Ajuntament de la Bisbal del Pened\u00e8s. <\/span><\/p>\n<p style=\"text-align: justify;\"><span style=\"color: #000000;\">En primer lloc, s\u2019haur\u00e0 d\u2019aprovar la urg\u00e8ncia del punt que s\u2019hi abordar\u00e0, que \u00e9s el seg\u00fcent: \u201cDeclarar d\u2019ofici la nul\u00b7litat de ple dret de l\u2019acord del Ple del 17 de setembre de 2013, aix\u00ed com del contracte d\u2019arrendament subscrit el 30 d\u2019octubre de 2013, d\u2019acord amb el Dictamen em\u00e8s per la Comissi\u00f3 Jur\u00eddica Assessora de la Generalitat de Catalunya\u201d.<\/span><\/p>\n<p style=\"text-align: justify;\"><span style=\"color: #000000;\">Aquest dilluns 3 d\u2019agost a la tarda s\u2019ha registrat electr\u00f2nicament a l\u2019Ajuntament de la Bisbal del Pened\u00e8s el Dictamen de la Comissi\u00f3 Jur\u00eddica Assessora i l\u2019Ajuntament compta amb dos dies per prendre l\u2019acord. Per aquest motiu s\u2019ha convocat aquest Ple, de car\u00e0cter urgent, per al dimarts 4 d\u2019agost a les 19:30h.<\/span><\/p>\n<p style=\"text-align: justify;\"><span style=\"color: #000000;\">El ple se celebrar\u00e0 de forma presencial i a porta tancada per poder garantir totes les mesures de prevenci\u00f3 de contagis per la Covid-19. Posteriorment es podr\u00e0 veure l\u2019enregistrament a Youtube.<\/span><\/p>\n<hr \/>\n<p style=\"text-align: justify;\"><span style=\"color: #000000;\"><strong>CASTELLANO |<\/strong> Este martes 4 de agosto, a las 19:30h, tendr\u00e1 lugar un Pleno extraordinario y urgente en el Ayuntamiento de la Bisbal del Pened\u00e8s.<\/span><\/p>\n<p style=\"text-align: justify;\"><span style=\"color: #000000;\">En primer lugar, se tendr\u00e1 que aprobar la urgencia del punto que se abordar\u00e1, que es el siguiente: \u201cDeclarar de oficio la nulidad de pleno derecho del acuerdo del Pleno del 17 de septiembre de 2013, as\u00ed como del contrato de arrendamiento subscrito el 30 de octubre de 2013, de acuerdo con el Dictamen emitido por la Comisi\u00f3n Jur\u00eddica Asesora de la Generalitat de Catalunya\u201d.<\/span><\/p>\n<p style=\"text-align: justify;\"><span style=\"color: #000000;\">Este lunes 3 de agosto por la tarde se ha registrado electr\u00f3nicamente en el Ayuntamiento de la Bisbal del Pened\u00e8s el Dictamen de la Comisi\u00f3n Jur\u00eddica Asesora y el Ayuntamiento cuento con dos d\u00edas para tomar un acuerdo. Por este motivo se ha convocado este Pleno, de car\u00e1cter urgente, para el martes 4 de agosto a las 19:30h.<\/span><\/p>\n<p style=\"text-align: justify;\"><span style=\"color: #000000;\">El Pleno se celebrar\u00e1 de forma presencial y a puerta cerrada para poder garantizar todas las medidas de prevenci\u00f3n de contagios por la Covid-19. Posteriormente se podr\u00e1 ver la grabaci\u00f3n en Youtube.<\/span><\/p>\n","protected":false},"excerpt":{"rendered":"<p>Aquest dimarts 4 d\u2019agost, a les 19:30h, tindr\u00e0 lloc un Ple extraordinari i urgent a l\u2019Ajuntament de la Bisbal del Pened\u00e8s. En primer lloc, s\u2019haur\u00e0 d\u2019aprovar la urg\u00e8ncia del punt &hellip; <a href=\"https:\/\/bisbalpenedes.com\/web\/2020\/08\/03\/sha-convocat-un-ple-extraordinari-i-urgent-per-al-dimarts-4-dagost-a-les-1930h\/\" class=\"more-link\">Read More<\/a><\/p>\n","protected":false},"author":4,"featured_media":8717,"comment_status":"closed","ping_status":"closed","sticky":false,"template":"","format":"standard","meta":[],"categories":[8,2250],"tags":[423,3963],"_links":{"self":[{"href":"https:\/\/bisbalpenedes.com\/web\/wp-json\/wp\/v2\/posts\/14239"}],"collection":[{"href":"https:\/\/bisbalpenedes.com\/web\/wp-json\/wp\/v2\/posts"}],"about":[{"href":"https:\/\/bisbalpenedes.com\/web\/wp-json\/wp\/v2\/types\/post"}],"author":[{"embeddable":true,"href":"https:\/\/bisbalpenedes.com\/web\/wp-json\/wp\/v2\/users\/4"}],"replies":[{"embeddable":true,"href":"https:\/\/bisbalpenedes.com\/web\/wp-json\/wp\/v2\/comments?post=14239"}],"version-history":[{"count":1,"href":"https:\/\/bisbalpenedes.com\/web\/wp-json\/wp\/v2\/posts\/14239\/revisions"}],"predecessor-version":[{"id":14240,"href":"https:\/\/bisbalpenedes.com\/web\/wp-json\/wp\/v2\/posts\/14239\/revisions\/14240"}],"wp:featuredmedia":[{"embeddable":true,"href":"https:\/\/bisbalpenedes.com\/web\/wp-json\/wp\/v2\/media\/8717"}],"wp:attachment":[{"href":"https:\/\/bisbalpenedes.com\/web\/wp-json\/wp\/v2\/media?parent=14239"}],"wp:term":[{"taxonomy":"category","embeddable":true,"href":"https:\/\/bisbalpenedes.com\/web\/wp-json\/wp\/v2\/categories?post=14239"},{"taxonomy":"post_tag","embeddable":true,"href":"https:\/\/bisbalpenedes.com\/web\/wp-json\/wp\/v2\/tags?post=14239"}],"curies":[{"name":"wp","href":"https:\/\/api.w.org\/{rel}","templated":true}]}}