{"id":14234,"date":"2020-08-03T15:38:26","date_gmt":"2020-08-03T13:38:26","guid":{"rendered":"http:\/\/bisbalpenedes.com\/web\/?p=14234"},"modified":"2020-08-03T15:39:30","modified_gmt":"2020-08-03T13:39:30","slug":"ja-sha-publicat-ledicio-dels-mesos-de-juliol-i-agost-de-2020-de-la-revista-municipal-torre-de-guait","status":"publish","type":"post","link":"https:\/\/bisbalpenedes.com\/web\/2020\/08\/03\/ja-sha-publicat-ledicio-dels-mesos-de-juliol-i-agost-de-2020-de-la-revista-municipal-torre-de-guait\/","title":{"rendered":"Ja s&#8217;ha publicat l&#8217;edici\u00f3 dels mesos de juliol i agost de 2020 de la revista municipal Torre de Guaita"},"content":{"rendered":"<p class=\"p1\"><a href=\"http:\/\/bisbalpenedes.com\/web\/wp-content\/uploads\/2020\/08\/TorreDeGuaita36-Juliol-Agost-2020.pdf\"><img loading=\"lazy\" class=\"aligncenter size-large wp-image-14235\" src=\"http:\/\/bisbalpenedes.com\/web\/wp-content\/uploads\/2020\/08\/04A45B12-CD35-42F7-9476-0862241A87D0-725x1024.jpeg\" alt=\"04A45B12-CD35-42F7-9476-0862241A87D0\" width=\"630\" height=\"890\" srcset=\"https:\/\/bisbalpenedes.com\/web\/wp-content\/uploads\/2020\/08\/04A45B12-CD35-42F7-9476-0862241A87D0-725x1024.jpeg 725w, https:\/\/bisbalpenedes.com\/web\/wp-content\/uploads\/2020\/08\/04A45B12-CD35-42F7-9476-0862241A87D0-600x848.jpeg 600w, https:\/\/bisbalpenedes.com\/web\/wp-content\/uploads\/2020\/08\/04A45B12-CD35-42F7-9476-0862241A87D0-212x300.jpeg 212w, https:\/\/bisbalpenedes.com\/web\/wp-content\/uploads\/2020\/08\/04A45B12-CD35-42F7-9476-0862241A87D0-768x1085.jpeg 768w, https:\/\/bisbalpenedes.com\/web\/wp-content\/uploads\/2020\/08\/04A45B12-CD35-42F7-9476-0862241A87D0.jpeg 1241w\" sizes=\"(max-width: 630px) 100vw, 630px\" \/><\/a><\/p>\n<p class=\"p1\"><span class=\"s1\" style=\"color: #000000;\">Ja s&#8217;ha publicat l&#8217;edici\u00f3 dels mesos de juliol i agost de 2020 de la revista municipal Torre de Guaita. Avui dilluns s&#8217;ha comen\u00e7at a repartir l&#8217;edici\u00f3 en paper.<\/span><\/p>\n<p class=\"p1\"><span style=\"color: #000000;\"><span class=\"s1\">Us podeu descarregar la revista en format digital accedint a<\/span>\u00a0l&#8217;enlla\u00e7:\u00a0<a style=\"color: #000000;\" href=\"https:\/\/bit.ly\/39SSaly\">https:\/\/bit.ly\/39SSaly<\/a><\/span><\/p>\n<hr \/>\n<p class=\"p1\"><span style=\"color: #000000;\"><span class=\"s1\">Ya se ha publicado la edici\u00f3n de los meses de julio y agosto de 2020 de la revista municipal Torre de Guaita. Hoy lunes se ha empezado a repartir la edici\u00f3n en papel.\u00a0<\/span><span class=\"s1\">Os pod\u00e9is descargar la revista en formato digital accediendo al enlace:<\/span>\u00a0<a style=\"color: #000000;\" href=\"https:\/\/bit.ly\/39SSaly\">https:\/\/bit.ly\/39SSaly<\/a><\/span><\/p>\n","protected":false},"excerpt":{"rendered":"<p>Ja s&#8217;ha publicat l&#8217;edici\u00f3 dels mesos de juliol i agost de 2020 de la revista municipal Torre de Guaita. Avui dilluns s&#8217;ha comen\u00e7at a repartir l&#8217;edici\u00f3 en paper. Us podeu &hellip; <a href=\"https:\/\/bisbalpenedes.com\/web\/2020\/08\/03\/ja-sha-publicat-ledicio-dels-mesos-de-juliol-i-agost-de-2020-de-la-revista-municipal-torre-de-guait\/\" class=\"more-link\">Read More<\/a><\/p>\n","protected":false},"author":4,"featured_media":14235,"comment_status":"closed","ping_status":"closed","sticky":false,"template":"","format":"standard","meta":[],"categories":[8,2607],"tags":[2609,2608],"_links":{"self":[{"href":"https:\/\/bisbalpenedes.com\/web\/wp-json\/wp\/v2\/posts\/14234"}],"collection":[{"href":"https:\/\/bisbalpenedes.com\/web\/wp-json\/wp\/v2\/posts"}],"about":[{"href":"https:\/\/bisbalpenedes.com\/web\/wp-json\/wp\/v2\/types\/post"}],"author":[{"embeddable":true,"href":"https:\/\/bisbalpenedes.com\/web\/wp-json\/wp\/v2\/users\/4"}],"replies":[{"embeddable":true,"href":"https:\/\/bisbalpenedes.com\/web\/wp-json\/wp\/v2\/comments?post=14234"}],"version-history":[{"count":3,"href":"https:\/\/bisbalpenedes.com\/web\/wp-json\/wp\/v2\/posts\/14234\/revisions"}],"predecessor-version":[{"id":14238,"href":"https:\/\/bisbalpenedes.com\/web\/wp-json\/wp\/v2\/posts\/14234\/revisions\/14238"}],"wp:featuredmedia":[{"embeddable":true,"href":"https:\/\/bisbalpenedes.com\/web\/wp-json\/wp\/v2\/media\/14235"}],"wp:attachment":[{"href":"https:\/\/bisbalpenedes.com\/web\/wp-json\/wp\/v2\/media?parent=14234"}],"wp:term":[{"taxonomy":"category","embeddable":true,"href":"https:\/\/bisbalpenedes.com\/web\/wp-json\/wp\/v2\/categories?post=14234"},{"taxonomy":"post_tag","embeddable":true,"href":"https:\/\/bisbalpenedes.com\/web\/wp-json\/wp\/v2\/tags?post=14234"}],"curies":[{"name":"wp","href":"https:\/\/api.w.org\/{rel}","templated":true}]}}