{"id":14222,"date":"2020-08-03T11:44:52","date_gmt":"2020-08-03T09:44:52","guid":{"rendered":"http:\/\/bisbalpenedes.com\/web\/?p=14222"},"modified":"2020-08-03T11:45:09","modified_gmt":"2020-08-03T09:45:09","slug":"continua-el-casaldestiu-2020","status":"publish","type":"post","link":"https:\/\/bisbalpenedes.com\/web\/2020\/08\/03\/continua-el-casaldestiu-2020\/","title":{"rendered":"Continua el Casal d&#8217;Estiu 2020"},"content":{"rendered":"<p>Deixem enrere el mes de juliol i engeguem el mes d&#8217;agost amb alegria, somriures i moltes activitats.<\/p>\n<p>El Casal d&#8217;Estiu continuar\u00e0 fins al 10 de setembre i nom\u00e9s s&#8217;aturar\u00e0 la setmana de la Festa Major (del 10 al 16 d&#8217;agost).<\/p>\n<p>*El Casal est\u00e0 adaptat a les mesures sanit\u00e0ries de la Covid-19.<\/p>\n<p>M\u00e9s informaci\u00f3 al cartell adjunt.<\/p>\n<hr \/>\n<p><b>CASTELLANO<\/b> | Dejamos atr\u00e1s el mes de julio y arrancamos el mes de agosto con alegr\u00eda, sonrisas y muchas actividades.<\/p>\n<p>El Casal d&#8217;Estiu continuar\u00e1 hasta el 10 de septiembre y solo parar\u00e1 la semana de la Fiesta Mayor (del 10 al 16 de agosto).<\/p>\n<p>*El Casal est\u00e1 adaptado a las medidas sanitarias de la Covid-19.<\/p>\n<p>M\u00e1s informaci\u00f3n en el cartel adjunto.<\/p>\n<p><a href=\"http:\/\/bisbalpenedes.com\/web\/wp-content\/uploads\/2020\/08\/33ECDBAB-831B-4443-AD58-20F5068052FC.jpeg\"><img loading=\"lazy\" class=\"aligncenter size-full wp-image-14223\" src=\"http:\/\/bisbalpenedes.com\/web\/wp-content\/uploads\/2020\/08\/33ECDBAB-831B-4443-AD58-20F5068052FC.jpeg\" alt=\"33ECDBAB-831B-4443-AD58-20F5068052FC\" width=\"1024\" height=\"1024\" srcset=\"https:\/\/bisbalpenedes.com\/web\/wp-content\/uploads\/2020\/08\/33ECDBAB-831B-4443-AD58-20F5068052FC.jpeg 1024w, https:\/\/bisbalpenedes.com\/web\/wp-content\/uploads\/2020\/08\/33ECDBAB-831B-4443-AD58-20F5068052FC-300x300.jpeg 300w, https:\/\/bisbalpenedes.com\/web\/wp-content\/uploads\/2020\/08\/33ECDBAB-831B-4443-AD58-20F5068052FC-100x100.jpeg 100w, https:\/\/bisbalpenedes.com\/web\/wp-content\/uploads\/2020\/08\/33ECDBAB-831B-4443-AD58-20F5068052FC-600x600.jpeg 600w, https:\/\/bisbalpenedes.com\/web\/wp-content\/uploads\/2020\/08\/33ECDBAB-831B-4443-AD58-20F5068052FC-150x150.jpeg 150w, https:\/\/bisbalpenedes.com\/web\/wp-content\/uploads\/2020\/08\/33ECDBAB-831B-4443-AD58-20F5068052FC-768x768.jpeg 768w\" sizes=\"(max-width: 1024px) 100vw, 1024px\" \/><\/a><\/p>\n","protected":false},"excerpt":{"rendered":"<p>Deixem enrere el mes de juliol i engeguem el mes d&#8217;agost amb alegria, somriures i moltes activitats. El Casal d&#8217;Estiu continuar\u00e0 fins al 10 de setembre i nom\u00e9s s&#8217;aturar\u00e0 la &hellip; <a href=\"https:\/\/bisbalpenedes.com\/web\/2020\/08\/03\/continua-el-casaldestiu-2020\/\" class=\"more-link\">Read More<\/a><\/p>\n","protected":false},"author":4,"featured_media":0,"comment_status":"closed","ping_status":"closed","sticky":false,"template":"","format":"standard","meta":[],"categories":[398,8],"tags":[244],"_links":{"self":[{"href":"https:\/\/bisbalpenedes.com\/web\/wp-json\/wp\/v2\/posts\/14222"}],"collection":[{"href":"https:\/\/bisbalpenedes.com\/web\/wp-json\/wp\/v2\/posts"}],"about":[{"href":"https:\/\/bisbalpenedes.com\/web\/wp-json\/wp\/v2\/types\/post"}],"author":[{"embeddable":true,"href":"https:\/\/bisbalpenedes.com\/web\/wp-json\/wp\/v2\/users\/4"}],"replies":[{"embeddable":true,"href":"https:\/\/bisbalpenedes.com\/web\/wp-json\/wp\/v2\/comments?post=14222"}],"version-history":[{"count":2,"href":"https:\/\/bisbalpenedes.com\/web\/wp-json\/wp\/v2\/posts\/14222\/revisions"}],"predecessor-version":[{"id":14225,"href":"https:\/\/bisbalpenedes.com\/web\/wp-json\/wp\/v2\/posts\/14222\/revisions\/14225"}],"wp:attachment":[{"href":"https:\/\/bisbalpenedes.com\/web\/wp-json\/wp\/v2\/media?parent=14222"}],"wp:term":[{"taxonomy":"category","embeddable":true,"href":"https:\/\/bisbalpenedes.com\/web\/wp-json\/wp\/v2\/categories?post=14222"},{"taxonomy":"post_tag","embeddable":true,"href":"https:\/\/bisbalpenedes.com\/web\/wp-json\/wp\/v2\/tags?post=14222"}],"curies":[{"name":"wp","href":"https:\/\/api.w.org\/{rel}","templated":true}]}}