{"id":14217,"date":"2020-08-03T10:47:55","date_gmt":"2020-08-03T08:47:55","guid":{"rendered":"http:\/\/bisbalpenedes.com\/web\/?p=14217"},"modified":"2020-08-03T10:57:34","modified_gmt":"2020-08-03T08:57:34","slug":"mapa-del-pla-alfa-de-prevencio-dincendis-el-baix-penedes-baixa-al-nivell-1","status":"publish","type":"post","link":"https:\/\/bisbalpenedes.com\/web\/2020\/08\/03\/mapa-del-pla-alfa-de-prevencio-dincendis-el-baix-penedes-baixa-al-nivell-1\/","title":{"rendered":"Mapa del Pla Alfa de prevenci\u00f3 d&#8217;incendis &#8211; El Baix Pened\u00e8s baixa al nivell 1"},"content":{"rendered":"<p><span style=\"color: #000000;\">Continua actiu el Pla Alfa per risc d\u2019incendi forestal per\u00f2 el Baix Pened\u00e8s baixa a nivell 1. Seguiu els consells d&#8217;autoprotecci\u00f3 de Protecci\u00f3 Civil. <\/span><br \/>\n<span style=\"color: #000000;\">Per a m\u00e9s informaci\u00f3 sobre prevenci\u00f3 d&#8217;incendis podeu accedir al web:\u00a0<a href=\"http:\/\/interior.gencat.cat\/ca\/arees_dactuacio\/proteccio_civil\/consells_autoproteccio_emergencia\/riscos_naturals\/incendi_del_bosc\/#bloc4\">http:\/\/interior.gencat.cat\/ca\/arees_dactuacio\/proteccio_civil\/consells_autoproteccio_emergencia\/riscos_naturals\/incendi_del_bosc\/#bloc4<\/a><\/span><\/p>\n<hr \/>\n<p><b>CASTELLANO<\/b> | Contin\u00faa activo el Plan Alfa por riesgo de incendio forestal pero el Baix Pened\u00e8s baja a nivel 1. Seguid los consejos de autoprotecci\u00f3n de Protecci\u00f3n Civil.<br \/>\nPara m\u00e1s informaci\u00f3n sobre prevenci\u00f3n de incendios pod\u00e9is acceder a la web: <a href=\"http:\/\/interior.gencat.cat\/ca\/arees_dactuacio\/proteccio_civil\/consells_autoproteccio_emergencia\/riscos_naturals\/incendi_del_bosc\/#bloc4\" target=\"_blank\">http:\/\/interior.gencat.cat\/ca\/arees_dactuacio\/proteccio_civil\/consells_autoproteccio_emergencia\/riscos_naturals\/incendi_del_bosc\/#bloc4<\/a><\/p>\n<p><a href=\"http:\/\/bisbalpenedes.com\/web\/wp-content\/uploads\/2020\/08\/4C750E46-8789-49AF-B081-DA9F35B0EF2F.gif\"><img loading=\"lazy\" class=\"aligncenter size-large wp-image-14213\" src=\"http:\/\/bisbalpenedes.com\/web\/wp-content\/uploads\/2020\/08\/4C750E46-8789-49AF-B081-DA9F35B0EF2F-723x1024.gif\" alt=\"4C750E46-8789-49AF-B081-DA9F35B0EF2F\" width=\"630\" height=\"892\" srcset=\"https:\/\/bisbalpenedes.com\/web\/wp-content\/uploads\/2020\/08\/4C750E46-8789-49AF-B081-DA9F35B0EF2F-723x1024.gif 723w, https:\/\/bisbalpenedes.com\/web\/wp-content\/uploads\/2020\/08\/4C750E46-8789-49AF-B081-DA9F35B0EF2F-600x849.gif 600w, https:\/\/bisbalpenedes.com\/web\/wp-content\/uploads\/2020\/08\/4C750E46-8789-49AF-B081-DA9F35B0EF2F-212x300.gif 212w, https:\/\/bisbalpenedes.com\/web\/wp-content\/uploads\/2020\/08\/4C750E46-8789-49AF-B081-DA9F35B0EF2F-768x1087.gif 768w\" sizes=\"(max-width: 630px) 100vw, 630px\" \/><br \/>\n<\/a><a href=\"http:\/\/bisbalpenedes.com\/web\/wp-content\/uploads\/2020\/07\/INCENDIS-FORESTALS.jpg\"><img loading=\"lazy\" class=\"aligncenter size-full wp-image-14200\" src=\"http:\/\/bisbalpenedes.com\/web\/wp-content\/uploads\/2020\/07\/INCENDIS-FORESTALS.jpg\" alt=\"INCENDIS FORESTALS\" width=\"671\" height=\"960\" srcset=\"https:\/\/bisbalpenedes.com\/web\/wp-content\/uploads\/2020\/07\/INCENDIS-FORESTALS.jpg 671w, https:\/\/bisbalpenedes.com\/web\/wp-content\/uploads\/2020\/07\/INCENDIS-FORESTALS-600x858.jpg 600w, https:\/\/bisbalpenedes.com\/web\/wp-content\/uploads\/2020\/07\/INCENDIS-FORESTALS-210x300.jpg 210w\" sizes=\"(max-width: 671px) 100vw, 671px\" \/><\/a><\/p>\n","protected":false},"excerpt":{"rendered":"<p>Continua actiu el Pla Alfa per risc d\u2019incendi forestal per\u00f2 el Baix Pened\u00e8s baixa a nivell 1. Seguiu els consells d&#8217;autoprotecci\u00f3 de Protecci\u00f3 Civil. Per a m\u00e9s informaci\u00f3 sobre prevenci\u00f3 &hellip; <a href=\"https:\/\/bisbalpenedes.com\/web\/2020\/08\/03\/mapa-del-pla-alfa-de-prevencio-dincendis-el-baix-penedes-baixa-al-nivell-1\/\" class=\"more-link\">Read More<\/a><\/p>\n","protected":false},"author":4,"featured_media":14213,"comment_status":"closed","ping_status":"closed","sticky":false,"template":"","format":"standard","meta":[],"categories":[1628,8],"tags":[295,886],"_links":{"self":[{"href":"https:\/\/bisbalpenedes.com\/web\/wp-json\/wp\/v2\/posts\/14217"}],"collection":[{"href":"https:\/\/bisbalpenedes.com\/web\/wp-json\/wp\/v2\/posts"}],"about":[{"href":"https:\/\/bisbalpenedes.com\/web\/wp-json\/wp\/v2\/types\/post"}],"author":[{"embeddable":true,"href":"https:\/\/bisbalpenedes.com\/web\/wp-json\/wp\/v2\/users\/4"}],"replies":[{"embeddable":true,"href":"https:\/\/bisbalpenedes.com\/web\/wp-json\/wp\/v2\/comments?post=14217"}],"version-history":[{"count":4,"href":"https:\/\/bisbalpenedes.com\/web\/wp-json\/wp\/v2\/posts\/14217\/revisions"}],"predecessor-version":[{"id":14221,"href":"https:\/\/bisbalpenedes.com\/web\/wp-json\/wp\/v2\/posts\/14217\/revisions\/14221"}],"wp:featuredmedia":[{"embeddable":true,"href":"https:\/\/bisbalpenedes.com\/web\/wp-json\/wp\/v2\/media\/14213"}],"wp:attachment":[{"href":"https:\/\/bisbalpenedes.com\/web\/wp-json\/wp\/v2\/media?parent=14217"}],"wp:term":[{"taxonomy":"category","embeddable":true,"href":"https:\/\/bisbalpenedes.com\/web\/wp-json\/wp\/v2\/categories?post=14217"},{"taxonomy":"post_tag","embeddable":true,"href":"https:\/\/bisbalpenedes.com\/web\/wp-json\/wp\/v2\/tags?post=14217"}],"curies":[{"name":"wp","href":"https:\/\/api.w.org\/{rel}","templated":true}]}}