{"id":14212,"date":"2020-08-02T09:26:23","date_gmt":"2020-08-02T07:26:23","guid":{"rendered":"http:\/\/bisbalpenedes.com\/web\/?p=14212"},"modified":"2020-08-02T09:26:23","modified_gmt":"2020-08-02T07:26:23","slug":"continua-actiu-el-pla-alfa-alt-risc-dincendis","status":"publish","type":"post","link":"https:\/\/bisbalpenedes.com\/web\/2020\/08\/02\/continua-actiu-el-pla-alfa-alt-risc-dincendis\/","title":{"rendered":"Continua actiu el Pla Alfa &#8211; Alt risc d&#8217;incendis"},"content":{"rendered":"<p>Continua actiu el Pla Alfa per risc d\u2019incendi forestal. Seguiu els consells d&#8217;autoprotecci\u00f3 de Protecci\u00f3 Civil. Per a m\u00e9s informaci\u00f3 sobre prevenci\u00f3n d&#8217;incendis podeu accedir al web:\u00a0<a href=\"http:\/\/interior.gencat.cat\/ca\/arees_dactuacio\/proteccio_civil\/consells_autoproteccio_emergencia\/riscos_naturals\/incendi_del_bosc\/#bloc4\" target=\"_blank\">http:\/\/interior.gencat.cat\/ca\/arees_dactuacio\/proteccio_civil\/consells_autoproteccio_emergencia\/riscos_naturals\/incendi_del_bosc\/#bloc4<\/a><\/p>\n<hr \/>\n<p>Contin\u00faa activo el Plan Alfa por riesgo de incendio forestal. Seguid los consejos de autoprotecci\u00f3n de Protecci\u00f3n Civil. Para m\u00e1s informaci\u00f3n sobre prevenci\u00f3n de incendios pod\u00e9is acceder a la web:\u00a0<a href=\"http:\/\/interior.gencat.cat\/ca\/arees_dactuacio\/proteccio_civil\/consells_autoproteccio_emergencia\/riscos_naturals\/incendi_del_bosc\/#bloc4\" target=\"_blank\">http:\/\/interior.gencat.cat\/ca\/arees_dactuacio\/proteccio_civil\/consells_autoproteccio_emergencia\/riscos_naturals\/incendi_del_bosc\/#bloc4<\/a><\/p>\n<p><a href=\"http:\/\/bisbalpenedes.com\/web\/wp-content\/uploads\/2020\/08\/4C750E46-8789-49AF-B081-DA9F35B0EF2F.gif\"><img loading=\"lazy\" class=\"aligncenter size-large wp-image-14213\" src=\"http:\/\/bisbalpenedes.com\/web\/wp-content\/uploads\/2020\/08\/4C750E46-8789-49AF-B081-DA9F35B0EF2F-723x1024.gif\" alt=\"4C750E46-8789-49AF-B081-DA9F35B0EF2F\" width=\"630\" height=\"892\" srcset=\"https:\/\/bisbalpenedes.com\/web\/wp-content\/uploads\/2020\/08\/4C750E46-8789-49AF-B081-DA9F35B0EF2F-723x1024.gif 723w, https:\/\/bisbalpenedes.com\/web\/wp-content\/uploads\/2020\/08\/4C750E46-8789-49AF-B081-DA9F35B0EF2F-600x849.gif 600w, https:\/\/bisbalpenedes.com\/web\/wp-content\/uploads\/2020\/08\/4C750E46-8789-49AF-B081-DA9F35B0EF2F-212x300.gif 212w, https:\/\/bisbalpenedes.com\/web\/wp-content\/uploads\/2020\/08\/4C750E46-8789-49AF-B081-DA9F35B0EF2F-768x1087.gif 768w\" sizes=\"(max-width: 630px) 100vw, 630px\" \/><br \/>\n<\/a><a href=\"http:\/\/bisbalpenedes.com\/web\/wp-content\/uploads\/2020\/07\/INCENDIS-FORESTALS.jpg\"><img loading=\"lazy\" class=\"aligncenter size-full wp-image-14200\" src=\"http:\/\/bisbalpenedes.com\/web\/wp-content\/uploads\/2020\/07\/INCENDIS-FORESTALS.jpg\" alt=\"INCENDIS FORESTALS\" width=\"671\" height=\"960\" srcset=\"https:\/\/bisbalpenedes.com\/web\/wp-content\/uploads\/2020\/07\/INCENDIS-FORESTALS.jpg 671w, https:\/\/bisbalpenedes.com\/web\/wp-content\/uploads\/2020\/07\/INCENDIS-FORESTALS-600x858.jpg 600w, https:\/\/bisbalpenedes.com\/web\/wp-content\/uploads\/2020\/07\/INCENDIS-FORESTALS-210x300.jpg 210w\" sizes=\"(max-width: 671px) 100vw, 671px\" \/><\/a><\/p>\n","protected":false},"excerpt":{"rendered":"<p>Continua actiu el Pla Alfa per risc d\u2019incendi forestal. Seguiu els consells d&#8217;autoprotecci\u00f3 de Protecci\u00f3 Civil. Per a m\u00e9s informaci\u00f3 sobre prevenci\u00f3n d&#8217;incendis podeu accedir al web:\u00a0http:\/\/interior.gencat.cat\/ca\/arees_dactuacio\/proteccio_civil\/consells_autoproteccio_emergencia\/riscos_naturals\/incendi_del_bosc\/#bloc4 Contin\u00faa activo el &hellip; <a href=\"https:\/\/bisbalpenedes.com\/web\/2020\/08\/02\/continua-actiu-el-pla-alfa-alt-risc-dincendis\/\" class=\"more-link\">Read More<\/a><\/p>\n","protected":false},"author":4,"featured_media":14213,"comment_status":"closed","ping_status":"closed","sticky":false,"template":"","format":"standard","meta":[],"categories":[1628,2543,8],"tags":[295,3962,886],"_links":{"self":[{"href":"https:\/\/bisbalpenedes.com\/web\/wp-json\/wp\/v2\/posts\/14212"}],"collection":[{"href":"https:\/\/bisbalpenedes.com\/web\/wp-json\/wp\/v2\/posts"}],"about":[{"href":"https:\/\/bisbalpenedes.com\/web\/wp-json\/wp\/v2\/types\/post"}],"author":[{"embeddable":true,"href":"https:\/\/bisbalpenedes.com\/web\/wp-json\/wp\/v2\/users\/4"}],"replies":[{"embeddable":true,"href":"https:\/\/bisbalpenedes.com\/web\/wp-json\/wp\/v2\/comments?post=14212"}],"version-history":[{"count":1,"href":"https:\/\/bisbalpenedes.com\/web\/wp-json\/wp\/v2\/posts\/14212\/revisions"}],"predecessor-version":[{"id":14214,"href":"https:\/\/bisbalpenedes.com\/web\/wp-json\/wp\/v2\/posts\/14212\/revisions\/14214"}],"wp:featuredmedia":[{"embeddable":true,"href":"https:\/\/bisbalpenedes.com\/web\/wp-json\/wp\/v2\/media\/14213"}],"wp:attachment":[{"href":"https:\/\/bisbalpenedes.com\/web\/wp-json\/wp\/v2\/media?parent=14212"}],"wp:term":[{"taxonomy":"category","embeddable":true,"href":"https:\/\/bisbalpenedes.com\/web\/wp-json\/wp\/v2\/categories?post=14212"},{"taxonomy":"post_tag","embeddable":true,"href":"https:\/\/bisbalpenedes.com\/web\/wp-json\/wp\/v2\/tags?post=14212"}],"curies":[{"name":"wp","href":"https:\/\/api.w.org\/{rel}","templated":true}]}}