{"id":14206,"date":"2020-08-01T09:30:12","date_gmt":"2020-08-01T07:30:12","guid":{"rendered":"http:\/\/bisbalpenedes.com\/web\/?p=14206"},"modified":"2020-08-01T09:30:12","modified_gmt":"2020-08-01T07:30:12","slug":"activat-el-pla-alfa-per-risc-dincendi-forestal-actualitzacio-010820","status":"publish","type":"post","link":"https:\/\/bisbalpenedes.com\/web\/2020\/08\/01\/activat-el-pla-alfa-per-risc-dincendi-forestal-actualitzacio-010820\/","title":{"rendered":"Activat el Pla Alfa per risc d\u2019incendi forestal &#8211; Actualitzaci\u00f3 01\/08\/20"},"content":{"rendered":"<div class=\"\" data-block=\"true\" data-editor=\"vto8\" data-offset-key=\"5n4dq-0-0\">\n<div class=\"_1mf _1mj\" data-offset-key=\"5n4dq-0-0\"><span data-offset-key=\"5n4dq-4-0\"><span style=\"color: #000000;\">Activat el Pla Alfa per risc d\u2019incendi forestal. Seguiu els consells d&#8217;autoprotecci\u00f3 de Protecci\u00f3 Civil. Per a m\u00e9s informaci\u00f3 sobre prevenci\u00f3 d&#8217;incendis podeu accedir al web:<\/span> <a href=\"http:\/\/interior.gencat.cat\/ca\/arees_dactuacio\/proteccio_civil\/consells_autoproteccio_emergencia\/riscos_naturals\/incendi_del_bosc\/#bloc4\" target=\"_blank\">http:\/\/interior.gencat.cat\/ca\/arees_dactuacio\/proteccio_civil\/consells_autoproteccio_emergencia\/riscos_naturals\/incendi_del_bosc\/#bloc4<\/a><\/span><\/div>\n<\/div>\n<div class=\"\" data-block=\"true\" data-editor=\"vto8\" data-offset-key=\"dmiut-0-0\">\n<div class=\"_1mf _1mj\" data-offset-key=\"dmiut-0-0\"><span data-offset-key=\"dmiut-0-0\">\u00a0<\/span><\/div>\n<\/div>\n<div class=\"\" data-block=\"true\" data-editor=\"vto8\" data-offset-key=\"e1e4f-0-0\">\n<div class=\"_1mf _1mj\" data-offset-key=\"e1e4f-0-0\">\n<hr \/>\n<\/div>\n<\/div>\n<div class=\"\" data-block=\"true\" data-editor=\"vto8\" data-offset-key=\"ehv4j-0-0\">\n<div class=\"_1mf _1mj\" data-offset-key=\"ehv4j-0-0\"><span data-offset-key=\"64e8k-4-0\"><span style=\"color: #000000;\">Activado el Plan Alfa por riesgo de incendio forestal. Seguid los consejos de autoprotecci\u00f3n de Protecci\u00f3n Civil. Para m\u00e1s informaci\u00f3n sobre prevenci\u00f3n de incendios pod\u00e9is acceder a la web:<\/span> <\/span><a href=\"http:\/\/interior.gencat.cat\/ca\/arees_dactuacio\/proteccio_civil\/consells_autoproteccio_emergencia\/riscos_naturals\/incendi_del_bosc\/#bloc4\" target=\"_blank\">http:\/\/interior.gencat.cat\/ca\/arees_dactuacio\/proteccio_civil\/consells_autoproteccio_emergencia\/riscos_naturals\/incendi_del_bosc\/#bloc<br \/>\n<\/a><a href=\"http:\/\/bisbalpenedes.com\/web\/wp-content\/uploads\/2020\/08\/E84CD9F1-3BED-4FFE-9DF1-090255B2E272.jpeg\"><img loading=\"lazy\" class=\"aligncenter size-large wp-image-14207\" src=\"http:\/\/bisbalpenedes.com\/web\/wp-content\/uploads\/2020\/08\/E84CD9F1-3BED-4FFE-9DF1-090255B2E272-723x1024.jpeg\" alt=\"E84CD9F1-3BED-4FFE-9DF1-090255B2E272\" width=\"630\" height=\"892\" srcset=\"https:\/\/bisbalpenedes.com\/web\/wp-content\/uploads\/2020\/08\/E84CD9F1-3BED-4FFE-9DF1-090255B2E272-723x1024.jpeg 723w, https:\/\/bisbalpenedes.com\/web\/wp-content\/uploads\/2020\/08\/E84CD9F1-3BED-4FFE-9DF1-090255B2E272-600x849.jpeg 600w, https:\/\/bisbalpenedes.com\/web\/wp-content\/uploads\/2020\/08\/E84CD9F1-3BED-4FFE-9DF1-090255B2E272-212x300.jpeg 212w, https:\/\/bisbalpenedes.com\/web\/wp-content\/uploads\/2020\/08\/E84CD9F1-3BED-4FFE-9DF1-090255B2E272-768x1087.jpeg 768w, https:\/\/bisbalpenedes.com\/web\/wp-content\/uploads\/2020\/08\/E84CD9F1-3BED-4FFE-9DF1-090255B2E272.jpeg 893w\" sizes=\"(max-width: 630px) 100vw, 630px\" \/><\/a><a href=\"http:\/\/interior.gencat.cat\/ca\/arees_dactuacio\/proteccio_civil\/consells_autoproteccio_emergencia\/riscos_naturals\/incendi_del_bosc\/#bloc4\" target=\"_blank\"><br \/>\n<\/a><a href=\"http:\/\/bisbalpenedes.com\/web\/wp-content\/uploads\/2020\/07\/INCENDIS-FORESTALS.jpg\"><img loading=\"lazy\" class=\"aligncenter size-full wp-image-14200\" src=\"http:\/\/bisbalpenedes.com\/web\/wp-content\/uploads\/2020\/07\/INCENDIS-FORESTALS.jpg\" alt=\"INCENDIS FORESTALS\" width=\"671\" height=\"960\" srcset=\"https:\/\/bisbalpenedes.com\/web\/wp-content\/uploads\/2020\/07\/INCENDIS-FORESTALS.jpg 671w, https:\/\/bisbalpenedes.com\/web\/wp-content\/uploads\/2020\/07\/INCENDIS-FORESTALS-600x858.jpg 600w, https:\/\/bisbalpenedes.com\/web\/wp-content\/uploads\/2020\/07\/INCENDIS-FORESTALS-210x300.jpg 210w\" sizes=\"(max-width: 671px) 100vw, 671px\" \/><\/a><a href=\"http:\/\/interior.gencat.cat\/ca\/arees_dactuacio\/proteccio_civil\/consells_autoproteccio_emergencia\/riscos_naturals\/incendi_del_bosc\/#bloc4\" target=\"_blank\"><br \/>\n<\/a><\/div>\n<\/div>\n","protected":false},"excerpt":{"rendered":"<p>Activat el Pla Alfa per risc d\u2019incendi forestal. Seguiu els consells d&#8217;autoprotecci\u00f3 de Protecci\u00f3 Civil. Per a m\u00e9s informaci\u00f3 sobre prevenci\u00f3 d&#8217;incendis podeu accedir al web: http:\/\/interior.gencat.cat\/ca\/arees_dactuacio\/proteccio_civil\/consells_autoproteccio_emergencia\/riscos_naturals\/incendi_del_bosc\/#bloc4 \u00a0 Activado el &hellip; <a href=\"https:\/\/bisbalpenedes.com\/web\/2020\/08\/01\/activat-el-pla-alfa-per-risc-dincendi-forestal-actualitzacio-010820\/\" class=\"more-link\">Read More<\/a><\/p>\n","protected":false},"author":4,"featured_media":14207,"comment_status":"closed","ping_status":"closed","sticky":false,"template":"","format":"standard","meta":[],"categories":[1628,2543,8],"tags":[295,3962,886],"_links":{"self":[{"href":"https:\/\/bisbalpenedes.com\/web\/wp-json\/wp\/v2\/posts\/14206"}],"collection":[{"href":"https:\/\/bisbalpenedes.com\/web\/wp-json\/wp\/v2\/posts"}],"about":[{"href":"https:\/\/bisbalpenedes.com\/web\/wp-json\/wp\/v2\/types\/post"}],"author":[{"embeddable":true,"href":"https:\/\/bisbalpenedes.com\/web\/wp-json\/wp\/v2\/users\/4"}],"replies":[{"embeddable":true,"href":"https:\/\/bisbalpenedes.com\/web\/wp-json\/wp\/v2\/comments?post=14206"}],"version-history":[{"count":1,"href":"https:\/\/bisbalpenedes.com\/web\/wp-json\/wp\/v2\/posts\/14206\/revisions"}],"predecessor-version":[{"id":14208,"href":"https:\/\/bisbalpenedes.com\/web\/wp-json\/wp\/v2\/posts\/14206\/revisions\/14208"}],"wp:featuredmedia":[{"embeddable":true,"href":"https:\/\/bisbalpenedes.com\/web\/wp-json\/wp\/v2\/media\/14207"}],"wp:attachment":[{"href":"https:\/\/bisbalpenedes.com\/web\/wp-json\/wp\/v2\/media?parent=14206"}],"wp:term":[{"taxonomy":"category","embeddable":true,"href":"https:\/\/bisbalpenedes.com\/web\/wp-json\/wp\/v2\/categories?post=14206"},{"taxonomy":"post_tag","embeddable":true,"href":"https:\/\/bisbalpenedes.com\/web\/wp-json\/wp\/v2\/tags?post=14206"}],"curies":[{"name":"wp","href":"https:\/\/api.w.org\/{rel}","templated":true}]}}