{"id":14193,"date":"2020-07-30T16:18:19","date_gmt":"2020-07-30T14:18:19","guid":{"rendered":"http:\/\/bisbalpenedes.com\/web\/?p=14193"},"modified":"2020-07-30T16:18:19","modified_gmt":"2020-07-30T14:18:19","slug":"activat-el-pla-alfa-per-risc-dincendi-forestal","status":"publish","type":"post","link":"https:\/\/bisbalpenedes.com\/web\/2020\/07\/30\/activat-el-pla-alfa-per-risc-dincendi-forestal\/","title":{"rendered":"Activat el Pla Alfa per risc d\u2019incendi forestal"},"content":{"rendered":"<p>Activat el Pla Alfa per risc d\u2019incendi forestal. Seguiu els consells d&#8217;autoprotecci\u00f3 de Protecci\u00f3 Civil. Per a m\u00e9s informaci\u00f3 podeu accedir al web: <a href=\"http:\/\/interior.gencat.cat\/ca\/arees_dactuacio\/proteccio_civil\/consells_autoproteccio_emergencia\/riscos_naturals\/incendi_del_bosc\/#bloc4\" target=\"_blank\">http:\/\/interior.gencat.cat\/ca\/arees_dactuacio\/proteccio_civil\/consells_autoproteccio_emergencia\/riscos_naturals\/incendi_del_bosc\/#bloc4<\/a><\/p>\n<hr \/>\n<p>Activado el Plan Alfa por riesgo de incendio forestal. Seguid los consejos de autoprotecci\u00f3n de Protecci\u00f3n Civil. Para m\u00e1s informaci\u00f3n pod\u00e9is acceder a la web: <a href=\"http:\/\/interior.gencat.cat\/ca\/arees_dactuacio\/proteccio_civil\/consells_autoproteccio_emergencia\/riscos_naturals\/incendi_del_bosc\/#bloc4\">http:\/\/interior.gencat.cat\/ca\/arees_dactuacio\/proteccio_civil\/consells_autoproteccio_emergencia\/riscos_naturals\/incendi_del_bosc\/#bloc4<\/a><\/p>\n<p><a href=\"http:\/\/bisbalpenedes.com\/web\/wp-content\/uploads\/2020\/07\/88F64071-9ABB-49DB-BB1D-A508BE68C0C6.jpeg\"><img loading=\"lazy\" class=\"aligncenter size-large wp-image-14196\" src=\"http:\/\/bisbalpenedes.com\/web\/wp-content\/uploads\/2020\/07\/88F64071-9ABB-49DB-BB1D-A508BE68C0C6-723x1024.jpeg\" alt=\"88F64071-9ABB-49DB-BB1D-A508BE68C0C6\" width=\"630\" height=\"892\" srcset=\"https:\/\/bisbalpenedes.com\/web\/wp-content\/uploads\/2020\/07\/88F64071-9ABB-49DB-BB1D-A508BE68C0C6-723x1024.jpeg 723w, https:\/\/bisbalpenedes.com\/web\/wp-content\/uploads\/2020\/07\/88F64071-9ABB-49DB-BB1D-A508BE68C0C6-600x849.jpeg 600w, https:\/\/bisbalpenedes.com\/web\/wp-content\/uploads\/2020\/07\/88F64071-9ABB-49DB-BB1D-A508BE68C0C6-212x300.jpeg 212w, https:\/\/bisbalpenedes.com\/web\/wp-content\/uploads\/2020\/07\/88F64071-9ABB-49DB-BB1D-A508BE68C0C6-768x1087.jpeg 768w, https:\/\/bisbalpenedes.com\/web\/wp-content\/uploads\/2020\/07\/88F64071-9ABB-49DB-BB1D-A508BE68C0C6.jpeg 893w\" sizes=\"(max-width: 630px) 100vw, 630px\" \/><\/a><\/p>\n<p><a href=\"http:\/\/bisbalpenedes.com\/web\/wp-content\/uploads\/2020\/07\/517087BD-8538-4CF3-914F-C7DCF3855E5D.jpeg\"><img loading=\"lazy\" class=\"aligncenter size-large wp-image-14195\" src=\"http:\/\/bisbalpenedes.com\/web\/wp-content\/uploads\/2020\/07\/517087BD-8538-4CF3-914F-C7DCF3855E5D-716x1024.jpeg\" alt=\"517087BD-8538-4CF3-914F-C7DCF3855E5D\" width=\"630\" height=\"901\" srcset=\"https:\/\/bisbalpenedes.com\/web\/wp-content\/uploads\/2020\/07\/517087BD-8538-4CF3-914F-C7DCF3855E5D-716x1024.jpeg 716w, https:\/\/bisbalpenedes.com\/web\/wp-content\/uploads\/2020\/07\/517087BD-8538-4CF3-914F-C7DCF3855E5D-600x858.jpeg 600w, https:\/\/bisbalpenedes.com\/web\/wp-content\/uploads\/2020\/07\/517087BD-8538-4CF3-914F-C7DCF3855E5D-210x300.jpeg 210w, https:\/\/bisbalpenedes.com\/web\/wp-content\/uploads\/2020\/07\/517087BD-8538-4CF3-914F-C7DCF3855E5D-768x1098.jpeg 768w, https:\/\/bisbalpenedes.com\/web\/wp-content\/uploads\/2020\/07\/517087BD-8538-4CF3-914F-C7DCF3855E5D.jpeg 1084w\" sizes=\"(max-width: 630px) 100vw, 630px\" \/><\/a><\/p>\n","protected":false},"excerpt":{"rendered":"<p>Activat el Pla Alfa per risc d\u2019incendi forestal. Seguiu els consells d&#8217;autoprotecci\u00f3 de Protecci\u00f3 Civil. Per a m\u00e9s informaci\u00f3 podeu accedir al web: http:\/\/interior.gencat.cat\/ca\/arees_dactuacio\/proteccio_civil\/consells_autoproteccio_emergencia\/riscos_naturals\/incendi_del_bosc\/#bloc4 Activado el Plan Alfa por riesgo &hellip; <a href=\"https:\/\/bisbalpenedes.com\/web\/2020\/07\/30\/activat-el-pla-alfa-per-risc-dincendi-forestal\/\" class=\"more-link\">Read More<\/a><\/p>\n","protected":false},"author":4,"featured_media":14196,"comment_status":"closed","ping_status":"closed","sticky":false,"template":"","format":"standard","meta":[],"categories":[1628],"tags":[887,295,886,3961],"_links":{"self":[{"href":"https:\/\/bisbalpenedes.com\/web\/wp-json\/wp\/v2\/posts\/14193"}],"collection":[{"href":"https:\/\/bisbalpenedes.com\/web\/wp-json\/wp\/v2\/posts"}],"about":[{"href":"https:\/\/bisbalpenedes.com\/web\/wp-json\/wp\/v2\/types\/post"}],"author":[{"embeddable":true,"href":"https:\/\/bisbalpenedes.com\/web\/wp-json\/wp\/v2\/users\/4"}],"replies":[{"embeddable":true,"href":"https:\/\/bisbalpenedes.com\/web\/wp-json\/wp\/v2\/comments?post=14193"}],"version-history":[{"count":1,"href":"https:\/\/bisbalpenedes.com\/web\/wp-json\/wp\/v2\/posts\/14193\/revisions"}],"predecessor-version":[{"id":14197,"href":"https:\/\/bisbalpenedes.com\/web\/wp-json\/wp\/v2\/posts\/14193\/revisions\/14197"}],"wp:featuredmedia":[{"embeddable":true,"href":"https:\/\/bisbalpenedes.com\/web\/wp-json\/wp\/v2\/media\/14196"}],"wp:attachment":[{"href":"https:\/\/bisbalpenedes.com\/web\/wp-json\/wp\/v2\/media?parent=14193"}],"wp:term":[{"taxonomy":"category","embeddable":true,"href":"https:\/\/bisbalpenedes.com\/web\/wp-json\/wp\/v2\/categories?post=14193"},{"taxonomy":"post_tag","embeddable":true,"href":"https:\/\/bisbalpenedes.com\/web\/wp-json\/wp\/v2\/tags?post=14193"}],"curies":[{"name":"wp","href":"https:\/\/api.w.org\/{rel}","templated":true}]}}