{"id":14183,"date":"2020-07-29T10:02:27","date_gmt":"2020-07-29T08:02:27","guid":{"rendered":"http:\/\/bisbalpenedes.com\/web\/?p=14183"},"modified":"2020-07-29T10:02:27","modified_gmt":"2020-07-29T08:02:27","slug":"nova-mesura-de-la-generalitat-es-prohibeix-el-consum-compartit-dalcohol-al-carrer","status":"publish","type":"post","link":"https:\/\/bisbalpenedes.com\/web\/2020\/07\/29\/nova-mesura-de-la-generalitat-es-prohibeix-el-consum-compartit-dalcohol-al-carrer\/","title":{"rendered":"Nova mesura de la Generalitat: es prohibeix el consum compartit d&#8217;alcohol al carrer"},"content":{"rendered":"<div class=\"\" data-block=\"true\" data-editor=\"20v01\" data-offset-key=\"4raar-0-0\">\n<div class=\"_1mf _1mj\" data-offset-key=\"4raar-0-0\"><span style=\"color: #000000;\" data-offset-key=\"4raar-5-0\">El consum compartit de begudes alcoh\u00f2liques a la via p\u00fablica i a la resta d\u2019espais oberts al p\u00fablic est\u00e0 prohibit.<\/span><\/div>\n<\/div>\n<div class=\"\" data-block=\"true\" data-editor=\"20v01\" data-offset-key=\"2t3ok-0-0\">\n<div class=\"_1mf _1mj\" data-offset-key=\"2t3ok-0-0\"><span data-offset-key=\"2t3ok-0-0\"><span style=\"color: #000000;\">Aquesta prohibici\u00f3 no afecta el consum en locals o espais Per a m\u00e9s informaci\u00f3 accediu a l&#8217;enlla\u00e7:<\/span> <a href=\"https:\/\/portaldogc.gencat.cat\/utilsEADOP\/PDF\/8188\/1806946.pdf\" target=\"_blank\">https:\/\/portaldogc.gencat.cat\/utilsEADOP\/PDF\/8188\/1806946.pdf<\/a><\/span><\/div>\n<\/div>\n<div class=\"\" data-block=\"true\" data-editor=\"20v01\" data-offset-key=\"dchsn-0-0\">\n<div class=\"_1mf _1mj\" data-offset-key=\"dchsn-0-0\"><span data-offset-key=\"dchsn-0-0\">\u00a0<\/span><\/div>\n<\/div>\n<div class=\"\" data-block=\"true\" data-editor=\"20v01\" data-offset-key=\"3d55p-0-0\">\n<div class=\"_1mf _1mj\" data-offset-key=\"3d55p-0-0\">\n<hr \/>\n<p><span data-offset-key=\"3d55p-0-0\"><br \/>\n<\/span><\/div>\n<\/div>\n<div class=\"\" data-block=\"true\" data-editor=\"20v01\" data-offset-key=\"8sccd-0-0\">\n<div class=\"_1mf _1mj\" data-offset-key=\"8sccd-0-0\"><span style=\"color: #000000;\">El consumo compartido de bebidas alcoh\u00f3licas en la v\u00eda p\u00fablica y en el resto de espacios abiertos al p\u00fablico est\u00e1 prohibido.<\/span><\/div>\n<\/div>\n<div class=\"\" data-block=\"true\" data-editor=\"20v01\" data-offset-key=\"q3jt-0-0\">\n<div class=\"_1mf _1mj\" data-offset-key=\"q3jt-0-0\"><span style=\"color: #000000;\" data-offset-key=\"q3jt-0-0\">Esta prohibici\u00f3n no afecta al consumo en locales o espacios autorizados.<\/span><\/div>\n<\/div>\n<div class=\"\" data-block=\"true\" data-editor=\"20v01\" data-offset-key=\"b1gd8-0-0\">\n<div class=\"_1mf _1mj\" data-offset-key=\"b1gd8-0-0\"><span data-offset-key=\"b1gd8-0-0\"><span style=\"color: #000000;\">Para m\u00e1s informaci\u00f3n acceded al enlace:<\/span> <a href=\"https:\/\/portaldogc.gencat.cat\/utilsEADOP\/PDF\/8188\/1806946.pdf\" target=\"_blank\">https:\/\/portaldogc.gencat.cat\/utilsEADOP\/PDF\/8188\/1806946.pdf<\/a><\/span><\/div>\n<div class=\"_1mf _1mj\" data-offset-key=\"b1gd8-0-0\"><a href=\"http:\/\/bisbalpenedes.com\/web\/wp-content\/uploads\/2020\/07\/prohibicio-botellons.jpg\"><img loading=\"lazy\" class=\"aligncenter size-large wp-image-14184\" src=\"http:\/\/bisbalpenedes.com\/web\/wp-content\/uploads\/2020\/07\/prohibicio-botellons-1024x576.jpg\" alt=\"prohibicio botellons\" width=\"630\" height=\"354\" srcset=\"https:\/\/bisbalpenedes.com\/web\/wp-content\/uploads\/2020\/07\/prohibicio-botellons-1024x576.jpg 1024w, https:\/\/bisbalpenedes.com\/web\/wp-content\/uploads\/2020\/07\/prohibicio-botellons-600x338.jpg 600w, https:\/\/bisbalpenedes.com\/web\/wp-content\/uploads\/2020\/07\/prohibicio-botellons-300x169.jpg 300w, https:\/\/bisbalpenedes.com\/web\/wp-content\/uploads\/2020\/07\/prohibicio-botellons-768x432.jpg 768w, https:\/\/bisbalpenedes.com\/web\/wp-content\/uploads\/2020\/07\/prohibicio-botellons.jpg 1200w\" sizes=\"(max-width: 630px) 100vw, 630px\" \/><\/a><\/div>\n<\/div>\n","protected":false},"excerpt":{"rendered":"<p>El consum compartit de begudes alcoh\u00f2liques a la via p\u00fablica i a la resta d\u2019espais oberts al p\u00fablic est\u00e0 prohibit. Aquesta prohibici\u00f3 no afecta el consum en locals o espais &hellip; <a href=\"https:\/\/bisbalpenedes.com\/web\/2020\/07\/29\/nova-mesura-de-la-generalitat-es-prohibeix-el-consum-compartit-dalcohol-al-carrer\/\" class=\"more-link\">Read More<\/a><\/p>\n","protected":false},"author":4,"featured_media":14184,"comment_status":"closed","ping_status":"closed","sticky":false,"template":"","format":"standard","meta":[],"categories":[3636,8],"tags":[3957,3958,1930],"_links":{"self":[{"href":"https:\/\/bisbalpenedes.com\/web\/wp-json\/wp\/v2\/posts\/14183"}],"collection":[{"href":"https:\/\/bisbalpenedes.com\/web\/wp-json\/wp\/v2\/posts"}],"about":[{"href":"https:\/\/bisbalpenedes.com\/web\/wp-json\/wp\/v2\/types\/post"}],"author":[{"embeddable":true,"href":"https:\/\/bisbalpenedes.com\/web\/wp-json\/wp\/v2\/users\/4"}],"replies":[{"embeddable":true,"href":"https:\/\/bisbalpenedes.com\/web\/wp-json\/wp\/v2\/comments?post=14183"}],"version-history":[{"count":1,"href":"https:\/\/bisbalpenedes.com\/web\/wp-json\/wp\/v2\/posts\/14183\/revisions"}],"predecessor-version":[{"id":14185,"href":"https:\/\/bisbalpenedes.com\/web\/wp-json\/wp\/v2\/posts\/14183\/revisions\/14185"}],"wp:featuredmedia":[{"embeddable":true,"href":"https:\/\/bisbalpenedes.com\/web\/wp-json\/wp\/v2\/media\/14184"}],"wp:attachment":[{"href":"https:\/\/bisbalpenedes.com\/web\/wp-json\/wp\/v2\/media?parent=14183"}],"wp:term":[{"taxonomy":"category","embeddable":true,"href":"https:\/\/bisbalpenedes.com\/web\/wp-json\/wp\/v2\/categories?post=14183"},{"taxonomy":"post_tag","embeddable":true,"href":"https:\/\/bisbalpenedes.com\/web\/wp-json\/wp\/v2\/tags?post=14183"}],"curies":[{"name":"wp","href":"https:\/\/api.w.org\/{rel}","templated":true}]}}