{"id":14181,"date":"2020-07-28T10:21:00","date_gmt":"2020-07-28T08:21:00","guid":{"rendered":"http:\/\/bisbalpenedes.com\/web\/?p=14181"},"modified":"2020-07-28T10:46:01","modified_gmt":"2020-07-28T08:46:01","slug":"es-posa-en-marxa-la-tercera-auditoria-ciutadana-de-lajuntament-de-la-bisbal-del-penedes","status":"publish","type":"post","link":"https:\/\/bisbalpenedes.com\/web\/2020\/07\/28\/es-posa-en-marxa-la-tercera-auditoria-ciutadana-de-lajuntament-de-la-bisbal-del-penedes\/","title":{"rendered":"Es posa en marxa la tercera Auditoria Ciutadana de l\u2019Ajuntament de la Bisbal del Pened\u00e8s"},"content":{"rendered":"<p style=\"text-align: justify;\"><span style=\"color: #000000;\">La Junta de Govern del dilluns 27 de juliol ha seleccionat, mitjan\u00e7ant sorteig, a 10 persones majors de 18 anys i censades a la Bisbal del Pened\u00e8s perqu\u00e8 formin part de l\u2019Auditoria Ciutadana de forma volunt\u00e0ria. L\u2019Ajuntament convocar\u00e0 aquestes persones a una reuni\u00f3, que se celebrar\u00e0 a principis d\u2019agost, que servir\u00e0 per explicar el funcionament de l\u2019Auditoria Ciutadana. Tal com es detalla al Reglament d\u2019Organitzaci\u00f3 Municipal (ROM):<\/span><\/p>\n<p style=\"text-align: justify;\"><span style=\"color: #000000;\">\u201cL\u2019Auditoria Ciutadana no \u00e9s un \u00f2rgan col\u00b7legiat. L\u2019objectiu \u00e9s acostar els comptes municipals a la ciutadania. En la Junta de Govern Local anterior a la convocat\u00f2ria de la Comissi\u00f3 de comptes, es triaran aleat\u00f2riament pel cens 10 persones majors d\u2019edat que participaran com a convidats, de manera volunt\u00e0ria i com a oients, de la Comissi\u00f3 de Comptes (consultar factures, comptabilitat&#8230;). Aquestes 10 persones rebran la notificaci\u00f3 de la Junta de Govern local conforme se\u2019ls convida a participar-hi. En la mateixa notificaci\u00f3 se\u2019ls citar\u00e0 a l\u2019Ajuntament perqu\u00e8 secretaria-intervenci\u00f3 i el\/la regidor\/a d\u2019Hisenda els expliquin el funcionament de la comissi\u00f3 de comptes. Podran consultar la documentaci\u00f3 de la comissi\u00f3 de comptes dins el termini dels 15 dies i assistir com a oients de la Comissi\u00f3 de Comptes\u201d.<\/span><\/p>\n<p style=\"text-align: justify;\"><span style=\"color: #000000;\">La Comissi\u00f3 de Comptes del pressupost de l\u2019any 2019 est\u00e0 prevista per al <a style=\"color: #000000;\" href=\"https:\/\/bisbalpenedes.com\/web\/2020\/07\/24\/la-comissio-especial-de-comptes-de-lexercici-2019-tindra-lloc-el-21-dagost\/\">21 d\u2019agost a les 10h<\/a>.\u00a0<\/span><\/p>\n<hr \/>\n<p style=\"text-align: justify;\"><span style=\"color: #000000;\"><strong>CASTELLANO |<\/strong> La Junta de Gobierno del lunes 27 de julio ha seleccionado, mediante sorteo, a 10 personas mayores de 18 a\u00f1os y censadas en la Bisbal del Pened\u00e8s para que formen parte de la Auditor\u00eda Ciudadana de forma voluntaria. El Ayuntamiento convocar\u00e1 a estas personas a una reuni\u00f3n, que se celebrar\u00e1 a principios de agosto, que servir\u00e1 para explicar el funcionamiento de la Auditoria Ciudadana. Tal y como se detalla en el Reglamento de Organizaci\u00f3n Municipal (ROM):<\/span><\/p>\n<p style=\"text-align: justify;\"><span style=\"color: #000000;\">\u201cLa Auditor\u00eda Ciudadana no es un \u00f3rgano colegiado. El objetivo es acercar las cuentas municipales a la ciudadan\u00eda. En la Junta de Gobierno Local anterior a la convocatoria de la Comisi\u00f3n de cuentas, se escoger\u00e1 aleatoriamente por el censo a 10 personas mayores de edad que participar\u00e1n como invitados, de forma voluntaria y como oyentes, a la Comisi\u00f3n de Cuentas (consultar facturas, contabilidad&#8230;). Estas 10 personas recibir\u00e1n la notificaci\u00f3n de la Junta de Gobierno local conforme se les invita a participar en la misma. En la notificaci\u00f3n tambi\u00e9n se les citar\u00e1 al Ayuntamiento para que secretaria-intervenci\u00f3n y el\/la concejal\/a de Hacienda les hagan conocedores del funcionamiento de la comisi\u00f3n de cuentas. Podr\u00e1n consultar la documentaci\u00f3n de la comisi\u00f3n de cuentas dentro de plazo de los 15 d\u00edas y asistir como oyentes a la Comisi\u00f3n de Cuentas\u201d.<\/span><\/p>\n<p style=\"text-align: justify;\"><span style=\"color: #000000;\">La Comisi\u00f3n de Cuentas del presupuesto del a\u00f1o 2020 est\u00e1 prevista para el <a style=\"color: #000000;\" href=\"https:\/\/bisbalpenedes.com\/web\/2020\/07\/24\/la-comissio-especial-de-comptes-de-lexercici-2019-tindra-lloc-el-21-dagost\/\">21 de agosto a las 10h.<\/a><\/span><\/p>\n","protected":false},"excerpt":{"rendered":"<p>La Junta de Govern del dilluns 27 de juliol ha seleccionat, mitjan\u00e7ant sorteig, a 10 persones majors de 18 anys i censades a la Bisbal del Pened\u00e8s perqu\u00e8 formin part &hellip; <a href=\"https:\/\/bisbalpenedes.com\/web\/2020\/07\/28\/es-posa-en-marxa-la-tercera-auditoria-ciutadana-de-lajuntament-de-la-bisbal-del-penedes\/\" class=\"more-link\">Read More<\/a><\/p>\n","protected":false},"author":4,"featured_media":13964,"comment_status":"closed","ping_status":"closed","sticky":false,"template":"","format":"standard","meta":[],"categories":[3835,8],"tags":[2074,2077,686],"_links":{"self":[{"href":"https:\/\/bisbalpenedes.com\/web\/wp-json\/wp\/v2\/posts\/14181"}],"collection":[{"href":"https:\/\/bisbalpenedes.com\/web\/wp-json\/wp\/v2\/posts"}],"about":[{"href":"https:\/\/bisbalpenedes.com\/web\/wp-json\/wp\/v2\/types\/post"}],"author":[{"embeddable":true,"href":"https:\/\/bisbalpenedes.com\/web\/wp-json\/wp\/v2\/users\/4"}],"replies":[{"embeddable":true,"href":"https:\/\/bisbalpenedes.com\/web\/wp-json\/wp\/v2\/comments?post=14181"}],"version-history":[{"count":1,"href":"https:\/\/bisbalpenedes.com\/web\/wp-json\/wp\/v2\/posts\/14181\/revisions"}],"predecessor-version":[{"id":14182,"href":"https:\/\/bisbalpenedes.com\/web\/wp-json\/wp\/v2\/posts\/14181\/revisions\/14182"}],"wp:featuredmedia":[{"embeddable":true,"href":"https:\/\/bisbalpenedes.com\/web\/wp-json\/wp\/v2\/media\/13964"}],"wp:attachment":[{"href":"https:\/\/bisbalpenedes.com\/web\/wp-json\/wp\/v2\/media?parent=14181"}],"wp:term":[{"taxonomy":"category","embeddable":true,"href":"https:\/\/bisbalpenedes.com\/web\/wp-json\/wp\/v2\/categories?post=14181"},{"taxonomy":"post_tag","embeddable":true,"href":"https:\/\/bisbalpenedes.com\/web\/wp-json\/wp\/v2\/tags?post=14181"}],"curies":[{"name":"wp","href":"https:\/\/api.w.org\/{rel}","templated":true}]}}