{"id":14178,"date":"2020-07-28T10:13:26","date_gmt":"2020-07-28T08:13:26","guid":{"rendered":"http:\/\/bisbalpenedes.com\/web\/?p=14178"},"modified":"2020-07-28T10:13:26","modified_gmt":"2020-07-28T08:13:26","slug":"la-junta-de-govern-local-ha-aprovat-els-contractes-i-despeses-per-a-les-actuacions-de-la-festa-major","status":"publish","type":"post","link":"https:\/\/bisbalpenedes.com\/web\/2020\/07\/28\/la-junta-de-govern-local-ha-aprovat-els-contractes-i-despeses-per-a-les-actuacions-de-la-festa-major\/","title":{"rendered":"La Junta de govern local ha aprovat els contractes i despeses per a les actuacions de la Festa Major"},"content":{"rendered":"<p style=\"text-align: justify;\"><span style=\"color: #000000;\">La Junta de govern, celebrada aquest dilluns 27 de juliol, ha aprovat diverses despeses per a la Festa Major 2020. S\u00f3n les seg\u00fcents:<\/span><\/p>\n<p style=\"text-align: justify; padding-left: 30px;\"><span style=\"color: #000000;\"><strong>-Banda de m\u00fasica Verge de la Miseric\u00f2rdia:<\/strong> Despesa menor de 1.331\u20ac (IVA incl\u00f2s) per la cercavila.<\/span><\/p>\n<p style=\"text-align: justify; padding-left: 30px;\"><span style=\"color: #000000;\"><strong>-Estalella:<\/strong> Despesa menor de 6.050\u20ac (IVA incl\u00f2s) pel castell de focs artificials.<\/span><\/p>\n<p style=\"text-align: justify; padding-left: 30px;\"><span style=\"color: #000000;\"><strong>-Orquestra Selvatana:<\/strong> Contracte menor de 15.125\u20ac (IVA incl\u00f2s) per dos concerts de Festa Major.<\/span><\/p>\n<p style=\"text-align: justify; padding-left: 30px;\"><span style=\"color: #000000;\"><strong>-Resist\u00e8ncia Tour:<\/strong> Despesa menor de 3.025\u20ac (IVA incl\u00f2s) per la cercavila\/espectacle infantil itinerant.<\/span><\/p>\n<p style=\"text-align: justify;\"><span style=\"color: #000000;\">L\u2019alcaldessa de la Bisbal del Pened\u00e8s, Agn\u00e8s Ferr\u00e9, ha explicat que \u201cdavant les circumst\u00e0ncies que vivim per la Covid-19, la Festa Major d\u2019aquest estiu ser\u00e0 diferent. Properament explicarem l\u2019organitzaci\u00f3 dels actes de la Festa Major aix\u00ed com totes les mesures de prevenci\u00f3 per cadascun dels actes previstos\u201d.<\/span><\/p>\n<hr \/>\n<p style=\"text-align: justify;\"><span style=\"color: #000000;\"><strong>CASTELLANO |<\/strong> La Junta de gobierno, celebrada este lunes 27 de julio, ha aprobado varios gastos para la Fiesta Mayor 2020. Son los siguientes:<\/span><\/p>\n<p style=\"text-align: justify; padding-left: 30px;\"><span style=\"color: #000000;\"><strong>-Banda de m\u00fasica Verge de la Miseric\u00f2rdia:<\/strong> Gasto menor de 1.331\u20ac (IVA incluido) por el pasacalle.<\/span><\/p>\n<p style=\"text-align: justify; padding-left: 30px;\"><span style=\"color: #000000;\"><strong>-Estalella:<\/strong> Gasto menor de 6.050\u20ac (IVA incluido) por el castillo de fuegos artificiales.<\/span><\/p>\n<p style=\"text-align: justify; padding-left: 30px;\"><span style=\"color: #000000;\"><strong>-Orquestra Selvatana:<\/strong> Contrato menor de 15.125\u20ac (IVA incluido) por dos conciertos de Fiesta Mayor)<\/span><\/p>\n<p style=\"text-align: justify; padding-left: 30px;\"><span style=\"color: #000000;\"><strong>-Resistencia Tour:<\/strong> Gasto menor de 3.025\u20ac (IVA incluido) por el pasacalle\/espect\u00e1culo infantil itinerante.<\/span><\/p>\n<p style=\"text-align: justify;\"><span style=\"color: #000000;\">La alcaldesa de la Bisbal del Pened\u00e8s, Agn\u00e8s Ferr\u00e9, ha explicado que \u201cante las circunstancias que vivimos por la Covid-19, la Fiesta Mayor de este verano ser\u00e1 distinta. Pr\u00f3ximamente explicaremos la organizaci\u00f3n de los actos de la Fiesta Mayor as\u00ed como todas las medidas de prevenci\u00f3n de cada uno de los actos previstos\u201d.<\/span><\/p>\n<p>&nbsp;<\/p>\n","protected":false},"excerpt":{"rendered":"<p>La Junta de govern, celebrada aquest dilluns 27 de juliol, ha aprovat diverses despeses per a la Festa Major 2020. S\u00f3n les seg\u00fcents: -Banda de m\u00fasica Verge de la Miseric\u00f2rdia: &hellip; <a href=\"https:\/\/bisbalpenedes.com\/web\/2020\/07\/28\/la-junta-de-govern-local-ha-aprovat-els-contractes-i-despeses-per-a-les-actuacions-de-la-festa-major\/\" class=\"more-link\">Read More<\/a><\/p>\n","protected":false},"author":4,"featured_media":5683,"comment_status":"closed","ping_status":"closed","sticky":false,"template":"","format":"standard","meta":[],"categories":[2161,8],"tags":[3955,3953,3954,3956,280,705],"_links":{"self":[{"href":"https:\/\/bisbalpenedes.com\/web\/wp-json\/wp\/v2\/posts\/14178"}],"collection":[{"href":"https:\/\/bisbalpenedes.com\/web\/wp-json\/wp\/v2\/posts"}],"about":[{"href":"https:\/\/bisbalpenedes.com\/web\/wp-json\/wp\/v2\/types\/post"}],"author":[{"embeddable":true,"href":"https:\/\/bisbalpenedes.com\/web\/wp-json\/wp\/v2\/users\/4"}],"replies":[{"embeddable":true,"href":"https:\/\/bisbalpenedes.com\/web\/wp-json\/wp\/v2\/comments?post=14178"}],"version-history":[{"count":1,"href":"https:\/\/bisbalpenedes.com\/web\/wp-json\/wp\/v2\/posts\/14178\/revisions"}],"predecessor-version":[{"id":14179,"href":"https:\/\/bisbalpenedes.com\/web\/wp-json\/wp\/v2\/posts\/14178\/revisions\/14179"}],"wp:featuredmedia":[{"embeddable":true,"href":"https:\/\/bisbalpenedes.com\/web\/wp-json\/wp\/v2\/media\/5683"}],"wp:attachment":[{"href":"https:\/\/bisbalpenedes.com\/web\/wp-json\/wp\/v2\/media?parent=14178"}],"wp:term":[{"taxonomy":"category","embeddable":true,"href":"https:\/\/bisbalpenedes.com\/web\/wp-json\/wp\/v2\/categories?post=14178"},{"taxonomy":"post_tag","embeddable":true,"href":"https:\/\/bisbalpenedes.com\/web\/wp-json\/wp\/v2\/tags?post=14178"}],"curies":[{"name":"wp","href":"https:\/\/api.w.org\/{rel}","templated":true}]}}