{"id":14167,"date":"2020-07-27T13:41:10","date_gmt":"2020-07-27T11:41:10","guid":{"rendered":"http:\/\/bisbalpenedes.com\/web\/?p=14167"},"modified":"2020-07-27T13:45:25","modified_gmt":"2020-07-27T11:45:25","slug":"enguany-no-es-podra-celebrar-la-diada-castellera-de-la-mare-de-deu-dagost-de-la-bisbal","status":"publish","type":"post","link":"https:\/\/bisbalpenedes.com\/web\/2020\/07\/27\/enguany-no-es-podra-celebrar-la-diada-castellera-de-la-mare-de-deu-dagost-de-la-bisbal\/","title":{"rendered":"Enguany no es podr\u00e0 celebrar la Diada Castellera de la Mare de D\u00e9u d\u2019Agost de la Bisbal"},"content":{"rendered":"<div id='gallery-1' class='gallery galleryid-14167 gallery-columns-5 gallery-size-thumbnail'><figure class='gallery-item'>\n\t\t\t<div class='gallery-icon landscape'>\n\t\t\t\t<a href='https:\/\/bisbalpenedes.com\/web\/2020\/07\/27\/enguany-no-es-podra-celebrar-la-diada-castellera-de-la-mare-de-deu-dagost-de-la-bisbal\/castellers-de-vilafranca\/'><img width=\"150\" height=\"150\" src=\"https:\/\/bisbalpenedes.com\/web\/wp-content\/uploads\/2020\/07\/CASTELLERS-DE-VILAFRANCA-150x150.jpg\" class=\"attachment-thumbnail size-thumbnail\" alt=\"\" loading=\"lazy\" aria-describedby=\"gallery-1-14168\" srcset=\"https:\/\/bisbalpenedes.com\/web\/wp-content\/uploads\/2020\/07\/CASTELLERS-DE-VILAFRANCA-150x150.jpg 150w, https:\/\/bisbalpenedes.com\/web\/wp-content\/uploads\/2020\/07\/CASTELLERS-DE-VILAFRANCA-300x300.jpg 300w, https:\/\/bisbalpenedes.com\/web\/wp-content\/uploads\/2020\/07\/CASTELLERS-DE-VILAFRANCA-100x100.jpg 100w\" sizes=\"(max-width: 150px) 100vw, 150px\" \/><\/a>\n\t\t\t<\/div>\n\t\t\t\t<figcaption class='wp-caption-text gallery-caption' id='gallery-1-14168'>\n\t\t\t\tVisita als Castellers de Vilafranca\n\t\t\t\t<\/figcaption><\/figure><figure class='gallery-item'>\n\t\t\t<div class='gallery-icon landscape'>\n\t\t\t\t<a href='https:\/\/bisbalpenedes.com\/web\/2020\/07\/27\/enguany-no-es-podra-celebrar-la-diada-castellera-de-la-mare-de-deu-dagost-de-la-bisbal\/colla-castellera-de-la-bisbal-bous\/'><img width=\"150\" height=\"150\" src=\"https:\/\/bisbalpenedes.com\/web\/wp-content\/uploads\/2020\/07\/COLLA-CASTELLERA-DE-LA-BISBAL-BOUS-150x150.jpg\" class=\"attachment-thumbnail size-thumbnail\" alt=\"\" loading=\"lazy\" aria-describedby=\"gallery-1-14169\" srcset=\"https:\/\/bisbalpenedes.com\/web\/wp-content\/uploads\/2020\/07\/COLLA-CASTELLERA-DE-LA-BISBAL-BOUS-150x150.jpg 150w, https:\/\/bisbalpenedes.com\/web\/wp-content\/uploads\/2020\/07\/COLLA-CASTELLERA-DE-LA-BISBAL-BOUS-300x300.jpg 300w, https:\/\/bisbalpenedes.com\/web\/wp-content\/uploads\/2020\/07\/COLLA-CASTELLERA-DE-LA-BISBAL-BOUS-100x100.jpg 100w\" sizes=\"(max-width: 150px) 100vw, 150px\" \/><\/a>\n\t\t\t<\/div>\n\t\t\t\t<figcaption class='wp-caption-text gallery-caption' id='gallery-1-14169'>\n\t\t\t\tFotografia amb la Colla Castellera de la Bisbal del Pened\u00e8s\n\t\t\t\t<\/figcaption><\/figure><figure class='gallery-item'>\n\t\t\t<div class='gallery-icon landscape'>\n\t\t\t\t<a href='https:\/\/bisbalpenedes.com\/web\/2020\/07\/27\/enguany-no-es-podra-celebrar-la-diada-castellera-de-la-mare-de-deu-dagost-de-la-bisbal\/colla-joves\/'><img width=\"150\" height=\"150\" src=\"https:\/\/bisbalpenedes.com\/web\/wp-content\/uploads\/2020\/07\/COLLA-JOVES-150x150.jpg\" class=\"attachment-thumbnail size-thumbnail\" alt=\"\" loading=\"lazy\" aria-describedby=\"gallery-1-14170\" srcset=\"https:\/\/bisbalpenedes.com\/web\/wp-content\/uploads\/2020\/07\/COLLA-JOVES-150x150.jpg 150w, https:\/\/bisbalpenedes.com\/web\/wp-content\/uploads\/2020\/07\/COLLA-JOVES-300x300.jpg 300w, https:\/\/bisbalpenedes.com\/web\/wp-content\/uploads\/2020\/07\/COLLA-JOVES-100x100.jpg 100w\" sizes=\"(max-width: 150px) 100vw, 150px\" \/><\/a>\n\t\t\t<\/div>\n\t\t\t\t<figcaption class='wp-caption-text gallery-caption' id='gallery-1-14170'>\n\t\t\t\tVisita a la Colla Joves Xiquets de Valls\n\t\t\t\t<\/figcaption><\/figure><figure class='gallery-item'>\n\t\t\t<div class='gallery-icon landscape'>\n\t\t\t\t<a href='https:\/\/bisbalpenedes.com\/web\/2020\/07\/27\/enguany-no-es-podra-celebrar-la-diada-castellera-de-la-mare-de-deu-dagost-de-la-bisbal\/colla-vella\/'><img width=\"150\" height=\"150\" src=\"https:\/\/bisbalpenedes.com\/web\/wp-content\/uploads\/2020\/07\/COLLA-VELLA-150x150.jpg\" class=\"attachment-thumbnail size-thumbnail\" alt=\"\" loading=\"lazy\" aria-describedby=\"gallery-1-14171\" srcset=\"https:\/\/bisbalpenedes.com\/web\/wp-content\/uploads\/2020\/07\/COLLA-VELLA-150x150.jpg 150w, https:\/\/bisbalpenedes.com\/web\/wp-content\/uploads\/2020\/07\/COLLA-VELLA-300x300.jpg 300w, https:\/\/bisbalpenedes.com\/web\/wp-content\/uploads\/2020\/07\/COLLA-VELLA-100x100.jpg 100w\" sizes=\"(max-width: 150px) 100vw, 150px\" \/><\/a>\n\t\t\t<\/div>\n\t\t\t\t<figcaption class='wp-caption-text gallery-caption' id='gallery-1-14171'>\n\t\t\t\tVisita a la Colla Vella dels Xiquets de Valls\n\t\t\t\t<\/figcaption><\/figure><figure class='gallery-item'>\n\t\t\t<div class='gallery-icon landscape'>\n\t\t\t\t<a href='https:\/\/bisbalpenedes.com\/web\/2020\/07\/27\/enguany-no-es-podra-celebrar-la-diada-castellera-de-la-mare-de-deu-dagost-de-la-bisbal\/signatura-llibre-dhonor-colla-joves\/'><img width=\"150\" height=\"150\" src=\"https:\/\/bisbalpenedes.com\/web\/wp-content\/uploads\/2020\/07\/SIGNATURA-LLIBRE-DHONOR-COLLA-JOVES-150x150.jpg\" class=\"attachment-thumbnail size-thumbnail\" alt=\"\" loading=\"lazy\" aria-describedby=\"gallery-1-14172\" srcset=\"https:\/\/bisbalpenedes.com\/web\/wp-content\/uploads\/2020\/07\/SIGNATURA-LLIBRE-DHONOR-COLLA-JOVES-150x150.jpg 150w, https:\/\/bisbalpenedes.com\/web\/wp-content\/uploads\/2020\/07\/SIGNATURA-LLIBRE-DHONOR-COLLA-JOVES-300x300.jpg 300w, https:\/\/bisbalpenedes.com\/web\/wp-content\/uploads\/2020\/07\/SIGNATURA-LLIBRE-DHONOR-COLLA-JOVES-100x100.jpg 100w\" sizes=\"(max-width: 150px) 100vw, 150px\" \/><\/a>\n\t\t\t<\/div>\n\t\t\t\t<figcaption class='wp-caption-text gallery-caption' id='gallery-1-14172'>\n\t\t\t\tSignatura del llibre d&#8217;honor de la Colla Joves Xiquets de Valls\n\t\t\t\t<\/figcaption><\/figure>\n\t\t<\/div>\n\n<p style=\"text-align: justify;\"><span style=\"color: #000000;\"><strong>L\u2019Ajuntament prepara un v\u00eddeo amb les colles castelleres per emetre\u2019l el dia 15 d\u2019agost a les 13h a Youtube i compartir-lo a la resta de perfils de les xarxes socials de l\u2019Ajuntament<\/strong><\/span><\/p>\n<p style=\"text-align: justify;\"><span style=\"color: #000000;\">Enguany, la Bisbal del Pened\u00e8s no podr\u00e0 acollir la tradicional diada castellera del 15 d\u2019agost a causa de la situaci\u00f3 generada per la pand\u00e8mia de la Covid-19. No obstant aix\u00f2, les colles castelleres i l\u2019Ajuntament de la Bisbal del Pened\u00e8s estan preparant un v\u00eddeo especial que s\u2019emetr\u00e0 a Youtube i a trav\u00e9s de les xarxes socials de l\u2019Ajuntament el 15 d\u2019agost a les 13h.<\/span><\/p>\n<p style=\"text-align: justify;\"><span style=\"color: #000000;\">Durant els \u00faltims anys, a finals de juliol es duia a terme l\u2019acte de presentaci\u00f3 de la Diada Castellera de la Mare de D\u00e9u d\u2019Agost i es feia el sorteig de l\u2019ordre d\u2019actuaci\u00f3 de les colles. Enguany, tenint en compte la situaci\u00f3, l\u2019alcaldessa de la Bisbal del Pened\u00e8s, Agn\u00e8s Ferr\u00e9; el regidor de Festes, Feliu Gil; i la regidora de Cultura, Judith Vidal; s\u2019han reunit amb els presidents i els caps de colla per convidar-los a participar en el v\u00eddeo especial que prepara l\u2019Ajuntament i per mostrar el seu comprom\u00eds de celebrar la diada castellera l\u2019any vinent, sempre que la situaci\u00f3 sanit\u00e0ria aix\u00ed ho aconselli.<\/span><\/p>\n<p style=\"text-align: justify;\"><span style=\"color: #000000;\">L\u2019alcaldessa de la Bisbal del Pened\u00e8s, Agn\u00e8s Ferr\u00e9, ha explicat que \u201c\u00e9s un estiu massa diferent, tamb\u00e9 per al m\u00f3n casteller. Se\u2019ns far\u00e0 molt estrany no poder gaudir de la diada castellera el 15 d\u2019agost per\u00f2 estem segurs que l\u2019any vinent hi tornarem i podrem comptar amb una gran actuaci\u00f3 per part dels Castellers de Vilafranca, la Colla Joves Xiquets de Valls, la Colla Vella dels Xiquets de Valls i de la colla local, la Colla Castellera de la Bisbal\u201d.<\/span><\/p>\n<hr \/>\n<p style=\"text-align: justify;\"><span style=\"color: #000000;\"><strong>CASTELLANO |\u00a0<\/strong><\/span><span style=\"color: #000000;\"><strong>Este a\u00f1o no se podr\u00e1 celebrar la <em>Diada<\/em> Castellera de la Madre de Dios de Agosto de la Bisbal<\/strong><\/span><\/p>\n<p style=\"text-align: justify;\"><span style=\"color: #000000;\"><strong>El Ayuntamiento prepara un v\u00eddeo con las collas castelleras para emitirlo el d\u00eda 15 de agosto a las 13h en Youtube y compartirlo en el resto de perfiles de las redes sociales del Ayuntamiento<\/strong><\/span><\/p>\n<p style=\"text-align: justify;\"><span style=\"color: #000000;\">Este a\u00f1o, la Bisbal del Pened\u00e8s no podr\u00e1 acoger la tradicional <em>diada<\/em> castellera del 15 de agosto a causa de la situaci\u00f3n generada por la pandemia de la Covid-19. No obstante, las collas castelleras y el Ayuntamiento de la Bisbal del Pened\u00e8s est\u00e1n preparando un v\u00eddeo especial que se emitir\u00e1 en Youtube y a trav\u00e9s de las redes sociales del Ayuntamiento el 15 de agosto a las 13h.<\/span><\/p>\n<p style=\"text-align: justify;\"><span style=\"color: #000000;\">Durante los \u00faltimos a\u00f1os, a finales de julio se llevaba a cabo el acto de presentaci\u00f3n de la <em>Diada<\/em> <em>Castellera<\/em> de la Madre de Dios de Agosto y se hac\u00eda el sorteo del orden de actuaci\u00f3n de las collas. Este a\u00f1o, teniendo en cuenta la situaci\u00f3n, la alcaldesa de la Bisbal del Pened\u00e8s, Agn\u00e8s Ferr\u00e9; el concejal de Fiestas, Feliu Gil; y la concejala de Cultura, Judith Vidal; se han reunido con los presidentes y los <em>caps<\/em> de colla para invitarlos a participar en el v\u00eddeo especial que prepara el Ayuntamiento y para mostrar su compromiso de celebrar la <em>diada <\/em>castellera el a\u00f1o que viene, siempre que la situaci\u00f3n sanitaria as\u00ed lo aconseje.<\/span><\/p>\n<p style=\"text-align: justify;\"><span style=\"color: #000000;\">La alcaldesa de la Bisbal del pened\u00e8s, Agn\u00e8s Ferr\u00e9, ha explicado que \u201ces un verano demasiado diferente, tambi\u00e9n para el mundo <em>casteller<\/em>. Se nos har\u00e1 muy raro no poder disfrutar de la <em>diada<\/em> castellera del 15 de agosto pero estamos seguros de que el a\u00f1o que viene volveremos y podremos contar con una gran actuaci\u00f3n por parte de los Castellers de Vilafranca, la Colla Joves Xiquets de Valls, la Colla Vella dels Xiquets de Valls y de la colla local, la Colla Catellera de la Bisbal\u201d.<\/span><\/p>\n<p>&nbsp;<\/p>\n","protected":false},"excerpt":{"rendered":"<p>L\u2019Ajuntament prepara un v\u00eddeo amb les colles castelleres per emetre\u2019l el dia 15 d\u2019agost a les 13h a Youtube i compartir-lo a la resta de perfils de les xarxes socials &hellip; <a href=\"https:\/\/bisbalpenedes.com\/web\/2020\/07\/27\/enguany-no-es-podra-celebrar-la-diada-castellera-de-la-mare-de-deu-dagost-de-la-bisbal\/\" class=\"more-link\">Read More<\/a><\/p>\n","protected":false},"author":4,"featured_media":14173,"comment_status":"closed","ping_status":"closed","sticky":false,"template":"","format":"standard","meta":[],"categories":[2161,8],"tags":[3151,667,691,393,2173],"_links":{"self":[{"href":"https:\/\/bisbalpenedes.com\/web\/wp-json\/wp\/v2\/posts\/14167"}],"collection":[{"href":"https:\/\/bisbalpenedes.com\/web\/wp-json\/wp\/v2\/posts"}],"about":[{"href":"https:\/\/bisbalpenedes.com\/web\/wp-json\/wp\/v2\/types\/post"}],"author":[{"embeddable":true,"href":"https:\/\/bisbalpenedes.com\/web\/wp-json\/wp\/v2\/users\/4"}],"replies":[{"embeddable":true,"href":"https:\/\/bisbalpenedes.com\/web\/wp-json\/wp\/v2\/comments?post=14167"}],"version-history":[{"count":1,"href":"https:\/\/bisbalpenedes.com\/web\/wp-json\/wp\/v2\/posts\/14167\/revisions"}],"predecessor-version":[{"id":14174,"href":"https:\/\/bisbalpenedes.com\/web\/wp-json\/wp\/v2\/posts\/14167\/revisions\/14174"}],"wp:featuredmedia":[{"embeddable":true,"href":"https:\/\/bisbalpenedes.com\/web\/wp-json\/wp\/v2\/media\/14173"}],"wp:attachment":[{"href":"https:\/\/bisbalpenedes.com\/web\/wp-json\/wp\/v2\/media?parent=14167"}],"wp:term":[{"taxonomy":"category","embeddable":true,"href":"https:\/\/bisbalpenedes.com\/web\/wp-json\/wp\/v2\/categories?post=14167"},{"taxonomy":"post_tag","embeddable":true,"href":"https:\/\/bisbalpenedes.com\/web\/wp-json\/wp\/v2\/tags?post=14167"}],"curies":[{"name":"wp","href":"https:\/\/api.w.org\/{rel}","templated":true}]}}