{"id":14153,"date":"2020-07-27T10:28:59","date_gmt":"2020-07-27T08:28:59","guid":{"rendered":"http:\/\/bisbalpenedes.com\/web\/?p=14153"},"modified":"2020-07-27T10:33:28","modified_gmt":"2020-07-27T08:33:28","slug":"es-presenta-lavanc-de-les-propostes-del-pla-territorial-parcial-del-penedes","status":"publish","type":"post","link":"https:\/\/bisbalpenedes.com\/web\/2020\/07\/27\/es-presenta-lavanc-de-les-propostes-del-pla-territorial-parcial-del-penedes\/","title":{"rendered":"S&#8217;ha presentat l\u2019avan\u00e7 de les propostes del Pla Territorial Parcial del Pened\u00e8s"},"content":{"rendered":"<p><span style=\"color: #000000;\">L\u2019alcaldessa de la Bisbal del Pened\u00e8s, Agn\u00e8s Ferr\u00e9, va assistir el passat dimecres 22 de juliol, a les 18h, a la presentaci\u00f3 virtual del document d\u2019avan\u00e7 de propostes del Pla Territorial Parcial del Pened\u00e8s, un document que pret\u00e9n planificar i establir un model del territori de l\u2019Alt Pened\u00e8s, el Baix Pened\u00e8s, el Garraf i alguns municipis de l\u2019Anoia per als propers 20 anys.<\/span><\/p>\n<p><span style=\"color: #000000;\">Ara, des del Departament de Territori i Sostenibilitat de la Generalitat de Catalunya es vol iniciar un ampli proc\u00e9s participatiu sobre el Pla Territorial Parcial que faci part\u00edcips a tots els actors que, d\u2019una manera o d\u2019una altra, incideixen en el territori.<\/span><\/p>\n<p><span style=\"color: #000000;\">Podeu consultar l\u2019avan\u00e7 de propostes del Pla territorial parcial del Pened\u00e8s en aquest enlla\u00e7:<\/span> <a href=\"http:\/\/territori.gencat.cat\/ca\/06_territori_i_urbanisme\/ordenacio_del_territori\/plans_territorals\/plans_territorials_parcials\/ptp_penedes\/\">http:\/\/territori.gencat.cat\/ca\/06_territori_i_urbanisme\/ordenacio_del_territori\/plans_territorals\/plans_territorials_parcials\/ptp_penedes\/<\/a><\/p>\n<p><span style=\"color: #000000;\">Est\u00e0 previst que al setembre comenci el proc\u00e9s participatiu, que es basa en el model deliberatiu de participaci\u00f3 a trav\u00e9s del seg\u00fcent portal:<\/span> <a href=\"https:\/\/participa.gencat.cat\/processes\/ptppenedes\">https:\/\/participa.gencat.cat\/processes\/ptppenedes<\/a><\/p>\n<hr \/>\n<p><span style=\"color: #000000;\"><strong>CASTELLANO |<\/strong> La alcaldesa de la Bisbal del Pened\u00e8s, Agn\u00e8s Ferr\u00e9, asisti\u00f3 el pasado mi\u00e9rcoles 22 de julio, a las 18h, a la presentaci\u00f3n virtual del documento de avance de propuestas del Plan Territorial Parcial del Pened\u00e8s, un documento que pretende planificar y establecer un modelo del territorio del Alt Pened\u00e8s, el Baix Pened\u00e8s, el Garraf y algunos municipios de la Anoia para los pr\u00f3ximos 20 a\u00f1os.<\/span><\/p>\n<p><span style=\"color: #000000;\">Ahora, desde el Departamento de Territorio y Sostenibilidad de la Generalitat de Catalunya se quiere iniciar un amplio proceso participativo sobre el Plan Territorial Parcial que haga part\u00edcipes a todos los actores que, de una manera o de otra, inciden en el territorio.<\/span><\/p>\n<p><span style=\"color: #000000;\">Pod\u00e9is consultar el avance de propuestas del Plan territorial parcial del Pened\u00e8s en este enlace:<\/span> <a href=\"http:\/\/territori.gencat.cat\/ca\/06_territori_i_urbanisme\/ordenacio_del_territori\/plans_territorals\/plans_territorials_parcials\/ptp_penedes\/\">http:\/\/territori.gencat.cat\/ca\/06_territori_i_urbanisme\/ordenacio_del_territori\/plans_territorals\/plans_territorials_parcials\/ptp_penedes\/<\/a><\/p>\n<p><span style=\"color: #000000;\">Est\u00e1 previsto que en septiembre empiece el proceso participativo, que se basa en el modelo deliberativo de participaci\u00f3n a trav\u00e9s del siguiente portal: <\/span><a href=\"https:\/\/participa.gencat.cat\/processes\/ptppenedes\">https:\/\/participa.gencat.cat\/processes\/ptppenedes<\/a><\/p>\n","protected":false},"excerpt":{"rendered":"<p>L\u2019alcaldessa de la Bisbal del Pened\u00e8s, Agn\u00e8s Ferr\u00e9, va assistir el passat dimecres 22 de juliol, a les 18h, a la presentaci\u00f3 virtual del document d\u2019avan\u00e7 de propostes del Pla &hellip; <a href=\"https:\/\/bisbalpenedes.com\/web\/2020\/07\/27\/es-presenta-lavanc-de-les-propostes-del-pla-territorial-parcial-del-penedes\/\" class=\"more-link\">Read More<\/a><\/p>\n","protected":false},"author":4,"featured_media":14154,"comment_status":"closed","ping_status":"closed","sticky":false,"template":"","format":"standard","meta":[],"categories":[8,3944],"tags":[3946,459,3261,1374,3945,3947,3948],"_links":{"self":[{"href":"https:\/\/bisbalpenedes.com\/web\/wp-json\/wp\/v2\/posts\/14153"}],"collection":[{"href":"https:\/\/bisbalpenedes.com\/web\/wp-json\/wp\/v2\/posts"}],"about":[{"href":"https:\/\/bisbalpenedes.com\/web\/wp-json\/wp\/v2\/types\/post"}],"author":[{"embeddable":true,"href":"https:\/\/bisbalpenedes.com\/web\/wp-json\/wp\/v2\/users\/4"}],"replies":[{"embeddable":true,"href":"https:\/\/bisbalpenedes.com\/web\/wp-json\/wp\/v2\/comments?post=14153"}],"version-history":[{"count":3,"href":"https:\/\/bisbalpenedes.com\/web\/wp-json\/wp\/v2\/posts\/14153\/revisions"}],"predecessor-version":[{"id":14157,"href":"https:\/\/bisbalpenedes.com\/web\/wp-json\/wp\/v2\/posts\/14153\/revisions\/14157"}],"wp:featuredmedia":[{"embeddable":true,"href":"https:\/\/bisbalpenedes.com\/web\/wp-json\/wp\/v2\/media\/14154"}],"wp:attachment":[{"href":"https:\/\/bisbalpenedes.com\/web\/wp-json\/wp\/v2\/media?parent=14153"}],"wp:term":[{"taxonomy":"category","embeddable":true,"href":"https:\/\/bisbalpenedes.com\/web\/wp-json\/wp\/v2\/categories?post=14153"},{"taxonomy":"post_tag","embeddable":true,"href":"https:\/\/bisbalpenedes.com\/web\/wp-json\/wp\/v2\/tags?post=14153"}],"curies":[{"name":"wp","href":"https:\/\/api.w.org\/{rel}","templated":true}]}}