{"id":14150,"date":"2020-07-27T10:23:51","date_gmt":"2020-07-27T08:23:51","guid":{"rendered":"http:\/\/bisbalpenedes.com\/web\/?p=14150"},"modified":"2020-07-27T10:23:51","modified_gmt":"2020-07-27T08:23:51","slug":"la-propera-recollida-de-residus-voluminosos-a-domicili-tindra-lloc-el-dilluns-3-dagost","status":"publish","type":"post","link":"https:\/\/bisbalpenedes.com\/web\/2020\/07\/27\/la-propera-recollida-de-residus-voluminosos-a-domicili-tindra-lloc-el-dilluns-3-dagost\/","title":{"rendered":"La propera recollida de residus voluminosos a domicili tindr\u00e0 lloc el dilluns 3 d&#8217;agost"},"content":{"rendered":"<p style=\"text-align: justify;\"><span style=\"color: #000000;\">L&#8217;Ajuntament de la Bisbal del Pened\u00e8s us informa que la propera recollida de residus a domicili tindr\u00e0 lloc el dilluns 3 d&#8217;agost. Si teniu residus voluminosos i andr\u00f2mines a casa i no els podeu portar al Punt Verd, truqueu a l&#8217;Ajuntament de la Bisbal del Pened\u00e8s amb 5 dies d&#8217;antelaci\u00f3 i us els vindrem a recollir: 977688438<\/span><\/p>\n<hr \/>\n<div class=\"text_exposed_show\">\n<p style=\"text-align: justify;\"><span style=\"color: #000000;\"><strong>CASTELLANO |<\/strong> El Ayuntamiento de la Bisbal del Pened\u00e8s os informa de que la pr\u00f3xima recogida de residuos a domicilio tendr\u00e1 lugar el lunes 3 de agosto. Si ten\u00e9is residuos voluminosos o trastos en casa y no los pod\u00e9is llevar al Punt Verd, llamad al Ayuntamiento de la Bisbal del Pened\u00e8s con 5 d\u00edas de antelaci\u00f3n y os los vendremos a recoger: 977688438<\/span><\/p>\n<p style=\"text-align: justify;\"><a href=\"http:\/\/bisbalpenedes.com\/web\/wp-content\/uploads\/2020\/07\/RECOLLIDA-TRASTOS-AJUNTAMENT-GENERICA.jpg\"><img loading=\"lazy\" class=\"aligncenter size-full wp-image-14151\" src=\"http:\/\/bisbalpenedes.com\/web\/wp-content\/uploads\/2020\/07\/RECOLLIDA-TRASTOS-AJUNTAMENT-GENERICA.jpg\" alt=\"RECOLLIDA TRASTOS -AJUNTAMENT GENERICA\" width=\"463\" height=\"960\" srcset=\"https:\/\/bisbalpenedes.com\/web\/wp-content\/uploads\/2020\/07\/RECOLLIDA-TRASTOS-AJUNTAMENT-GENERICA.jpg 463w, https:\/\/bisbalpenedes.com\/web\/wp-content\/uploads\/2020\/07\/RECOLLIDA-TRASTOS-AJUNTAMENT-GENERICA-145x300.jpg 145w\" sizes=\"(max-width: 463px) 100vw, 463px\" \/><\/a><\/p>\n<\/div>\n","protected":false},"excerpt":{"rendered":"<p>L&#8217;Ajuntament de la Bisbal del Pened\u00e8s us informa que la propera recollida de residus a domicili tindr\u00e0 lloc el dilluns 3 d&#8217;agost. Si teniu residus voluminosos i andr\u00f2mines a casa &hellip; <a href=\"https:\/\/bisbalpenedes.com\/web\/2020\/07\/27\/la-propera-recollida-de-residus-voluminosos-a-domicili-tindra-lloc-el-dilluns-3-dagost\/\" class=\"more-link\">Read More<\/a><\/p>\n","protected":false},"author":4,"featured_media":14151,"comment_status":"closed","ping_status":"closed","sticky":false,"template":"","format":"standard","meta":[],"categories":[3215,8],"tags":[3943,1479,207,2486,1729,1183],"_links":{"self":[{"href":"https:\/\/bisbalpenedes.com\/web\/wp-json\/wp\/v2\/posts\/14150"}],"collection":[{"href":"https:\/\/bisbalpenedes.com\/web\/wp-json\/wp\/v2\/posts"}],"about":[{"href":"https:\/\/bisbalpenedes.com\/web\/wp-json\/wp\/v2\/types\/post"}],"author":[{"embeddable":true,"href":"https:\/\/bisbalpenedes.com\/web\/wp-json\/wp\/v2\/users\/4"}],"replies":[{"embeddable":true,"href":"https:\/\/bisbalpenedes.com\/web\/wp-json\/wp\/v2\/comments?post=14150"}],"version-history":[{"count":1,"href":"https:\/\/bisbalpenedes.com\/web\/wp-json\/wp\/v2\/posts\/14150\/revisions"}],"predecessor-version":[{"id":14152,"href":"https:\/\/bisbalpenedes.com\/web\/wp-json\/wp\/v2\/posts\/14150\/revisions\/14152"}],"wp:featuredmedia":[{"embeddable":true,"href":"https:\/\/bisbalpenedes.com\/web\/wp-json\/wp\/v2\/media\/14151"}],"wp:attachment":[{"href":"https:\/\/bisbalpenedes.com\/web\/wp-json\/wp\/v2\/media?parent=14150"}],"wp:term":[{"taxonomy":"category","embeddable":true,"href":"https:\/\/bisbalpenedes.com\/web\/wp-json\/wp\/v2\/categories?post=14150"},{"taxonomy":"post_tag","embeddable":true,"href":"https:\/\/bisbalpenedes.com\/web\/wp-json\/wp\/v2\/tags?post=14150"}],"curies":[{"name":"wp","href":"https:\/\/api.w.org\/{rel}","templated":true}]}}