{"id":14147,"date":"2020-07-27T09:56:53","date_gmt":"2020-07-27T07:56:53","guid":{"rendered":"http:\/\/bisbalpenedes.com\/web\/?p=14147"},"modified":"2020-07-27T09:56:53","modified_gmt":"2020-07-27T07:56:53","slug":"ja-podeu-adquirir-el-llibre-als-teus-ulls-i-llegir-les-obres-premiades-al-12e-concurs-literari-de-sant-jordi","status":"publish","type":"post","link":"https:\/\/bisbalpenedes.com\/web\/2020\/07\/27\/ja-podeu-adquirir-el-llibre-als-teus-ulls-i-llegir-les-obres-premiades-al-12e-concurs-literari-de-sant-jordi\/","title":{"rendered":"Ja podeu adquirir el llibre &#8220;Als teus ulls&#8221; i llegir les obres premiades al 12\u00e8 Concurs Literari de Sant Jordi"},"content":{"rendered":"<div class=\"\" data-block=\"true\" data-editor=\"a1quk\" data-offset-key=\"7d2r0-0-0\">\n<div class=\"_1mf _1mj\" style=\"text-align: justify;\" data-offset-key=\"7d2r0-0-0\"><span style=\"color: #000000;\"><span data-offset-key=\"7d2r0-2-0\">Des d&#8217;aquesta setmana podeu adquirir el llibre que la Regidoria de Cultura ha editat aquest Sant Jordi, el recull de fotografies &#8220;Als teus ulls&#8221;, amb imatges de la fot\u00f2grafa Felicidad Farrais realitzades a la Bisbal entre els anys 70 i 90 i pr\u00f2leg del bisbalenc Heribert Ventosa. El podreu adquirir a l&#8217;Ajuntament i a la <\/span><span class=\"_247o\" spellcheck=\"false\" data-offset-key=\"7d2r0-3-0\"><span data-offset-key=\"7d2r0-3-0\"><span data-text=\"true\">Biblioteca p\u00fablica de la Bisbal del Pened\u00e8s<\/span><\/span><\/span><span data-offset-key=\"7d2r0-4-0\"> per 5\u20ac.<\/span><\/span><\/div>\n<\/div>\n<div class=\"\" style=\"text-align: justify;\" data-block=\"true\" data-editor=\"a1quk\" data-offset-key=\"67p1e-0-0\">\n<div class=\"_1mf _1mj\" data-offset-key=\"67p1e-0-0\"><span style=\"color: #000000;\" data-offset-key=\"67p1e-0-0\">\u00a0<\/span><\/div>\n<\/div>\n<div class=\"\" style=\"text-align: justify;\" data-block=\"true\" data-editor=\"a1quk\" data-offset-key=\"crc0e-0-0\">\n<div class=\"_1mf _1mj\" data-offset-key=\"crc0e-0-0\"><span style=\"color: #000000;\" data-offset-key=\"crc0e-1-0\">D&#8217;altra banda, si voleu llegir les obres premiades al 12\u00e8 Concurs Literari de Sant Jordi de la Bisbal del Pened\u00e8s, les podeu sol\u00b7licitar a la Biblioteca.<\/span><\/div>\n<\/div>\n<div class=\"\" style=\"text-align: justify;\" data-block=\"true\" data-editor=\"a1quk\" data-offset-key=\"c2var-0-0\">\n<div class=\"_1mf _1mj\" data-offset-key=\"c2var-0-0\"><span style=\"color: #000000;\" data-offset-key=\"c2var-0-0\">\u00a0<\/span><\/div>\n<\/div>\n<div class=\"\" style=\"text-align: justify;\" data-block=\"true\" data-editor=\"a1quk\" data-offset-key=\"4shib-0-0\">\n<div class=\"_1mf _1mj\" data-offset-key=\"4shib-0-0\">\n<hr \/>\n<\/div>\n<\/div>\n<div class=\"\" style=\"text-align: justify;\" data-block=\"true\" data-editor=\"a1quk\" data-offset-key=\"c6bq6-0-0\">\n<div class=\"_1mf _1mj\" data-offset-key=\"c6bq6-0-0\"><\/div>\n<div class=\"_1mf _1mj\" data-offset-key=\"c6bq6-0-0\"><span style=\"color: #000000;\"><strong>CASTELLANO |<\/strong> Desde esta semana pod\u00e9is adquirir el libro que la Concejal\u00eda de Cultura ha editado este Sant Jordi, la recopilaci\u00f3n de fotograf\u00edas &#8220;Als teus ulls&#8221;, con im\u00e1genes de la fot\u00f3grafa Felicidad Ferrais realizadas en la Bisbal entre los a\u00f1os 70 y 90 y pr\u00f3logo del bisbalense Heribert Ventosa. Lo podr\u00e9is adquirir en el Ayuntamiento y en la Biblioteca p\u00fablica de la Bisbal del Pened\u00e8s por 5\u20ac.<\/span><\/div>\n<\/div>\n<div class=\"\" style=\"text-align: justify;\" data-block=\"true\" data-editor=\"a1quk\" data-offset-key=\"btfir-0-0\">\n<div class=\"_1mf _1mj\" data-offset-key=\"btfir-0-0\"><span style=\"color: #000000;\" data-offset-key=\"btfir-0-0\">\u00a0<\/span><\/div>\n<\/div>\n<div class=\"\" data-block=\"true\" data-editor=\"a1quk\" data-offset-key=\"5ev4o-0-0\">\n<div class=\"_1mf _1mj\" style=\"text-align: justify;\" data-offset-key=\"5ev4o-0-0\"><span style=\"color: #000000;\" data-offset-key=\"5ev4o-1-0\">Por otra parte, si quer\u00e9is leer las obras premiadas en el 12\u00ba Concurso Literario de Sant Jordi de la Bisbal del Pened\u00e8s, las pod\u00e9is solicitar en la Biblioteca.<\/span><\/div>\n<div class=\"_1mf _1mj\" style=\"text-align: justify;\" data-offset-key=\"5ev4o-0-0\"><a href=\"http:\/\/bisbalpenedes.com\/web\/wp-content\/uploads\/2020\/07\/portada-foto-farrais-opt.jpg\"><img loading=\"lazy\" class=\"aligncenter size-full wp-image-14148\" src=\"http:\/\/bisbalpenedes.com\/web\/wp-content\/uploads\/2020\/07\/portada-foto-farrais-opt.jpg\" alt=\"portada foto farrais - opt\" width=\"680\" height=\"469\" srcset=\"https:\/\/bisbalpenedes.com\/web\/wp-content\/uploads\/2020\/07\/portada-foto-farrais-opt.jpg 680w, https:\/\/bisbalpenedes.com\/web\/wp-content\/uploads\/2020\/07\/portada-foto-farrais-opt-600x414.jpg 600w, https:\/\/bisbalpenedes.com\/web\/wp-content\/uploads\/2020\/07\/portada-foto-farrais-opt-300x207.jpg 300w\" sizes=\"(max-width: 680px) 100vw, 680px\" \/><\/a><\/div>\n<div class=\"_1mf _1mj\" style=\"text-align: justify;\" data-offset-key=\"5ev4o-0-0\"><\/div>\n<\/div>\n<div class=\"\" data-block=\"true\" data-editor=\"a1quk\" data-offset-key=\"2167d-0-0\"><\/div>\n","protected":false},"excerpt":{"rendered":"<p>Des d&#8217;aquesta setmana podeu adquirir el llibre que la Regidoria de Cultura ha editat aquest Sant Jordi, el recull de fotografies &#8220;Als teus ulls&#8221;, amb imatges de la fot\u00f2grafa Felicidad &hellip; <a href=\"https:\/\/bisbalpenedes.com\/web\/2020\/07\/27\/ja-podeu-adquirir-el-llibre-als-teus-ulls-i-llegir-les-obres-premiades-al-12e-concurs-literari-de-sant-jordi\/\" class=\"more-link\">Read More<\/a><\/p>\n","protected":false},"author":4,"featured_media":14148,"comment_status":"closed","ping_status":"closed","sticky":false,"template":"","format":"standard","meta":[],"categories":[13,8],"tags":[3187,47,1744,64],"_links":{"self":[{"href":"https:\/\/bisbalpenedes.com\/web\/wp-json\/wp\/v2\/posts\/14147"}],"collection":[{"href":"https:\/\/bisbalpenedes.com\/web\/wp-json\/wp\/v2\/posts"}],"about":[{"href":"https:\/\/bisbalpenedes.com\/web\/wp-json\/wp\/v2\/types\/post"}],"author":[{"embeddable":true,"href":"https:\/\/bisbalpenedes.com\/web\/wp-json\/wp\/v2\/users\/4"}],"replies":[{"embeddable":true,"href":"https:\/\/bisbalpenedes.com\/web\/wp-json\/wp\/v2\/comments?post=14147"}],"version-history":[{"count":1,"href":"https:\/\/bisbalpenedes.com\/web\/wp-json\/wp\/v2\/posts\/14147\/revisions"}],"predecessor-version":[{"id":14149,"href":"https:\/\/bisbalpenedes.com\/web\/wp-json\/wp\/v2\/posts\/14147\/revisions\/14149"}],"wp:featuredmedia":[{"embeddable":true,"href":"https:\/\/bisbalpenedes.com\/web\/wp-json\/wp\/v2\/media\/14148"}],"wp:attachment":[{"href":"https:\/\/bisbalpenedes.com\/web\/wp-json\/wp\/v2\/media?parent=14147"}],"wp:term":[{"taxonomy":"category","embeddable":true,"href":"https:\/\/bisbalpenedes.com\/web\/wp-json\/wp\/v2\/categories?post=14147"},{"taxonomy":"post_tag","embeddable":true,"href":"https:\/\/bisbalpenedes.com\/web\/wp-json\/wp\/v2\/tags?post=14147"}],"curies":[{"name":"wp","href":"https:\/\/api.w.org\/{rel}","templated":true}]}}