{"id":14142,"date":"2020-07-27T08:50:51","date_gmt":"2020-07-27T06:50:51","guid":{"rendered":"http:\/\/bisbalpenedes.com\/web\/?p=14142"},"modified":"2020-07-27T09:47:00","modified_gmt":"2020-07-27T07:47:00","slug":"tall-de-llum-programat-a-lortigos-per-al-29-de-juliol","status":"publish","type":"post","link":"https:\/\/bisbalpenedes.com\/web\/2020\/07\/27\/tall-de-llum-programat-a-lortigos-per-al-29-de-juliol\/","title":{"rendered":"Tall de llum programat a l&#8217;Ortig\u00f3s per al 29 de juliol al mat\u00ed"},"content":{"rendered":"<p style=\"text-align: justify;\"><span style=\"color: #000000;\">El proper dimecres 29 de juliol tindr\u00e0 lloc un tall de llum programat a l&#8217;Ortig\u00f3s, entre les 8.30h i les 13:00h. Per a m\u00e9s informaci\u00f3 podeu accedir a l&#8217;apartat &#8216;Cortes y aver\u00edas&#8217; de<\/span> <a href=\"http:\/\/www.edistribucion.com\" target=\"_blank\">www.edistribucion.com<\/a><\/p>\n<hr \/>\n<p style=\"text-align: justify;\"><span style=\"color: #000000;\">El pr\u00f3ximo mi\u00e9rcoles 29 de julio tendr\u00e1 lugar un corte de luz programado en l&#8217;Ortig\u00f3s, entre las 8.30h y las 13.00h. Para m\u00e1s informaci\u00f3n pod\u00e9is acceder al apartado &#8216;Cortes y aver\u00edas&#8217; de<\/span> <a href=\"http:\/\/www.edistribucion.com\" target=\"_blank\">www.edistribucion.com<\/a><a href=\"http:\/\/bisbalpenedes.com\/web\/wp-content\/uploads\/2020\/07\/TALL-AIGUA-ORTIGOS-29-JULIOL_page-0001-e1595832604104.jpg\"><br \/>\n<\/a><\/p>\n","protected":false},"excerpt":{"rendered":"<p>El proper dimecres 29 de juliol tindr\u00e0 lloc un tall de llum programat a l&#8217;Ortig\u00f3s, entre les 8.30h i les 13:00h. Per a m\u00e9s informaci\u00f3 podeu accedir a l&#8217;apartat &#8216;Cortes &hellip; <a href=\"https:\/\/bisbalpenedes.com\/web\/2020\/07\/27\/tall-de-llum-programat-a-lortigos-per-al-29-de-juliol\/\" class=\"more-link\">Read More<\/a><\/p>\n","protected":false},"author":4,"featured_media":11566,"comment_status":"closed","ping_status":"closed","sticky":false,"template":"","format":"standard","meta":[],"categories":[3352],"tags":[3452,604,441],"_links":{"self":[{"href":"https:\/\/bisbalpenedes.com\/web\/wp-json\/wp\/v2\/posts\/14142"}],"collection":[{"href":"https:\/\/bisbalpenedes.com\/web\/wp-json\/wp\/v2\/posts"}],"about":[{"href":"https:\/\/bisbalpenedes.com\/web\/wp-json\/wp\/v2\/types\/post"}],"author":[{"embeddable":true,"href":"https:\/\/bisbalpenedes.com\/web\/wp-json\/wp\/v2\/users\/4"}],"replies":[{"embeddable":true,"href":"https:\/\/bisbalpenedes.com\/web\/wp-json\/wp\/v2\/comments?post=14142"}],"version-history":[{"count":3,"href":"https:\/\/bisbalpenedes.com\/web\/wp-json\/wp\/v2\/posts\/14142\/revisions"}],"predecessor-version":[{"id":14146,"href":"https:\/\/bisbalpenedes.com\/web\/wp-json\/wp\/v2\/posts\/14142\/revisions\/14146"}],"wp:featuredmedia":[{"embeddable":true,"href":"https:\/\/bisbalpenedes.com\/web\/wp-json\/wp\/v2\/media\/11566"}],"wp:attachment":[{"href":"https:\/\/bisbalpenedes.com\/web\/wp-json\/wp\/v2\/media?parent=14142"}],"wp:term":[{"taxonomy":"category","embeddable":true,"href":"https:\/\/bisbalpenedes.com\/web\/wp-json\/wp\/v2\/categories?post=14142"},{"taxonomy":"post_tag","embeddable":true,"href":"https:\/\/bisbalpenedes.com\/web\/wp-json\/wp\/v2\/tags?post=14142"}],"curies":[{"name":"wp","href":"https:\/\/api.w.org\/{rel}","templated":true}]}}