{"id":14134,"date":"2020-07-24T22:59:19","date_gmt":"2020-07-24T20:59:19","guid":{"rendered":"http:\/\/bisbalpenedes.com\/web\/?p=14134"},"modified":"2020-07-25T00:52:35","modified_gmt":"2020-07-24T22:52:35","slug":"se-suspen-lobertura-de-locals-i-sales-relacionats-amb-loci-nocturn-a-tot-catalunya","status":"publish","type":"post","link":"https:\/\/bisbalpenedes.com\/web\/2020\/07\/24\/se-suspen-lobertura-de-locals-i-sales-relacionats-amb-loci-nocturn-a-tot-catalunya\/","title":{"rendered":"Se susp\u00e8n l&#8217;obertura de locals i sales relacionades amb l&#8217;oci nocturn a tot Catalunya"},"content":{"rendered":"<p style=\"text-align: justify;\"><a href=\"http:\/\/bisbalpenedes.com\/web\/wp-content\/uploads\/2020\/07\/477671BF-472D-45D5-A0C1-B26C972A7104.jpeg\"><img loading=\"lazy\" class=\"aligncenter size-large wp-image-14135\" src=\"http:\/\/bisbalpenedes.com\/web\/wp-content\/uploads\/2020\/07\/477671BF-472D-45D5-A0C1-B26C972A7104-1024x576.jpeg\" alt=\"477671BF-472D-45D5-A0C1-B26C972A7104\" width=\"630\" height=\"354\" srcset=\"https:\/\/bisbalpenedes.com\/web\/wp-content\/uploads\/2020\/07\/477671BF-472D-45D5-A0C1-B26C972A7104-1024x576.jpeg 1024w, https:\/\/bisbalpenedes.com\/web\/wp-content\/uploads\/2020\/07\/477671BF-472D-45D5-A0C1-B26C972A7104-600x338.jpeg 600w, https:\/\/bisbalpenedes.com\/web\/wp-content\/uploads\/2020\/07\/477671BF-472D-45D5-A0C1-B26C972A7104-300x169.jpeg 300w, https:\/\/bisbalpenedes.com\/web\/wp-content\/uploads\/2020\/07\/477671BF-472D-45D5-A0C1-B26C972A7104-768x432.jpeg 768w, https:\/\/bisbalpenedes.com\/web\/wp-content\/uploads\/2020\/07\/477671BF-472D-45D5-A0C1-B26C972A7104.jpeg 1200w\" sizes=\"(max-width: 630px) 100vw, 630px\" \/><\/a><\/p>\n<p style=\"text-align: justify;\"><span style=\"color: #000000;\">S&#8217;ha publicat una resoluci\u00f3 de la Generalitat de Catalunya per la qual se susp\u00e8n l&#8217;obertura de locals i sales relacionats amb l&#8217;oci nocturn, a partir d&#8217;aquesta mitjanit, com a mesura de contenci\u00f3 del brot epid\u00e8mic de la pand\u00e8mia de Covid-19.\u202c<\/span><br \/>\n<span style=\"color: #000000;\"> \u202aM\u00e9s informaci\u00f3: <a style=\"color: #000000;\" href=\"https:\/\/dogc.gencat.cat\/ca\/pdogc_canals_interns\/pdogc_resultats_fitxa\/?action=fitxa&amp;documentId=878751&amp;language=ca_ES\" target=\"_blank\">https:\/\/dogc.gencat.cat\/ca\/pdogc_canals_interns\/pdogc_resultats_fitxa\/?action=fitxa&amp;documentId=878751&amp;language=ca_ES<\/a><\/span><\/p>\n<hr \/>\n<p style=\"text-align: justify;\"><span style=\"color: #000000;\">Se ha publicado una resoluci\u00f3n de la Generalitat de Catalunya por la cual se suspende la apertura de locales y salas relacionadas con el ocio nocturno, a partir de esta medianoche, como medida de contenci\u00f3n del brote epid\u00e9mico de la pandemia de Covid-19.<\/span><br \/>\n<span style=\"color: #000000;\"> \u202a<a style=\"color: #000000;\" href=\"https:\/\/dogc.gencat.cat\/ca\/pdogc_canals_interns\/pdogc_resultats_fitxa\/?action=fitxa&amp;documentId=878751&amp;language=ca_ES\" target=\"_blank\">https:\/\/dogc.gencat.cat\/ca\/pdogc_canals_interns\/pdogc_resultats_fitxa\/?action=fitxa&amp;documentId=878751&amp;language=ca_ES<\/a><\/span><\/p>\n<p>&nbsp;<\/p>\n","protected":false},"excerpt":{"rendered":"<p>S&#8217;ha publicat una resoluci\u00f3 de la Generalitat de Catalunya per la qual se susp\u00e8n l&#8217;obertura de locals i sales relacionats amb l&#8217;oci nocturn, a partir d&#8217;aquesta mitjanit, com a mesura &hellip; <a href=\"https:\/\/bisbalpenedes.com\/web\/2020\/07\/24\/se-suspen-lobertura-de-locals-i-sales-relacionats-amb-loci-nocturn-a-tot-catalunya\/\" class=\"more-link\">Read More<\/a><\/p>\n","protected":false},"author":4,"featured_media":14135,"comment_status":"closed","ping_status":"closed","sticky":false,"template":"","format":"standard","meta":[],"categories":[3636,8,14],"tags":[3559,3942],"_links":{"self":[{"href":"https:\/\/bisbalpenedes.com\/web\/wp-json\/wp\/v2\/posts\/14134"}],"collection":[{"href":"https:\/\/bisbalpenedes.com\/web\/wp-json\/wp\/v2\/posts"}],"about":[{"href":"https:\/\/bisbalpenedes.com\/web\/wp-json\/wp\/v2\/types\/post"}],"author":[{"embeddable":true,"href":"https:\/\/bisbalpenedes.com\/web\/wp-json\/wp\/v2\/users\/4"}],"replies":[{"embeddable":true,"href":"https:\/\/bisbalpenedes.com\/web\/wp-json\/wp\/v2\/comments?post=14134"}],"version-history":[{"count":6,"href":"https:\/\/bisbalpenedes.com\/web\/wp-json\/wp\/v2\/posts\/14134\/revisions"}],"predecessor-version":[{"id":14141,"href":"https:\/\/bisbalpenedes.com\/web\/wp-json\/wp\/v2\/posts\/14134\/revisions\/14141"}],"wp:featuredmedia":[{"embeddable":true,"href":"https:\/\/bisbalpenedes.com\/web\/wp-json\/wp\/v2\/media\/14135"}],"wp:attachment":[{"href":"https:\/\/bisbalpenedes.com\/web\/wp-json\/wp\/v2\/media?parent=14134"}],"wp:term":[{"taxonomy":"category","embeddable":true,"href":"https:\/\/bisbalpenedes.com\/web\/wp-json\/wp\/v2\/categories?post=14134"},{"taxonomy":"post_tag","embeddable":true,"href":"https:\/\/bisbalpenedes.com\/web\/wp-json\/wp\/v2\/tags?post=14134"}],"curies":[{"name":"wp","href":"https:\/\/api.w.org\/{rel}","templated":true}]}}