{"id":14132,"date":"2020-07-24T15:34:16","date_gmt":"2020-07-24T13:34:16","guid":{"rendered":"http:\/\/bisbalpenedes.com\/web\/?p=14132"},"modified":"2020-07-24T16:24:58","modified_gmt":"2020-07-24T14:24:58","slug":"la-comissio-especial-de-comptes-de-lexercici-2019-tindra-lloc-el-21-dagost","status":"publish","type":"post","link":"https:\/\/bisbalpenedes.com\/web\/2020\/07\/24\/la-comissio-especial-de-comptes-de-lexercici-2019-tindra-lloc-el-21-dagost\/","title":{"rendered":"La Comissi\u00f3 Especial de Comptes de l\u2019exercici 2019 tindr\u00e0 lloc el 21 d\u2019agost"},"content":{"rendered":"<p style=\"text-align: justify;\"><span style=\"color: #000000;\">Avui divendres 24 de juliol s\u2019ha convocat la Comissi\u00f3 Especial de Comptes de l\u2019exercici 2019. Tindr\u00e0 lloc el 21 d\u2019agost a les 10h a l\u2019Ajuntament de la Bisbal del Pened\u00e8s.<\/span><\/p>\n<p style=\"text-align: justify;\"><span style=\"color: #000000;\">L\u2019objectiu de la Comissi\u00f3 Especial de Comptes \u00e9s examinar, estudiar i informar del Compte General anual del Pressupost de l\u2019Ajuntament en compliment del que disposa la Llei i el ROM. La Comissi\u00f3 es convoca amb m\u00e9s de quinze dies d\u2019antelaci\u00f3 perqu\u00e8 els regidors i les regidores puguin consultar la documentaci\u00f3 de l\u2019expedient, tant electr\u00f2nicament com presencialment.<\/span><\/p>\n<p style=\"text-align: justify;\"><span style=\"color: #000000;\">La Comissi\u00f3 de Comptes est\u00e0 integrada per un membre de cada grup pol\u00edtic de la Corporaci\u00f3 amb vot ponderat, en aquest cas:<\/span><\/p>\n<p style=\"padding-left: 30px; text-align: justify;\"><span style=\"color: #000000;\">-Feliu Gil en representaci\u00f3 de Comprom\u00eds amb la Bisbal (6 vots ponderats)<\/span><\/p>\n<p style=\"padding-left: 30px; text-align: justify;\"><span style=\"color: #000000;\">-Daniel Caballero en representaci\u00f3 del PSC (2 vots ponderats)<\/span><\/p>\n<p style=\"padding-left: 30px; text-align: justify;\"><span style=\"color: #000000;\">-Xavier Faura en representaci\u00f3 d\u2019Units per la Bisbal-FIC (1 vot ponderat)<\/span><\/p>\n<p style=\"padding-left: 30px; text-align: justify;\"><span style=\"color: #000000;\">-Maguy Antol\u00edn en representaci\u00f3 d\u2019Ara la Bisbal (1 vot ponderat)<\/span><\/p>\n<p style=\"padding-left: 30px; text-align: justify;\"><span style=\"color: #000000;\">-S\u00edlvia Monfort en representaci\u00f3 d\u2019ERC-AM (1 vot ponderat)<\/span><\/p>\n<p style=\"text-align: justify;\"><span style=\"color: #000000;\">Tamb\u00e9 prenen part de la Comissi\u00f3 de comptes l\u2019alcaldessa de la Bisbal del Pened\u00e8s, Agn\u00e8s Ferr\u00e9, com a presidenta; la secret\u00e0ria municipal i la tresorera municipal.<\/span><\/p>\n<hr \/>\n<p style=\"text-align: justify;\"><span style=\"color: #000000;\"><strong>CASTELLANO |<\/strong> Hoy viernes 24 de julio se ha convocado la Comisi\u00f3n Especial de Cuentas del ejercicio 2019. Tendr\u00e1 lugar el 21 de agosto a las 10h en el Ayuntamiento de la Bisbal del Pened\u00e8s.<\/span><\/p>\n<p style=\"text-align: justify;\"><span style=\"color: #000000;\">El objetivo de la Comisi\u00f3n Especial de Cuentas es examinar, estudiar e informar de la Cuenta General anual del Presupuesto del Ayuntamiento en cumplimiento de lo que dispone la Ley y el ROM. La Comisi\u00f3n se convoca con m\u00e1s de quince d\u00edas de antelaci\u00f3n para que los concejales y las concejalas puedan consultar la documentaci\u00f3n del expediente tanto electr\u00f3nicamente como presencialmente.<\/span><\/p>\n<p style=\"text-align: justify;\"><span style=\"color: #000000;\">La Comisi\u00f3n de Cuentas est\u00e1 integrada por un miembro de cada grupo pol\u00edtico de la Corporaci\u00f3n con voto ponderado, en este caso:<\/span><\/p>\n<p style=\"padding-left: 30px; text-align: justify;\"><span style=\"color: #000000;\">-Feliu Gil, en representaci\u00f3n de Comprom\u00eds amb la Bisbal (6 votos ponderados)<\/span><\/p>\n<p style=\"padding-left: 30px; text-align: justify;\"><span style=\"color: #000000;\">-Daniel Caballero en representaci\u00f3n del PSC (2 votos ponderados)<\/span><\/p>\n<p style=\"padding-left: 30px; text-align: justify;\"><span style=\"color: #000000;\">-Xavier Faura en representaci\u00f3n de Units per la Bisbal-FIC (1 voto ponderado)<\/span><\/p>\n<p style=\"padding-left: 30px; text-align: justify;\"><span style=\"color: #000000;\">-Maguy Antol\u00edn en representaci\u00f3n de Ara la Bisbal (1 voto ponderado)<\/span><\/p>\n<p style=\"padding-left: 30px; text-align: justify;\"><span style=\"color: #000000;\">-Silvia Monfort en representaci\u00f3n de ERC-AM (1 voto ponderado)<\/span><\/p>\n<p style=\"text-align: justify;\"><span style=\"color: #000000;\">Tambi\u00e9n toman parte de la Comisi\u00f3n de cuentas la alcaldesa de la Bisbal del Pened\u00e8s, Agn\u00e8s Ferr\u00e9, como presidenta; la secretaria municipal y la tesorera municipal.<\/span><\/p>\n<p>&nbsp;<\/p>\n","protected":false},"excerpt":{"rendered":"<p>Avui divendres 24 de juliol s\u2019ha convocat la Comissi\u00f3 Especial de Comptes de l\u2019exercici 2019. Tindr\u00e0 lloc el 21 d\u2019agost a les 10h a l\u2019Ajuntament de la Bisbal del Pened\u00e8s. &hellip; <a href=\"https:\/\/bisbalpenedes.com\/web\/2020\/07\/24\/la-comissio-especial-de-comptes-de-lexercici-2019-tindra-lloc-el-21-dagost\/\" class=\"more-link\">Read More<\/a><\/p>\n","protected":false},"author":4,"featured_media":12172,"comment_status":"closed","ping_status":"closed","sticky":false,"template":"","format":"standard","meta":[],"categories":[3835,8],"tags":[2077,3941,515],"_links":{"self":[{"href":"https:\/\/bisbalpenedes.com\/web\/wp-json\/wp\/v2\/posts\/14132"}],"collection":[{"href":"https:\/\/bisbalpenedes.com\/web\/wp-json\/wp\/v2\/posts"}],"about":[{"href":"https:\/\/bisbalpenedes.com\/web\/wp-json\/wp\/v2\/types\/post"}],"author":[{"embeddable":true,"href":"https:\/\/bisbalpenedes.com\/web\/wp-json\/wp\/v2\/users\/4"}],"replies":[{"embeddable":true,"href":"https:\/\/bisbalpenedes.com\/web\/wp-json\/wp\/v2\/comments?post=14132"}],"version-history":[{"count":1,"href":"https:\/\/bisbalpenedes.com\/web\/wp-json\/wp\/v2\/posts\/14132\/revisions"}],"predecessor-version":[{"id":14133,"href":"https:\/\/bisbalpenedes.com\/web\/wp-json\/wp\/v2\/posts\/14132\/revisions\/14133"}],"wp:featuredmedia":[{"embeddable":true,"href":"https:\/\/bisbalpenedes.com\/web\/wp-json\/wp\/v2\/media\/12172"}],"wp:attachment":[{"href":"https:\/\/bisbalpenedes.com\/web\/wp-json\/wp\/v2\/media?parent=14132"}],"wp:term":[{"taxonomy":"category","embeddable":true,"href":"https:\/\/bisbalpenedes.com\/web\/wp-json\/wp\/v2\/categories?post=14132"},{"taxonomy":"post_tag","embeddable":true,"href":"https:\/\/bisbalpenedes.com\/web\/wp-json\/wp\/v2\/tags?post=14132"}],"curies":[{"name":"wp","href":"https:\/\/api.w.org\/{rel}","templated":true}]}}