{"id":14118,"date":"2020-07-24T10:09:04","date_gmt":"2020-07-24T08:09:04","guid":{"rendered":"http:\/\/bisbalpenedes.com\/web\/?p=14118"},"modified":"2020-07-24T10:25:49","modified_gmt":"2020-07-24T08:25:49","slug":"comencen-les-proves-de-posada-en-funcionament-del-nou-pou-de-lesplai","status":"publish","type":"post","link":"https:\/\/bisbalpenedes.com\/web\/2020\/07\/24\/comencen-les-proves-de-posada-en-funcionament-del-nou-pou-de-lesplai\/","title":{"rendered":"Comencen les proves de posada en funcionament del nou pou de l\u2019Esplai"},"content":{"rendered":"<p style=\"text-align: justify;\"><a href=\"http:\/\/bisbalpenedes.com\/web\/wp-content\/uploads\/2018\/08\/CARTELL-LESPLAI.jpg\"><img loading=\"lazy\" class=\"aligncenter size-medium wp-image-6679\" src=\"http:\/\/bisbalpenedes.com\/web\/wp-content\/uploads\/2018\/08\/CARTELL-LESPLAI-300x200.jpg\" alt=\"CARTELL L'ESPLAI\" width=\"300\" height=\"200\" srcset=\"https:\/\/bisbalpenedes.com\/web\/wp-content\/uploads\/2018\/08\/CARTELL-LESPLAI-300x200.jpg 300w, https:\/\/bisbalpenedes.com\/web\/wp-content\/uploads\/2018\/08\/CARTELL-LESPLAI-600x400.jpg 600w, https:\/\/bisbalpenedes.com\/web\/wp-content\/uploads\/2018\/08\/CARTELL-LESPLAI-768x512.jpg 768w, https:\/\/bisbalpenedes.com\/web\/wp-content\/uploads\/2018\/08\/CARTELL-LESPLAI-1024x683.jpg 1024w\" sizes=\"(max-width: 300px) 100vw, 300px\" \/><\/a><\/p>\n<p style=\"text-align: justify;\"><span style=\"color: #000000;\">L\u2019Ajuntament de la Bisbal del Pened\u00e8s informa que han comen\u00e7at les proves de posada en funcionament del punt de captaci\u00f3 d\u2019aig\u00fces -\u00e9s a dir, el pou- ubicat al carrer Joan Mir\u00f3 de l\u2019Esplai. Aquestes proves compleixen amb les caracter\u00edstiques i les condicions del punt d\u2019abastament, establertes a l\u2019autoritzaci\u00f3 de la concessi\u00f3 per part de l\u2019Ag\u00e8ncia Catalana de l\u2019Aigua (ACA), i inclouen la desinfecci\u00f3 de la canonada de transport d\u2019aigua, l\u2019avaluaci\u00f3 i les accions pertinents per a la potabilitzaci\u00f3 de l\u2019aigua. Durant l\u2019execuci\u00f3 d\u2019aquestes accions, s\u2019abocar\u00e0 a la riera l\u2019aigua extreta del pou, sense que aix\u00f2 suposi cap risc per a la salut ni per a l\u2019ecosistema.<\/span><\/p>\n<p style=\"text-align: justify;\"><span style=\"color: #000000;\">L\u2019alcaldessa de la Bisbal del Pened\u00e8s, Agn\u00e8s Ferr\u00e9, va signar un Decret d\u2019alcaldia el passat 22 de juliol per autoritzar l\u2019empresa concession\u00e0ria del servei d\u2019abastament d\u2019aigua, FCC Aqualia SA. perqu\u00e8 pugui dur a terme aquestes proves i haur\u00e0 d\u2019informar l\u2019Ajuntament dels resultats d\u2019aquestes i de qualsevol incid\u00e8ncia que pugui sorgir. Agn\u00e8s Ferr\u00e9 ha explicat que \u201cel juliol de 2019 el Servei de Salut P\u00fablica del Camp de Tarragona va informar favorablement del pou d\u2019abastament d\u2019aigua situat al carrer Joan Mir\u00f3 i el novembre del mateix any l\u2019ACA va atorgar la concessi\u00f3 definitiva d\u2019aig\u00fces sol\u00b7licitada, d\u2019acord amb les caracter\u00edstiques i condicions establertes. El mar\u00e7 de 2020 es va signar l\u2019acta de recepci\u00f3 de les obres del pou de l\u2019Esplai per\u00f2, a causa de la pand\u00e8mia, no es podien dur a terme les proves i, per aquest motiu, es realitzen a partir d\u2019aquesta setmana\u201d.<\/span><\/p>\n<p style=\"text-align: justify;\"><span style=\"color: #000000;\">Una vegada s\u2019hagin fet les proves es realitzar\u00e0 l\u2019adscripci\u00f3 del pou al servei de la xarxa d\u2019abastament d\u2019aigua potable. Aquest ser\u00e0 el darrer pas per posar-lo en funcionament. Ferr\u00e9 ha explicat que \u201camb la posada en funcionament del nou pou esperem que puguem posar fi a les problem\u00e0tiques i els talls en el subministrament d\u2019aigua per insufici\u00e8ncia de cabal que ha patit l\u2019Esplai en els darrers anys, especialment durant els \u00faltims estius\u201d.<\/span><\/p>\n<hr \/>\n<p style=\"text-align: justify;\"><span style=\"color: #000000;\"><strong>CASTELLANO |\u00a0<\/strong>El Ayuntamiento de la Bisbal del Pened\u00e8s informa de que han empezado las pruebas de puesta en funcionamiento del punto de captaci\u00f3n de aguas -es decir, el pozo- ubicado en la calle Joan Mir\u00f3 de l\u2019Esplai. Estas pruebas cumplen con las caracter\u00edsticas y las condiciones del punto de abastecimiento, establecidas en la autorizaci\u00f3n de la concesi\u00f3n por parte de la Agencia Catalana del Agua (ACA), e incluyen la desinfecci\u00f3n de la tuber\u00eda de transporte de agua, la evaluaci\u00f3n y las acciones pertinentes para la potabilizaci\u00f3n del agua. Durante la ejecuci\u00f3n de estas acciones, se verter\u00e1 en la riera el agua extra\u00edda del pozo, sin que esto suponga ning\u00fan riesgo para la salud ni el ecosistema.<\/span><\/p>\n<p style=\"text-align: justify;\"><span style=\"color: #000000;\">La alcaldesa de la Bisbal del Pened\u00e8s, Agn\u00e8s Ferr\u00e9, firm\u00f3 un Decreto de alcald\u00eda el pasado 22 de julio para autorizar a la empresa concesionaria del servicio de abastecimiento de agua, FCC Aqualia SA. para que pueda llevar a cabo estas pruebas y deber\u00e1 informar al Ayuntamiento de los resultados de las mismas y de cualquier incidencia que pueda surgir. Agn\u00e8s Ferr\u00e9 ha explicado que \u201cen julio del 2019 el Servicio de Salud P\u00fablica del Camp de Tarragona inform\u00f3 favorablemente del pozo de abastecimiento de agua situado en la calle Joan Mir\u00f3 y en noviembre del mismo a\u00f1o la ACA otorg\u00f3 la concesi\u00f3n definitiva de aguas solicitada, de acuerdo con las caracter\u00edsticas y condiciones establecidas. En marzo del 2020 se firm\u00f3 el acta de recepci\u00f3n de las obras del pozo de l\u2019Esplai pero, a causa de la pandemia, no se pod\u00edan llevar a cabo las pruebas y, por este motivo, se realizan a partir de esta semana\u201d.<\/span><\/p>\n<p style=\"text-align: justify;\"><span style=\"color: #000000;\">Una vez se hayan hecho las pruebas se realizar\u00e1 la adscripci\u00f3n del pozo en el servicio de la red de abastecimiento de agua potable. Este ser\u00e1 el \u00faltimo paso para ponerlo en funcionamiento. Ferr\u00e9 ha explicado que \u201ccon la puesta en marcha del nuevo pozo esperamos que podamos poner fin a las problem\u00e1ticas y a los cortes en el suministro de agua por insuficiencia de cabal que ha sufrido l\u2019Esplai en los \u00faltimos a\u00f1os, especialmente durante los \u00faltimos veranos\u201d.<\/span><\/p>\n<p>&nbsp;<\/p>\n<p>&nbsp;<\/p>\n","protected":false},"excerpt":{"rendered":"<p>L\u2019Ajuntament de la Bisbal del Pened\u00e8s informa que han comen\u00e7at les proves de posada en funcionament del punt de captaci\u00f3 d\u2019aig\u00fces -\u00e9s a dir, el pou- ubicat al carrer Joan &hellip; <a href=\"https:\/\/bisbalpenedes.com\/web\/2020\/07\/24\/comencen-les-proves-de-posada-en-funcionament-del-nou-pou-de-lesplai\/\" class=\"more-link\">Read More<\/a><\/p>\n","protected":false},"author":4,"featured_media":6679,"comment_status":"closed","ping_status":"closed","sticky":false,"template":"","format":"standard","meta":[],"categories":[8,3352],"tags":[768,161,649,276,3936,393,275,2862],"_links":{"self":[{"href":"https:\/\/bisbalpenedes.com\/web\/wp-json\/wp\/v2\/posts\/14118"}],"collection":[{"href":"https:\/\/bisbalpenedes.com\/web\/wp-json\/wp\/v2\/posts"}],"about":[{"href":"https:\/\/bisbalpenedes.com\/web\/wp-json\/wp\/v2\/types\/post"}],"author":[{"embeddable":true,"href":"https:\/\/bisbalpenedes.com\/web\/wp-json\/wp\/v2\/users\/4"}],"replies":[{"embeddable":true,"href":"https:\/\/bisbalpenedes.com\/web\/wp-json\/wp\/v2\/comments?post=14118"}],"version-history":[{"count":3,"href":"https:\/\/bisbalpenedes.com\/web\/wp-json\/wp\/v2\/posts\/14118\/revisions"}],"predecessor-version":[{"id":14121,"href":"https:\/\/bisbalpenedes.com\/web\/wp-json\/wp\/v2\/posts\/14118\/revisions\/14121"}],"wp:featuredmedia":[{"embeddable":true,"href":"https:\/\/bisbalpenedes.com\/web\/wp-json\/wp\/v2\/media\/6679"}],"wp:attachment":[{"href":"https:\/\/bisbalpenedes.com\/web\/wp-json\/wp\/v2\/media?parent=14118"}],"wp:term":[{"taxonomy":"category","embeddable":true,"href":"https:\/\/bisbalpenedes.com\/web\/wp-json\/wp\/v2\/categories?post=14118"},{"taxonomy":"post_tag","embeddable":true,"href":"https:\/\/bisbalpenedes.com\/web\/wp-json\/wp\/v2\/tags?post=14118"}],"curies":[{"name":"wp","href":"https:\/\/api.w.org\/{rel}","templated":true}]}}