{"id":14114,"date":"2020-07-23T10:15:00","date_gmt":"2020-07-23T08:15:00","guid":{"rendered":"http:\/\/bisbalpenedes.com\/web\/?p=14114"},"modified":"2020-07-23T10:53:30","modified_gmt":"2020-07-23T08:53:30","slug":"ja-shan-esgotat-les-localitats-disponibles-per-assistir-al-lliurament-de-premis-del-concurs-literari-i-a-la-presentacio-del-llibre-als-teus-ulls","status":"publish","type":"post","link":"https:\/\/bisbalpenedes.com\/web\/2020\/07\/23\/ja-shan-esgotat-les-localitats-disponibles-per-assistir-al-lliurament-de-premis-del-concurs-literari-i-a-la-presentacio-del-llibre-als-teus-ulls\/","title":{"rendered":"Ja s&#8217;han esgotat les localitats disponibles per assistir al lliurament de premis del concurs literari i a la presentaci\u00f3 del llibre &#8220;Als teus ulls&#8221;"},"content":{"rendered":"<div class=\"\" data-block=\"true\" data-editor=\"2i86p\" data-offset-key=\"75pvb-0-0\">\n<div class=\"_1mf _1mj\" style=\"text-align: justify;\" data-offset-key=\"75pvb-0-0\"><a href=\"http:\/\/bisbalpenedes.com\/web\/wp-content\/uploads\/2020\/07\/aforament-complet-sant-jordi-destiu.png\"><img loading=\"lazy\" class=\"aligncenter size-medium wp-image-14115\" src=\"http:\/\/bisbalpenedes.com\/web\/wp-content\/uploads\/2020\/07\/aforament-complet-sant-jordi-destiu-300x300.png\" alt=\"aforament complet sant jordi d'estiu\" width=\"300\" height=\"300\" srcset=\"https:\/\/bisbalpenedes.com\/web\/wp-content\/uploads\/2020\/07\/aforament-complet-sant-jordi-destiu-300x300.png 300w, https:\/\/bisbalpenedes.com\/web\/wp-content\/uploads\/2020\/07\/aforament-complet-sant-jordi-destiu-100x100.png 100w, https:\/\/bisbalpenedes.com\/web\/wp-content\/uploads\/2020\/07\/aforament-complet-sant-jordi-destiu-600x600.png 600w, https:\/\/bisbalpenedes.com\/web\/wp-content\/uploads\/2020\/07\/aforament-complet-sant-jordi-destiu-150x150.png 150w, https:\/\/bisbalpenedes.com\/web\/wp-content\/uploads\/2020\/07\/aforament-complet-sant-jordi-destiu-768x768.png 768w, https:\/\/bisbalpenedes.com\/web\/wp-content\/uploads\/2020\/07\/aforament-complet-sant-jordi-destiu-1024x1024.png 1024w, https:\/\/bisbalpenedes.com\/web\/wp-content\/uploads\/2020\/07\/aforament-complet-sant-jordi-destiu.png 1364w\" sizes=\"(max-width: 300px) 100vw, 300px\" \/><\/a><\/div>\n<div class=\"_1mf _1mj\" style=\"text-align: justify;\" data-offset-key=\"75pvb-0-0\"><span style=\"color: #000000;\" data-offset-key=\"75pvb-3-0\"><span data-text=\"true\">Feli\u00e7 diada de Sant Jordi d&#8217;estiu! <\/span><\/span><\/div>\n<\/div>\n<div class=\"\" style=\"text-align: justify;\" data-block=\"true\" data-editor=\"2i86p\" data-offset-key=\"fgojg-0-0\">\n<div class=\"_1mf _1mj\" data-offset-key=\"fgojg-0-0\"><span style=\"color: #000000;\" data-offset-key=\"fgojg-0-0\"><span data-text=\"true\">Ja s&#8217;han esgotat les localitats disponibles per assistir al lliurament de premis del concurs literari i a la presentaci\u00f3 del llibre &#8220;Als teus ulls&#8221;, una recopilaci\u00f3 d&#8217;imatges de Foto Farrais. Les localitats eren limitades perqu\u00e8 s&#8217;han de preservar les dist\u00e0ncies entre els assistents tal com marca la normativa vigent per prevenir contagis de Covid-19.<\/span><\/span><\/div>\n<div class=\"_1mf _1mj\" data-offset-key=\"fgojg-0-0\"><\/div>\n<div class=\"_1mf _1mj\" data-offset-key=\"fgojg-0-0\">\n<div class=\"css-1dbjc4n\">\n<div id=\"tweet-text\" class=\"css-901oao r-hkyrab r-1qd0xha r-a023e6 r-16dba41 r-ad9z0x r-bcqeeo r-bnwqim r-qvutc0\" dir=\"auto\" lang=\"ca\"><span style=\"color: #000000;\"><span class=\"css-901oao css-16my406 r-1qd0xha r-ad9z0x r-bcqeeo r-qvutc0\">El llibre &#8220;Als teus ulls&#8221; es podr\u00e0 adquirir avui en acabar l&#8217;acte i a l&#8217;Ajuntament de <\/span><span class=\"r-18u37iz\">la Bisbal<\/span><span class=\"css-901oao css-16my406 r-1qd0xha r-ad9z0x r-bcqeeo r-qvutc0\">\u00a0i la Biblioteca p\u00fablica a partir de la setmana vinent. Es tracta d&#8217;un recull de fotografies del fons de Foto Farrais amb pr\u00f2leg del bisbalenc Heribert Ventosa.<\/span><\/span><\/div>\n<div class=\"css-901oao r-hkyrab r-1qd0xha r-a023e6 r-16dba41 r-ad9z0x r-bcqeeo r-bnwqim r-qvutc0\" dir=\"auto\" lang=\"ca\"><a href=\"http:\/\/bisbalpenedes.com\/web\/wp-content\/uploads\/2020\/07\/als-teus-ulls-a-partir-setmana-vinent.jpeg\"><img loading=\"lazy\" class=\"aligncenter size-full wp-image-14116\" src=\"http:\/\/bisbalpenedes.com\/web\/wp-content\/uploads\/2020\/07\/als-teus-ulls-a-partir-setmana-vinent.jpeg\" alt=\"als teus ulls a partir setmana vinent\" width=\"828\" height=\"828\" srcset=\"https:\/\/bisbalpenedes.com\/web\/wp-content\/uploads\/2020\/07\/als-teus-ulls-a-partir-setmana-vinent.jpeg 828w, https:\/\/bisbalpenedes.com\/web\/wp-content\/uploads\/2020\/07\/als-teus-ulls-a-partir-setmana-vinent-300x300.jpeg 300w, https:\/\/bisbalpenedes.com\/web\/wp-content\/uploads\/2020\/07\/als-teus-ulls-a-partir-setmana-vinent-100x100.jpeg 100w, https:\/\/bisbalpenedes.com\/web\/wp-content\/uploads\/2020\/07\/als-teus-ulls-a-partir-setmana-vinent-600x600.jpeg 600w, https:\/\/bisbalpenedes.com\/web\/wp-content\/uploads\/2020\/07\/als-teus-ulls-a-partir-setmana-vinent-150x150.jpeg 150w, https:\/\/bisbalpenedes.com\/web\/wp-content\/uploads\/2020\/07\/als-teus-ulls-a-partir-setmana-vinent-768x768.jpeg 768w\" sizes=\"(max-width: 828px) 100vw, 828px\" \/><\/a><\/div>\n<\/div>\n<\/div>\n<\/div>\n<div class=\"\" style=\"text-align: justify;\" data-block=\"true\" data-editor=\"2i86p\" data-offset-key=\"7cen0-0-0\">\n<div class=\"_1mf _1mj\" data-offset-key=\"7cen0-0-0\">\n<hr \/>\n<\/div>\n<\/div>\n<div class=\"\" style=\"text-align: justify;\" data-block=\"true\" data-editor=\"2i86p\" data-offset-key=\"6fihc-0-0\">\n<div class=\"_1mf _1mj\" data-offset-key=\"6fihc-0-0\"><span style=\"color: #000000;\"><strong>CASTELLANO |<\/strong> \u00a1Feliz diada de Sant Jordi de verano!<\/span><\/div>\n<\/div>\n<div class=\"\" style=\"text-align: justify;\" data-block=\"true\" data-editor=\"2i86p\" data-offset-key=\"f8nj3-0-0\">\n<div class=\"_1mf _1mj\" style=\"text-align: justify;\" data-offset-key=\"f8nj3-0-0\"><span style=\"color: #000000;\" data-offset-key=\"f8nj3-0-0\"><span data-text=\"true\">Ya se han agotado las localidades disponibles para asistir a la entrega de premios del concurso literario y a la presentaci\u00f3n del libro &#8220;Als teus ulls&#8221;, una recopilaci\u00f3n de im\u00e1genes de Foto Farrais. Las localidades eran limitadas porqu\u00e9 se tienen que preservar las distancias entre los asistentes tal y como marca la normativa vigente para prevenir contagios de Covid-19.<\/span><\/span><\/div>\n<\/div>\n<div class=\"_1mf _1mj\" style=\"text-align: justify;\" data-offset-key=\"f8nj3-0-0\"><\/div>\n<div class=\"_1mf _1mj\" style=\"text-align: justify;\" data-offset-key=\"f8nj3-0-0\"><span style=\"color: #000000;\">El libro &#8220;Als teus ulls&#8221; se podr\u00e1 adquirir hoy al finalizar el acto y en el Ayuntamiento de la Bisbal y la Biblioteca p\u00fablica a partir de la semana que viene. Se trata de una recopilaci\u00f3n de fotograf\u00edas del fondo Foto Farrais con pr\u00f3logo del bisbalense Heribert Ventosa.<\/span><\/div>\n<div class=\"\" data-block=\"true\" data-editor=\"2i86p\" data-offset-key=\"c1v0h-0-0\"><\/div>\n","protected":false},"excerpt":{"rendered":"<p>Feli\u00e7 diada de Sant Jordi d&#8217;estiu! Ja s&#8217;han esgotat les localitats disponibles per assistir al lliurament de premis del concurs literari i a la presentaci\u00f3 del llibre &#8220;Als teus ulls&#8221;, &hellip; <a href=\"https:\/\/bisbalpenedes.com\/web\/2020\/07\/23\/ja-shan-esgotat-les-localitats-disponibles-per-assistir-al-lliurament-de-premis-del-concurs-literari-i-a-la-presentacio-del-llibre-als-teus-ulls\/\" class=\"more-link\">Read More<\/a><\/p>\n","protected":false},"author":4,"featured_media":14115,"comment_status":"closed","ping_status":"closed","sticky":false,"template":"","format":"standard","meta":[],"categories":[13,8],"tags":[110,3935,225,3167,47,3930,3929],"_links":{"self":[{"href":"https:\/\/bisbalpenedes.com\/web\/wp-json\/wp\/v2\/posts\/14114"}],"collection":[{"href":"https:\/\/bisbalpenedes.com\/web\/wp-json\/wp\/v2\/posts"}],"about":[{"href":"https:\/\/bisbalpenedes.com\/web\/wp-json\/wp\/v2\/types\/post"}],"author":[{"embeddable":true,"href":"https:\/\/bisbalpenedes.com\/web\/wp-json\/wp\/v2\/users\/4"}],"replies":[{"embeddable":true,"href":"https:\/\/bisbalpenedes.com\/web\/wp-json\/wp\/v2\/comments?post=14114"}],"version-history":[{"count":1,"href":"https:\/\/bisbalpenedes.com\/web\/wp-json\/wp\/v2\/posts\/14114\/revisions"}],"predecessor-version":[{"id":14117,"href":"https:\/\/bisbalpenedes.com\/web\/wp-json\/wp\/v2\/posts\/14114\/revisions\/14117"}],"wp:featuredmedia":[{"embeddable":true,"href":"https:\/\/bisbalpenedes.com\/web\/wp-json\/wp\/v2\/media\/14115"}],"wp:attachment":[{"href":"https:\/\/bisbalpenedes.com\/web\/wp-json\/wp\/v2\/media?parent=14114"}],"wp:term":[{"taxonomy":"category","embeddable":true,"href":"https:\/\/bisbalpenedes.com\/web\/wp-json\/wp\/v2\/categories?post=14114"},{"taxonomy":"post_tag","embeddable":true,"href":"https:\/\/bisbalpenedes.com\/web\/wp-json\/wp\/v2\/tags?post=14114"}],"curies":[{"name":"wp","href":"https:\/\/api.w.org\/{rel}","templated":true}]}}