{"id":14112,"date":"2020-07-22T12:14:21","date_gmt":"2020-07-22T10:14:21","guid":{"rendered":"http:\/\/bisbalpenedes.com\/web\/?p=14112"},"modified":"2020-07-22T12:14:21","modified_gmt":"2020-07-22T10:14:21","slug":"avis-hi-ha-una-avaria-a-la-centraleta-de-lajuntament","status":"publish","type":"post","link":"https:\/\/bisbalpenedes.com\/web\/2020\/07\/22\/avis-hi-ha-una-avaria-a-la-centraleta-de-lajuntament\/","title":{"rendered":"Av\u00eds: hi ha una avaria a la centraleta de l&#8217;Ajuntament"},"content":{"rendered":"<p>La centraleta telef\u00f2nica de l&#8217;Ajuntament de la Bisbal del Pened\u00e8s presenta una avaria. S&#8217;est\u00e0 treballant per resoldre-la. Us recomanem que per contactar amb nosaltres prioritzeu les seg\u00fcents vies:<\/p>\n<ul>\n<li>Presencial (c. Major,21)<\/li>\n<li>Per correu electr\u00f2nic: info@bisbalpenedes.com<\/li>\n<li>Per registre d&#8217;entrada electr\u00f2nic al web www.bisbalpenedes.com<\/li>\n<\/ul>\n<hr \/>\n<p>La centralita telef\u00f3nica del Ayuntamiento de la Bisbal del Pened\u00e8s presenta una aver\u00eda. Se est\u00e1 trabajando en su resoluci\u00f3n. Os recomendamos que para contactar con nosotros prioric\u00e9is las siguientes v\u00edas:<\/p>\n<ul>\n<li>Presencial (c. Major, 21)<\/li>\n<li>Por correo electr\u00f3nico: info@bisbalpenedes.com<\/li>\n<li>Por registro de entrada electr\u00f3nico en la web www.bisbalpenedes.com<\/li>\n<\/ul>\n","protected":false},"excerpt":{"rendered":"<p>La centraleta telef\u00f2nica de l&#8217;Ajuntament de la Bisbal del Pened\u00e8s presenta una avaria. S&#8217;est\u00e0 treballant per resoldre-la. Us recomanem que per contactar amb nosaltres prioritzeu les seg\u00fcents vies: Presencial (c. &hellip; <a href=\"https:\/\/bisbalpenedes.com\/web\/2020\/07\/22\/avis-hi-ha-una-avaria-a-la-centraleta-de-lajuntament\/\" class=\"more-link\">Read More<\/a><\/p>\n","protected":false},"author":4,"featured_media":13964,"comment_status":"closed","ping_status":"closed","sticky":false,"template":"","format":"standard","meta":[],"categories":[1628],"tags":[1097,3934,27],"_links":{"self":[{"href":"https:\/\/bisbalpenedes.com\/web\/wp-json\/wp\/v2\/posts\/14112"}],"collection":[{"href":"https:\/\/bisbalpenedes.com\/web\/wp-json\/wp\/v2\/posts"}],"about":[{"href":"https:\/\/bisbalpenedes.com\/web\/wp-json\/wp\/v2\/types\/post"}],"author":[{"embeddable":true,"href":"https:\/\/bisbalpenedes.com\/web\/wp-json\/wp\/v2\/users\/4"}],"replies":[{"embeddable":true,"href":"https:\/\/bisbalpenedes.com\/web\/wp-json\/wp\/v2\/comments?post=14112"}],"version-history":[{"count":1,"href":"https:\/\/bisbalpenedes.com\/web\/wp-json\/wp\/v2\/posts\/14112\/revisions"}],"predecessor-version":[{"id":14113,"href":"https:\/\/bisbalpenedes.com\/web\/wp-json\/wp\/v2\/posts\/14112\/revisions\/14113"}],"wp:featuredmedia":[{"embeddable":true,"href":"https:\/\/bisbalpenedes.com\/web\/wp-json\/wp\/v2\/media\/13964"}],"wp:attachment":[{"href":"https:\/\/bisbalpenedes.com\/web\/wp-json\/wp\/v2\/media?parent=14112"}],"wp:term":[{"taxonomy":"category","embeddable":true,"href":"https:\/\/bisbalpenedes.com\/web\/wp-json\/wp\/v2\/categories?post=14112"},{"taxonomy":"post_tag","embeddable":true,"href":"https:\/\/bisbalpenedes.com\/web\/wp-json\/wp\/v2\/tags?post=14112"}],"curies":[{"name":"wp","href":"https:\/\/api.w.org\/{rel}","templated":true}]}}