{"id":14086,"date":"2020-07-16T10:37:04","date_gmt":"2020-07-16T08:37:04","guid":{"rendered":"http:\/\/bisbalpenedes.com\/web\/?p=14086"},"modified":"2020-07-16T10:37:04","modified_gmt":"2020-07-16T08:37:04","slug":"el-meteocat-ha-emes-un-avis-per-intensitat-de-pluja-que-afectara-el-baix-penedes-la-matinada-del-dijous-16-al-divendres-17-de-juliol","status":"publish","type":"post","link":"https:\/\/bisbalpenedes.com\/web\/2020\/07\/16\/el-meteocat-ha-emes-un-avis-per-intensitat-de-pluja-que-afectara-el-baix-penedes-la-matinada-del-dijous-16-al-divendres-17-de-juliol\/","title":{"rendered":"El Meteocat ha em\u00e8s un av\u00eds per intensitat de pluja que afectar\u00e0 el Baix Pened\u00e8s la matinada del dijous 16 al divendres 17 de juliol"},"content":{"rendered":"<p style=\"text-align: justify;\"><span style=\"color: #000000;\">El Meteocat ha em\u00e8s un av\u00eds per intensitat de pluja que afectar\u00e0 el Baix Pened\u00e8s la propera matinada.<\/span><\/p>\n<hr \/>\n<p style=\"text-align: justify;\"><span style=\"color: #000000;\">El Meteocat ha emitido un aviso por intensidad de lluvia que afectar\u00e1 al Baix Pened\u00e8s la pr\u00f3xima madrugada.<\/span><\/p>\n<p style=\"text-align: justify;\"><a href=\"http:\/\/bisbalpenedes.com\/web\/wp-content\/uploads\/2020\/07\/meteorologia-pluja-17-7-20.jpeg\"><img loading=\"lazy\" class=\"aligncenter size-full wp-image-14087\" src=\"http:\/\/bisbalpenedes.com\/web\/wp-content\/uploads\/2020\/07\/meteorologia-pluja-17-7-20.jpeg\" alt=\"meteorologia pluja 17-7-20\" width=\"828\" height=\"828\" srcset=\"https:\/\/bisbalpenedes.com\/web\/wp-content\/uploads\/2020\/07\/meteorologia-pluja-17-7-20.jpeg 828w, https:\/\/bisbalpenedes.com\/web\/wp-content\/uploads\/2020\/07\/meteorologia-pluja-17-7-20-300x300.jpeg 300w, https:\/\/bisbalpenedes.com\/web\/wp-content\/uploads\/2020\/07\/meteorologia-pluja-17-7-20-100x100.jpeg 100w, https:\/\/bisbalpenedes.com\/web\/wp-content\/uploads\/2020\/07\/meteorologia-pluja-17-7-20-600x600.jpeg 600w, https:\/\/bisbalpenedes.com\/web\/wp-content\/uploads\/2020\/07\/meteorologia-pluja-17-7-20-150x150.jpeg 150w, https:\/\/bisbalpenedes.com\/web\/wp-content\/uploads\/2020\/07\/meteorologia-pluja-17-7-20-768x768.jpeg 768w\" sizes=\"(max-width: 828px) 100vw, 828px\" \/><\/a><\/p>\n","protected":false},"excerpt":{"rendered":"<p>El Meteocat ha em\u00e8s un av\u00eds per intensitat de pluja que afectar\u00e0 el Baix Pened\u00e8s la propera matinada. El Meteocat ha emitido un aviso por intensidad de lluvia que afectar\u00e1 &hellip; <a href=\"https:\/\/bisbalpenedes.com\/web\/2020\/07\/16\/el-meteocat-ha-emes-un-avis-per-intensitat-de-pluja-que-afectara-el-baix-penedes-la-matinada-del-dijous-16-al-divendres-17-de-juliol\/\" class=\"more-link\">Read More<\/a><\/p>\n","protected":false},"author":4,"featured_media":14087,"comment_status":"closed","ping_status":"closed","sticky":false,"template":"","format":"standard","meta":[],"categories":[2543,8],"tags":[129,1188,2474],"_links":{"self":[{"href":"https:\/\/bisbalpenedes.com\/web\/wp-json\/wp\/v2\/posts\/14086"}],"collection":[{"href":"https:\/\/bisbalpenedes.com\/web\/wp-json\/wp\/v2\/posts"}],"about":[{"href":"https:\/\/bisbalpenedes.com\/web\/wp-json\/wp\/v2\/types\/post"}],"author":[{"embeddable":true,"href":"https:\/\/bisbalpenedes.com\/web\/wp-json\/wp\/v2\/users\/4"}],"replies":[{"embeddable":true,"href":"https:\/\/bisbalpenedes.com\/web\/wp-json\/wp\/v2\/comments?post=14086"}],"version-history":[{"count":1,"href":"https:\/\/bisbalpenedes.com\/web\/wp-json\/wp\/v2\/posts\/14086\/revisions"}],"predecessor-version":[{"id":14088,"href":"https:\/\/bisbalpenedes.com\/web\/wp-json\/wp\/v2\/posts\/14086\/revisions\/14088"}],"wp:featuredmedia":[{"embeddable":true,"href":"https:\/\/bisbalpenedes.com\/web\/wp-json\/wp\/v2\/media\/14087"}],"wp:attachment":[{"href":"https:\/\/bisbalpenedes.com\/web\/wp-json\/wp\/v2\/media?parent=14086"}],"wp:term":[{"taxonomy":"category","embeddable":true,"href":"https:\/\/bisbalpenedes.com\/web\/wp-json\/wp\/v2\/categories?post=14086"},{"taxonomy":"post_tag","embeddable":true,"href":"https:\/\/bisbalpenedes.com\/web\/wp-json\/wp\/v2\/tags?post=14086"}],"curies":[{"name":"wp","href":"https:\/\/api.w.org\/{rel}","templated":true}]}}