{"id":14083,"date":"2020-07-16T10:22:56","date_gmt":"2020-07-16T08:22:56","guid":{"rendered":"http:\/\/bisbalpenedes.com\/web\/?p=14083"},"modified":"2020-07-16T10:22:56","modified_gmt":"2020-07-16T08:22:56","slug":"continua-procediment-per-aprovar-els-beneficiaris-de-les-subvencions-per-a-persones-i-unitats-familiars-afectades-per-la-covid-19","status":"publish","type":"post","link":"https:\/\/bisbalpenedes.com\/web\/2020\/07\/16\/continua-procediment-per-aprovar-els-beneficiaris-de-les-subvencions-per-a-persones-i-unitats-familiars-afectades-per-la-covid-19\/","title":{"rendered":"Continua procediment per aprovar els beneficiaris de les subvencions per a persones i unitats familiars afectades per la Covid-19"},"content":{"rendered":"<p style=\"text-align: justify;\"><span style=\"color: #000000;\">El Ple de l\u201911 de maig de 2020 va aprovar les bases reguladores i la convocat\u00f2ria de les subvencions per a persones i unitats familiars o de conviv\u00e8ncia afectades per la crisi sanit\u00e0ria ocasionada per la Covid-19\u00a0 i el termini per presentar sol\u00b7licituds va romandre obert entre el 20 de maig i el 16 de juny de 2020. Durant aquest per\u00edode es van rebre un total de 17 sol\u00b7licituds de subvencions.<\/span><\/p>\n<p style=\"text-align: justify;\"><span style=\"color: #000000;\">El passat 8 de juliol es va reunir la comissi\u00f3 t\u00e8cnica -formada per la Secret\u00e0ria\/Interventora de la Corporaci\u00f3, dues professionals de Serveis Socials del Consell Comarcal del Baix Pened\u00e8s i la cap de la Unitat Administrativa \u2013 i van aixecar acta per valorar que totes les sol\u00b7licituds presentades complissin els requisits i per notificar als sol\u00b7licitants que els manca documentaci\u00f3 per poder-la valorar.<\/span><\/p>\n<p style=\"text-align: justify;\"><span style=\"color: #000000;\">Per tot plegat, la Junta de Govern del 13 de juliol de 2020 ha aprovat:<\/span><\/p>\n<p style=\"text-align: justify; padding-left: 30px;\"><span style=\"color: #000000;\">-Declarar com a no beneficiaris a 5 sol\u00b7licitants per no complir els requisits de les bases de les subvencions.<\/span><\/p>\n<p style=\"text-align: justify; padding-left: 30px;\"><span style=\"color: #000000;\">-Requerir a la resta de sol\u00b7licitants la documentaci\u00f3 que els manca per valorar de nou les seves sol\u00b7licituds.<\/span><\/p>\n<p style=\"text-align: justify; padding-left: 30px;\"><span style=\"color: #000000;\">-Una vegada hagin entrat la documentaci\u00f3 que els manca, la comissi\u00f3 es tornar\u00e0 a reunir per aprovar les sol\u00b7licituds i proposar l\u2019aprovaci\u00f3 dels beneficiaris.<\/span><\/p>\n<p style=\"text-align: justify;\"><span style=\"color: #000000;\">Segons les bases, la quantia individualitzada de la subvenci\u00f3 a atorgar per beneficiari\/\u00e0ria ascendeix a 500\u20ac i la convocat\u00f2ria contemplava un total de 30.000\u20ac per a aquestes ajudes.\u00a0<\/span><\/p>\n<hr \/>\n<p style=\"text-align: justify;\"><span style=\"color: #000000;\"><strong>CASTELLANO |<\/strong> El Pleno del 11 de mayo de 2020 aprob\u00f3 las bases reguladoras y la convocatoria de las subvenciones para personas y unidades familiares o de convivencia afectadas por la crisis sanitaria ocasionada por la Covid-19 y el plazo para presentar solicitudes permaneci\u00f3 abierto entre el 20 de mayo y el 16 de junio de 2020. Durante este periodo se recibieron un total de 17 solicitudes de subvenciones.<\/span><\/p>\n<p style=\"text-align: justify;\"><span style=\"color: #000000;\">El pasado 8 de julio se reuni\u00f3 la comisi\u00f3n t\u00e9cnica \u2013 formada por la Secretaria\/interventora de la Corporaci\u00f3n, dos profesionales de Servicios Sociales del Consell Comarcal del Baix Pened\u00e8s y la jefa de la Unidad Administrativa \u2013 y levantaron acta para valorar que todas las solicitudes presentadas cumpliesen los requisitos y para notificar a los solicitantes que les falta documentaci\u00f3n para poderla valorar.<\/span><\/p>\n<p style=\"text-align: justify;\"><span style=\"color: #000000;\">Por todo ello, la Junta de Gobierno del 13 de julio de 2020 ha aprobado:<\/span><\/p>\n<p style=\"text-align: justify; padding-left: 30px;\"><span style=\"color: #000000;\">-Declarar como no beneficiarios a 5 solicitantes por no cumplir los requisitos de las bases de las subvenciones.<\/span><\/p>\n<p style=\"text-align: justify; padding-left: 30px;\"><span style=\"color: #000000;\">-Requerir al resto de solicitantes la documentaci\u00f3n que les falta para valorar de nuevo sus solicitudes.<\/span><\/p>\n<p style=\"text-align: justify; padding-left: 30px;\"><span style=\"color: #000000;\">-Una vez hayan entrado la documentaci\u00f3n que les falta, la comisi\u00f3n se volver\u00e1 a reunir para aprobar las solicitudes y proponer la aprobaci\u00f3n de los beneficiarios.<\/span><\/p>\n<p style=\"text-align: justify;\"><span style=\"color: #000000;\">Seg\u00fan las bases, la cuant\u00eda individualizada de la subvenci\u00f3n a otorgar por beneficiario\/aria asciende a 500\u20ac y la convocatoria contemplaba un total de 30.000\u20ac para estas ayudas.<\/span><\/p>\n<p style=\"text-align: justify;\">\n<p>&nbsp;<\/p>\n<p>&nbsp;<\/p>\n","protected":false},"excerpt":{"rendered":"<p>El Ple de l\u201911 de maig de 2020 va aprovar les bases reguladores i la convocat\u00f2ria de les subvencions per a persones i unitats familiars o de conviv\u00e8ncia afectades per &hellip; <a href=\"https:\/\/bisbalpenedes.com\/web\/2020\/07\/16\/continua-procediment-per-aprovar-els-beneficiaris-de-les-subvencions-per-a-persones-i-unitats-familiars-afectades-per-la-covid-19\/\" class=\"more-link\">Read More<\/a><\/p>\n","protected":false},"author":4,"featured_media":14084,"comment_status":"closed","ping_status":"closed","sticky":false,"template":"","format":"standard","meta":[],"categories":[8,9,1578],"tags":[259,959,3559,3796,10,102],"_links":{"self":[{"href":"https:\/\/bisbalpenedes.com\/web\/wp-json\/wp\/v2\/posts\/14083"}],"collection":[{"href":"https:\/\/bisbalpenedes.com\/web\/wp-json\/wp\/v2\/posts"}],"about":[{"href":"https:\/\/bisbalpenedes.com\/web\/wp-json\/wp\/v2\/types\/post"}],"author":[{"embeddable":true,"href":"https:\/\/bisbalpenedes.com\/web\/wp-json\/wp\/v2\/users\/4"}],"replies":[{"embeddable":true,"href":"https:\/\/bisbalpenedes.com\/web\/wp-json\/wp\/v2\/comments?post=14083"}],"version-history":[{"count":1,"href":"https:\/\/bisbalpenedes.com\/web\/wp-json\/wp\/v2\/posts\/14083\/revisions"}],"predecessor-version":[{"id":14085,"href":"https:\/\/bisbalpenedes.com\/web\/wp-json\/wp\/v2\/posts\/14083\/revisions\/14085"}],"wp:featuredmedia":[{"embeddable":true,"href":"https:\/\/bisbalpenedes.com\/web\/wp-json\/wp\/v2\/media\/14084"}],"wp:attachment":[{"href":"https:\/\/bisbalpenedes.com\/web\/wp-json\/wp\/v2\/media?parent=14083"}],"wp:term":[{"taxonomy":"category","embeddable":true,"href":"https:\/\/bisbalpenedes.com\/web\/wp-json\/wp\/v2\/categories?post=14083"},{"taxonomy":"post_tag","embeddable":true,"href":"https:\/\/bisbalpenedes.com\/web\/wp-json\/wp\/v2\/tags?post=14083"}],"curies":[{"name":"wp","href":"https:\/\/api.w.org\/{rel}","templated":true}]}}