{"id":14078,"date":"2020-07-16T09:52:15","date_gmt":"2020-07-16T07:52:15","guid":{"rendered":"http:\/\/bisbalpenedes.com\/web\/?p=14078"},"modified":"2020-07-16T09:55:22","modified_gmt":"2020-07-16T07:55:22","slug":"informacio-sobre-la-prevencio-dincendis-i-la-prohibicio-de-fer-foc-en-terrenys-forestals","status":"publish","type":"post","link":"https:\/\/bisbalpenedes.com\/web\/2020\/07\/16\/informacio-sobre-la-prevencio-dincendis-i-la-prohibicio-de-fer-foc-en-terrenys-forestals\/","title":{"rendered":"Informaci\u00f3 sobre la prevenci\u00f3 d\u2019incendis i la prohibici\u00f3 de fer foc en terrenys forestals"},"content":{"rendered":"<p><span style=\"color: #000000;\">L\u2019Ajuntament de la Bisbal del Pened\u00e8s us recorda que est\u00e0 prohibit fer foc en terrenys forestals fins al 15 d\u2019octubre. Aquesta prohibici\u00f3 est\u00e0 recollida en el Decret 64\/1995 amb l\u2019objectiu de prevenir els incendis forestals.<\/span><\/p>\n<p><span style=\"color: #000000;\">La norma regula que en terrenys forestals -estiguin poblats o no d\u2019esp\u00e8cies arb\u00f2ries- i en la franja de 500 metres que els envolta no es pot encendre foc, sigui quina en sigui la finalitat.<\/span><\/p>\n<p><span style=\"color: #000000;\">Per a m\u00e9s informaci\u00f3 podeu accedir al web de la Generalitat de Catalunya:<\/span> <a href=\"https:\/\/web.gencat.cat\/ca\/actualitat\/detall\/Comenca-la-prohibicio-de-fer-foc-al-bosc\">https:\/\/web.gencat.cat\/ca\/actualitat\/detall\/Comenca-la-prohibicio-de-fer-foc-al-bosc<\/a><\/p>\n<p><a href=\"http:\/\/bisbalpenedes.com\/web\/wp-content\/uploads\/2020\/07\/PREVENCIO-INCENDIS-INFOCAT_page-0001.jpg\"><img loading=\"lazy\" class=\"aligncenter size-large wp-image-14079\" src=\"http:\/\/bisbalpenedes.com\/web\/wp-content\/uploads\/2020\/07\/PREVENCIO-INCENDIS-INFOCAT_page-0001-724x1024.jpg\" alt=\"PREVENCIO INCENDIS INFOCAT_page-0001\" width=\"630\" height=\"891\" srcset=\"https:\/\/bisbalpenedes.com\/web\/wp-content\/uploads\/2020\/07\/PREVENCIO-INCENDIS-INFOCAT_page-0001-724x1024.jpg 724w, https:\/\/bisbalpenedes.com\/web\/wp-content\/uploads\/2020\/07\/PREVENCIO-INCENDIS-INFOCAT_page-0001-600x849.jpg 600w, https:\/\/bisbalpenedes.com\/web\/wp-content\/uploads\/2020\/07\/PREVENCIO-INCENDIS-INFOCAT_page-0001-212x300.jpg 212w, https:\/\/bisbalpenedes.com\/web\/wp-content\/uploads\/2020\/07\/PREVENCIO-INCENDIS-INFOCAT_page-0001-768x1086.jpg 768w, https:\/\/bisbalpenedes.com\/web\/wp-content\/uploads\/2020\/07\/PREVENCIO-INCENDIS-INFOCAT_page-0001.jpg 1754w\" sizes=\"(max-width: 630px) 100vw, 630px\" \/><\/a><\/p>\n<p><span style=\"color: #000000;\">Protegiu-vos dels incendis forestals amb les recomanacions de Protecci\u00f3 Civil:<\/span> <a href=\"https:\/\/interior.gencat.cat\/web\/.content\/home\/030_arees_dactuacio\/proteccio_civil\/consells_autoproteccio_emergencies\/incendi_del_bosc\/documents\/llibret_incendis_forestals.pdf\">https:\/\/interior.gencat.cat\/web\/.content\/home\/030_arees_dactuacio\/proteccio_civil\/consells_autoproteccio_emergencies\/incendi_del_bosc\/documents\/llibret_incendis_forestals.pdf<\/a><\/p>\n<hr \/>\n<p><span style=\"color: #000000;\"><strong>CASTELLANO |<\/strong> El Ayuntamiento de la Bisbal del Pened\u00e8s os recuerda que est\u00e1 prohibido hacer fuego en terrenos forestales hasta el 15 de octubre. Esta prohibici\u00f3n se recoge en el Decreto 65\/1995 con el objetivo de prevenir los incendios forestales.<\/span><\/p>\n<p><span style=\"color: #000000;\">La norma regula que en terrenos forestales -ya est\u00e9n poblados o no de especies arb\u00f3reas- y en la franja de 500 metros que los rodea no se puede encender fuego, sea cu\u00e1l sea la finalidad.<\/span><\/p>\n<p><span style=\"color: #000000;\">Para m\u00e1s informaci\u00f3n pod\u00e9is acceder a la web de la Generalitat de Catalunya:<\/span><\/p>\n<p><a href=\"https:\/\/web.gencat.cat\/ca\/actualitat\/detall\/Comenca-la-prohibicio-de-fer-foc-al-bosc\">https:\/\/web.gencat.cat\/ca\/actualitat\/detall\/Comenca-la-prohibicio-de-fer-foc-al-bosc<\/a><\/p>\n<p><a href=\"http:\/\/bisbalpenedes.com\/web\/wp-content\/uploads\/2020\/07\/PREVENCIO-INCENDIS-INFOCAT_page-0001.jpg\"><img loading=\"lazy\" class=\"aligncenter wp-image-14079 size-large\" src=\"http:\/\/bisbalpenedes.com\/web\/wp-content\/uploads\/2020\/07\/PREVENCIO-INCENDIS-INFOCAT_page-0001-724x1024.jpg\" alt=\"PREVENCIO INCENDIS INFOCAT_page-0001\" width=\"630\" height=\"891\" srcset=\"https:\/\/bisbalpenedes.com\/web\/wp-content\/uploads\/2020\/07\/PREVENCIO-INCENDIS-INFOCAT_page-0001-724x1024.jpg 724w, https:\/\/bisbalpenedes.com\/web\/wp-content\/uploads\/2020\/07\/PREVENCIO-INCENDIS-INFOCAT_page-0001-600x849.jpg 600w, https:\/\/bisbalpenedes.com\/web\/wp-content\/uploads\/2020\/07\/PREVENCIO-INCENDIS-INFOCAT_page-0001-212x300.jpg 212w, https:\/\/bisbalpenedes.com\/web\/wp-content\/uploads\/2020\/07\/PREVENCIO-INCENDIS-INFOCAT_page-0001-768x1086.jpg 768w, https:\/\/bisbalpenedes.com\/web\/wp-content\/uploads\/2020\/07\/PREVENCIO-INCENDIS-INFOCAT_page-0001.jpg 1754w\" sizes=\"(max-width: 630px) 100vw, 630px\" \/><\/a><\/p>\n<p><span style=\"color: #000000;\">Protegeos de los incendios forestales con las recomendaciones de Protecci\u00f3n Civil:<\/span> <a href=\"https:\/\/interior.gencat.cat\/web\/.content\/home\/030_arees_dactuacio\/proteccio_civil\/consells_autoproteccio_emergencies\/incendi_del_bosc\/documents\/llibret_incendis_forestals_cast.pdf\">https:\/\/interior.gencat.cat\/web\/.content\/home\/030_arees_dactuacio\/proteccio_civil\/consells_autoproteccio_emergencies\/incendi_del_bosc\/documents\/llibret_incendis_forestals_cast.pdf<\/a><\/p>\n","protected":false},"excerpt":{"rendered":"<p>L\u2019Ajuntament de la Bisbal del Pened\u00e8s us recorda que est\u00e0 prohibit fer foc en terrenys forestals fins al 15 d\u2019octubre. Aquesta prohibici\u00f3 est\u00e0 recollida en el Decret 64\/1995 amb l\u2019objectiu &hellip; <a href=\"https:\/\/bisbalpenedes.com\/web\/2020\/07\/16\/informacio-sobre-la-prevencio-dincendis-i-la-prohibicio-de-fer-foc-en-terrenys-forestals\/\" class=\"more-link\">Read More<\/a><\/p>\n","protected":false},"author":4,"featured_media":14079,"comment_status":"closed","ping_status":"closed","sticky":false,"template":"","format":"standard","meta":[],"categories":[32,8],"tags":[887,295,2216,220,886],"_links":{"self":[{"href":"https:\/\/bisbalpenedes.com\/web\/wp-json\/wp\/v2\/posts\/14078"}],"collection":[{"href":"https:\/\/bisbalpenedes.com\/web\/wp-json\/wp\/v2\/posts"}],"about":[{"href":"https:\/\/bisbalpenedes.com\/web\/wp-json\/wp\/v2\/types\/post"}],"author":[{"embeddable":true,"href":"https:\/\/bisbalpenedes.com\/web\/wp-json\/wp\/v2\/users\/4"}],"replies":[{"embeddable":true,"href":"https:\/\/bisbalpenedes.com\/web\/wp-json\/wp\/v2\/comments?post=14078"}],"version-history":[{"count":3,"href":"https:\/\/bisbalpenedes.com\/web\/wp-json\/wp\/v2\/posts\/14078\/revisions"}],"predecessor-version":[{"id":14082,"href":"https:\/\/bisbalpenedes.com\/web\/wp-json\/wp\/v2\/posts\/14078\/revisions\/14082"}],"wp:featuredmedia":[{"embeddable":true,"href":"https:\/\/bisbalpenedes.com\/web\/wp-json\/wp\/v2\/media\/14079"}],"wp:attachment":[{"href":"https:\/\/bisbalpenedes.com\/web\/wp-json\/wp\/v2\/media?parent=14078"}],"wp:term":[{"taxonomy":"category","embeddable":true,"href":"https:\/\/bisbalpenedes.com\/web\/wp-json\/wp\/v2\/categories?post=14078"},{"taxonomy":"post_tag","embeddable":true,"href":"https:\/\/bisbalpenedes.com\/web\/wp-json\/wp\/v2\/tags?post=14078"}],"curies":[{"name":"wp","href":"https:\/\/api.w.org\/{rel}","templated":true}]}}