{"id":14075,"date":"2020-07-16T09:41:22","date_gmt":"2020-07-16T07:41:22","guid":{"rendered":"http:\/\/bisbalpenedes.com\/web\/?p=14075"},"modified":"2020-07-16T09:49:07","modified_gmt":"2020-07-16T07:49:07","slug":"saproven-els-beneficiaris-de-les-subvencions-per-a-autonomses-i-petites-empreses-afectades-per-la-crisi-sanitaria-de-la-covid-19","status":"publish","type":"post","link":"https:\/\/bisbalpenedes.com\/web\/2020\/07\/16\/saproven-els-beneficiaris-de-les-subvencions-per-a-autonomses-i-petites-empreses-afectades-per-la-crisi-sanitaria-de-la-covid-19\/","title":{"rendered":"S\u2019aproven els beneficiaris de les subvencions per a aut\u00f2noms\/es i petites empreses afectades per la crisi sanit\u00e0ria de la Covid-19"},"content":{"rendered":"<p style=\"text-align: justify;\"><span style=\"color: #000000;\">La convocat\u00f2ria de subvencions per a aut\u00f2noms\/es i petites empreses afectades per la crisi sanit\u00e0ria de la Covid-19 ha rebut un total de 24 sol\u00b7licituds.<\/span><\/p>\n<p style=\"text-align: justify;\"><span style=\"color: #000000;\">La Junta de govern del 13 de juliol ha aprovat declarar com a beneficiaris i atorgar les subvencions a 8 sol\u00b7licitants: dos d\u2019ells rebran un import de 800\u20ac, cinc rebran un import de 700\u20ac i un rebr\u00e0 500\u20ac. La Junta de govern tamb\u00e9 ha aprovat declarar com a no beneficiaris a vuit sol\u00b7licitants per no complir els requisits de les bases de les subvencions i requerir documentaci\u00f3 a uns altres vuit sol\u00b7licitants per poder valorar, de nou, les seves sol\u00b7licituds. Una vegada hagin entregat la documentaci\u00f3 que els manca, la comissi\u00f3 es tornar\u00e0 a reunir per aprovar les sol\u00b7licituds i proposar l\u2019aprovaci\u00f3 dels beneficiaris.<\/span><\/p>\n<p style=\"text-align: justify;\"><span style=\"color: #000000;\">El Ple de l\u201911 de maig de 2020 va aprovar les bases reguladores i la convocat\u00f2ria de les subvencions a aut\u00f2noms\/es i petites empreses afectades per la crisi sanit\u00e0ria generada per la Covid-19. El termini per presentar sol\u00b7licituds es va obrir el 20 de maig i es va tancar el 16 de juny de 2020. Segons les bases, la quantia individualitzada de la subvenci\u00f3 a atorgar per beneficiari\/\u00e0ria oscil\u00b7la entre els 400 i els 800\u20ac i la convocat\u00f2ria contemplava un total de 30.000\u20ac per a aquestes ajudes.<\/span><\/p>\n<p style=\"text-align: justify;\"><span style=\"color: #000000;\">El 3 de juliol es va reunir la comissi\u00f3 t\u00e8cnica -formada per la Secret\u00e0ria\/Interventora de la Corporaci\u00f3, la t\u00e8cnica d\u2019ocupaci\u00f3 municipal i la cap de la Unitat administrativa \u2013 i van aixecar acta per valorar que totes les sol\u00b7licituds presentades complissin els requisits i per notificar als sol\u00b7licitants que els manca informaci\u00f3 per poder-la valorar.<\/span><\/p>\n<hr \/>\n<p style=\"text-align: justify;\"><span style=\"color: #000000;\"><strong>CASTELLANO |<\/strong> La convocatoria de subvenciones para aut\u00f3nomos\/as y peque\u00f1as empresas afectadas por la crisis sanitaria de la Covid-19 ha recibido un total de 24 solicitudes.<\/span><\/p>\n<p style=\"text-align: justify;\"><span style=\"color: #000000;\">La Junta de gobierno del 13 de julio ha aprobado declarar como beneficiarios y otorgar las subvenciones a 8 solicitantes: dos de ellos recibir\u00e1n un importe de 800\u20ac, cinco recibir\u00e1n un importe de 700\u20ac y uno recibir\u00e1 500\u20ac. La Junta de gobierno tambi\u00e9n ha aprobado declarar como no beneficiarios a ocho solicitantes por no cumplir los requisitos de las bases de las subvenciones y requerir documentaci\u00f3n a otros ocho solicitantes para poder valorar, de nuevo, sus solicitudes. Una vez hayan entregado la documentaci\u00f3n que les falta, la comisi\u00f3n se volver\u00e1 a reunir para aprobar las solicitudes y proponer la aprobaci\u00f3n de los beneficiarios.<\/span><\/p>\n<p style=\"text-align: justify;\"><span style=\"color: #000000;\">El Pleno del 11 de mayo de 2020 aprob\u00f3 las bases reguladoras y la convocatoria de las subvenciones a aut\u00f3nomos\/as y peque\u00f1as empresas afectadas por la crisis sanitaria generada por la Covid-19. El plazo para presentar solicitudes se abri\u00f3 el 20 de mayo y se cerr\u00f3 el 16 de junio de 2020. Seg\u00fan las bases, la cuant\u00eda individualizada de la subvenci\u00f3n a otorgar por beneficiario\/a oscila entre los 400 y los 800\u20ac y la convocatoria contemplaba un total de 30.000\u20ac para estas ayudas.<\/span><\/p>\n<p style=\"text-align: justify;\"><span style=\"color: #000000;\">El 3 de julio se reuni\u00f3 la comisi\u00f3n t\u00e9cnica \u2013 formada por la Secretaria\/interventora de la Corporaci\u00f3n, la t\u00e9cnica de ocupaci\u00f3n municipal y la jefa de la Unidad administrativa \u2013 y levantaron acta para valorar que todas las solicitudes presentadas cumpliesen los requisitos y para notificar a los solicitantes que les falta informaci\u00f3n para poderla valorar.<\/span><\/p>\n<p>&nbsp;<\/p>\n<p>&nbsp;<\/p>\n","protected":false},"excerpt":{"rendered":"<p>La convocat\u00f2ria de subvencions per a aut\u00f2noms\/es i petites empreses afectades per la crisi sanit\u00e0ria de la Covid-19 ha rebut un total de 24 sol\u00b7licituds. La Junta de govern del &hellip; <a href=\"https:\/\/bisbalpenedes.com\/web\/2020\/07\/16\/saproven-els-beneficiaris-de-les-subvencions-per-a-autonomses-i-petites-empreses-afectades-per-la-crisi-sanitaria-de-la-covid-19\/\" class=\"more-link\">Read More<\/a><\/p>\n","protected":false},"author":4,"featured_media":13367,"comment_status":"closed","ping_status":"closed","sticky":false,"template":"","format":"standard","meta":[],"categories":[8,9,1578],"tags":[163,3550,3559,162,10,102],"_links":{"self":[{"href":"https:\/\/bisbalpenedes.com\/web\/wp-json\/wp\/v2\/posts\/14075"}],"collection":[{"href":"https:\/\/bisbalpenedes.com\/web\/wp-json\/wp\/v2\/posts"}],"about":[{"href":"https:\/\/bisbalpenedes.com\/web\/wp-json\/wp\/v2\/types\/post"}],"author":[{"embeddable":true,"href":"https:\/\/bisbalpenedes.com\/web\/wp-json\/wp\/v2\/users\/4"}],"replies":[{"embeddable":true,"href":"https:\/\/bisbalpenedes.com\/web\/wp-json\/wp\/v2\/comments?post=14075"}],"version-history":[{"count":2,"href":"https:\/\/bisbalpenedes.com\/web\/wp-json\/wp\/v2\/posts\/14075\/revisions"}],"predecessor-version":[{"id":14077,"href":"https:\/\/bisbalpenedes.com\/web\/wp-json\/wp\/v2\/posts\/14075\/revisions\/14077"}],"wp:featuredmedia":[{"embeddable":true,"href":"https:\/\/bisbalpenedes.com\/web\/wp-json\/wp\/v2\/media\/13367"}],"wp:attachment":[{"href":"https:\/\/bisbalpenedes.com\/web\/wp-json\/wp\/v2\/media?parent=14075"}],"wp:term":[{"taxonomy":"category","embeddable":true,"href":"https:\/\/bisbalpenedes.com\/web\/wp-json\/wp\/v2\/categories?post=14075"},{"taxonomy":"post_tag","embeddable":true,"href":"https:\/\/bisbalpenedes.com\/web\/wp-json\/wp\/v2\/tags?post=14075"}],"curies":[{"name":"wp","href":"https:\/\/api.w.org\/{rel}","templated":true}]}}