{"id":14070,"date":"2020-07-15T21:25:28","date_gmt":"2020-07-15T19:25:28","guid":{"rendered":"http:\/\/bisbalpenedes.com\/web\/?p=14070"},"modified":"2020-07-15T21:25:28","modified_gmt":"2020-07-15T19:25:28","slug":"comunicat-de-lalcaldessa-agnes-ferre-amb-motiu-de-la-situacio-generada-per-la-covid-19","status":"publish","type":"post","link":"https:\/\/bisbalpenedes.com\/web\/2020\/07\/15\/comunicat-de-lalcaldessa-agnes-ferre-amb-motiu-de-la-situacio-generada-per-la-covid-19\/","title":{"rendered":"Comunicat de l&#8217;alcaldessa Agn\u00e8s Ferr\u00e9 amb motiu de la situaci\u00f3 generada per la Covid-19"},"content":{"rendered":"<p style=\"text-align: center;\"><iframe loading=\"lazy\" style=\"border: none; overflow: hidden;\" src=\"https:\/\/www.facebook.com\/plugins\/video.php?href=https%3A%2F%2Fwww.facebook.com%2FBisbalPenedes%2Fvideos%2F930099254138686%2F&amp;show_text=0&amp;width=560\" width=\"560\" height=\"420\" frameborder=\"0\" scrolling=\"no\" allowfullscreen=\"allowfullscreen\"><\/iframe><\/p>\n<p style=\"text-align: justify;\"><span style=\"color: #000000;\">Benvolguts ve\u00efns<\/span><\/p>\n<p style=\"text-align: justify;\"><span style=\"color: #000000;\">Estem aprenent a viure diferent despr\u00e9s de setmanes de confinament a casa. \u00c9s estiu i portem sempre la mascareta, mantenim les dist\u00e0ncies i tenim cura d\u2019una bona higiene de mans.<\/span><\/p>\n<p style=\"text-align: justify;\"><span style=\"color: #000000;\">M\u2019adre\u00e7o a vosaltres per desmentir informaci\u00f3 que alg\u00fa fa c\u00f3rrer per la Bisbal i que no \u00e9s certa. Alguns de vosaltres heu vingut a l\u2019Ajuntament o ens heu trucat per preguntar si \u00e9s cert que tenim 8 casos de Covid-19 al municipi, amb algunes persones ingressades a l\u2019hospital.<\/span><\/p>\n<p style=\"text-align: justify;\"><span style=\"color: #000000;\">Tant el Feliu Gil, regidor de sanitat, com jo mateixa hem estat i estem en contacte permanent amb els responsables de l\u2019\u00c0rea B\u00e0sica de Salut del Vendrell.<\/span><\/p>\n<p style=\"text-align: justify;\"><span style=\"color: #000000;\">Actualment no tenim cap cas de Covid positiu al municipi de la Bisbal. Repeteixo, no tenim cap cas de Covid positiu al municipi de la Bisbal.<\/span><\/p>\n<p style=\"text-align: justify;\"><span style=\"color: #000000;\">\u00c9s la not\u00edcia que indica que tota la ciutadania est\u00e0 actuant correctament, per\u00f2 no podem abaixar la gu\u00e0rdia. Hem de seguir amb totes les mesures cada dia de tots els dies de la setmana: al carrer, a les botigues,.. a tot arreu!<\/span><\/p>\n<p style=\"text-align: justify;\"><span style=\"color: #000000;\">Responsabilitat, sentit com\u00fa i molta prud\u00e8ncia \u00e9s el que ens far\u00e0 v\u00e8ncer aquesta situaci\u00f3.<\/span><\/p>\n<p style=\"text-align: justify;\"><span style=\"color: #000000;\">Estem a l\u2019estiu i \u00e9s temps de festes i celebracions per\u00f2 la Covid-19 ens situa en un escenari diferent on preval la salut, la prud\u00e8ncia i la responsabilitat. Hem de reinventar l\u2019estiu i les festes!<\/span><\/p>\n<p style=\"text-align: justify;\"><span style=\"color: #000000;\">El mes de juny hem celebrat els barris confinats, gr\u00e0cies a les comissions del barri de la pla\u00e7a, del barri de baix i del barri de la riba. Amb decoraci\u00f3 de balcons, penjada de fotografies de barri a les xarxes, sopar al carrer i actuaci\u00f3 del grup de grallers i tabalers de la Societat.<\/span><\/p>\n<p style=\"text-align: justify;\"><span style=\"color: #000000;\">La setmana que ve gaudirem del Sant Jordi confinat, amb totes les mesures sanit\u00e0ries corresponents.<\/span><\/p>\n<p style=\"text-align: justify;\"><span style=\"color: #000000;\">Aquest mes de juliol \u00e9s quan gaud\u00edem de les festes d\u2019estiu a la Miralba, a l\u2019Esplai, a Can Gordei i al Priorat.<\/span><\/p>\n<p style=\"text-align: justify;\"><span style=\"color: #000000;\">Fa unes setmanes vam parlar amb les associacions de ve\u00efns, que s\u00f3n qui organitzen les festes, i ens van comunicar que havien decidit no fer festa aquest estiu, postposant-les si \u00e9s possible a la tardor o l\u2019hivern.<\/span><\/p>\n<p style=\"text-align: justify;\"><span style=\"color: #000000;\">Des de l\u2019Ajuntament hem organitzat la festa de l\u2019Ortig\u00f3s, amb les mesures sanit\u00e0ries pertinents i ara estem organitzant la Festa Major.<\/span><\/p>\n<p style=\"text-align: justify;\"><span style=\"color: #000000;\">Ser\u00e0 una Festa Major que, per les circumst\u00e0ncies, ser\u00e0 diferent de les anteriors per\u00f2 que, gr\u00e0cies a les entitats de la Bisbal i a tots vosaltres, tindr\u00e0 l\u2019element principal: les ganes i la il\u00b7lusi\u00f3 de gaudir de la festa de la Bisbal per la gent de la Bisbal.<\/span><\/p>\n<p style=\"text-align: justify;\"><span style=\"color: #000000;\">Aviat en sabreu els detalls, tant de la festa com de les mesures previstes perqu\u00e8 sigui una Festa Major segura i responsable.<\/span><\/p>\n<p style=\"text-align: justify;\"><span style=\"color: #000000;\">Acabo repetint dos missatges molt importants: que no tenim cap positiu per Covid-19 al municipi i que hem de seguir prenent totes les precaucions de dist\u00e0ncies, mascaretes i rentats de mans.<\/span><\/p>\n<p style=\"text-align: justify;\"><span style=\"color: #000000;\">Les poques persones que no feu cas de les mesures: sense mascareta i sense complir les dist\u00e0ncies, penseu que us poseu en perill vosaltres i tamb\u00e9 als vostres familiars, amics i ve\u00efns.<\/span><\/p>\n<p style=\"text-align: justify;\"><span style=\"color: #000000;\">Recordeu: salut, prud\u00e8ncia i responsabilitat<\/span><\/p>\n<hr \/>\n<p style=\"text-align: justify;\"><span style=\"color: #000000;\">CASTELLANO |<\/span><\/p>\n<p style=\"text-align: justify;\"><span style=\"color: #000000;\">Apreciados vecinos,<\/span><\/p>\n<p style=\"text-align: justify;\"><span style=\"color: #000000;\">Estamos aprendiendo a vivir diferente despu\u00e9s de semanas de confinamiento en casa. Es verano y llevamos siempre la mascarilla, mantenemos las distancias y procuramos mantener una buena higiene de manos.<\/span><\/p>\n<p style=\"text-align: justify;\"><span style=\"color: #000000;\">Me dirijo a vosotros para desmentir informaci\u00f3n que alguien hace circular por la Bisbal y que no es cierta. Algunos de vosotros hab\u00e9is venido al Ayuntamiento o nos hab\u00e9is llamado para preguntar si es cierto que tenemos 8 casos de Covid-19 en el municipio, con algunas personas ingresadas en el hospital.<\/span><\/p>\n<p style=\"text-align: justify;\"><span style=\"color: #000000;\">Tanto Feliu Gil, concejal de Sanidad, como yo misma hemos estado y estamos en contacto permanente con los responsables del \u00c1rea B\u00e1sica de Salud del Vendrell.<\/span><\/p>\n<p style=\"text-align: justify;\"><span style=\"color: #000000;\">Actualmente no tenemos ning\u00fan caso de Covid positivo en el municipio de la Bisbal. Repito, no tenemos ning\u00fan caso de Covid positivo en el municipio de la Bisbal.<\/span><\/p>\n<p style=\"text-align: justify;\"><span style=\"color: #000000;\">Es la noticia que indica que toda la ciudadan\u00eda est\u00e1 actuando correctamente, pero no podemos bajar la guardia. Tenemos que seguir con todas las medidas cada d\u00eda y todos los d\u00edas de la semana: en la calle, en las tiendas&#8230; \u00a1en todas partes!<\/span><\/p>\n<p style=\"text-align: justify;\"><span style=\"color: #000000;\">Responsabilidad, sentido com\u00fan y mucha prudencia es lo que nos har\u00e1 vencer esta situaci\u00f3n.<\/span><\/p>\n<p style=\"text-align: justify;\"><span style=\"color: #000000;\">Estamos en verano y es tiempo de fiestas y celebraciones pero la Covid-19 nos sit\u00faa en un escenario distinto donde prevalece la salud, la prudencia y la responsabilidad. \u00a1Tenemos que reinventar el verano y las fiestas!<\/span><\/p>\n<p style=\"text-align: justify;\"><span style=\"color: #000000;\">En el mes de junio hemos celebrado los barrios confinados, gracias a las comisiones del Barri de la Pla\u00e7a, del Barri de Baix y del Barri de la Riba. Con decoraci\u00f3n en los balcones, compartici\u00f3n de fotograf\u00edas del barrio en las redes, cena en la calle y actuaci\u00f3n del grupo de <em>grallers y tabalers<\/em> de la Societat.<\/span><\/p>\n<p style=\"text-align: justify;\"><span style=\"color: #000000;\">La semana que viene disfrutaremos del Sant Jordi confinado, con todas las medidas sanitarias correspondientes.<\/span><\/p>\n<p style=\"text-align: justify;\"><span style=\"color: #000000;\">Este mes de julio es cuando disfrut\u00e1bamos de las fiestas de verano en la Miralba, en l\u2019Esplai, en Can Gordei y en el Priorat.<\/span><\/p>\n<p style=\"text-align: justify;\"><span style=\"color: #000000;\">Hace unas semanas hablamos con las asociaciones de vecinos, que son las que organizan las fiestas, y nos comunicaron que hab\u00edan decidido no hacer fiesta este verano, aplaz\u00e1ndola si es posible para el oto\u00f1o o el invierno.<\/span><\/p>\n<p style=\"text-align: justify;\"><span style=\"color: #000000;\">Desde el Ayuntamiento hemos organizado la fiesta de l\u2019Ortig\u00f3s, con las medidas sanitarias pertinentes y ahora estamos organizando la Fiesta Mayor.<\/span><\/p>\n<p style=\"text-align: justify;\"><span style=\"color: #000000;\">Ser\u00e1 una Fiesta Mayor que, por las circunstancias, ser\u00e1 distinta a las anteriores pero que, gracias a las entidades de la Bisbal y a todos vosotros, tendr\u00e1 el elemento principal: las ganas y la ilusi\u00f3n de disfrutar de la fiesta de la Bisbal por la gente de la Bisbal.<\/span><\/p>\n<p style=\"text-align: justify;\"><span style=\"color: #000000;\">Pronto sabr\u00e9is m\u00e1s detalles, tanto de la fiesta como de las medidas previstas para que sea una Fiesta Mayor segura y responsable.<\/span><\/p>\n<p style=\"text-align: justify;\"><span style=\"color: #000000;\">Acabo repitiendo dos mensajes muy importantes: que no tenemos ning\u00fan positivo por Covid-19 en el municipio y que tenemos que seguir tomando todas las precauciones de distancias, mascarillas y lavados de manos.<\/span><\/p>\n<p style=\"text-align: justify;\"><span style=\"color: #000000;\">Las pocas personas que no hac\u00e9is caso de las medidas: sin mascarilla y sin cumplir las distancias, pensad que os pon\u00e9is en peligro vosotros y tambi\u00e9n a vuestros familiares, amigos y vecinos.<\/span><\/p>\n<p style=\"text-align: justify;\"><span style=\"color: #000000;\">Recordad: salud, prudencia y responsabilidad.<\/span><\/p>\n<p style=\"text-align: justify;\"><span style=\"color: #000000;\">\u00a0<\/span><\/p>\n","protected":false},"excerpt":{"rendered":"<p>Benvolguts ve\u00efns Estem aprenent a viure diferent despr\u00e9s de setmanes de confinament a casa. \u00c9s estiu i portem sempre la mascareta, mantenim les dist\u00e0ncies i tenim cura d\u2019una bona higiene &hellip; <a href=\"https:\/\/bisbalpenedes.com\/web\/2020\/07\/15\/comunicat-de-lalcaldessa-agnes-ferre-amb-motiu-de-la-situacio-generada-per-la-covid-19\/\" class=\"more-link\">Read More<\/a><\/p>\n","protected":false},"author":4,"featured_media":14072,"comment_status":"closed","ping_status":"closed","sticky":false,"template":"","format":"standard","meta":[],"categories":[2057,8],"tags":[1151,3933,3550,3559,50,393],"_links":{"self":[{"href":"https:\/\/bisbalpenedes.com\/web\/wp-json\/wp\/v2\/posts\/14070"}],"collection":[{"href":"https:\/\/bisbalpenedes.com\/web\/wp-json\/wp\/v2\/posts"}],"about":[{"href":"https:\/\/bisbalpenedes.com\/web\/wp-json\/wp\/v2\/types\/post"}],"author":[{"embeddable":true,"href":"https:\/\/bisbalpenedes.com\/web\/wp-json\/wp\/v2\/users\/4"}],"replies":[{"embeddable":true,"href":"https:\/\/bisbalpenedes.com\/web\/wp-json\/wp\/v2\/comments?post=14070"}],"version-history":[{"count":2,"href":"https:\/\/bisbalpenedes.com\/web\/wp-json\/wp\/v2\/posts\/14070\/revisions"}],"predecessor-version":[{"id":14074,"href":"https:\/\/bisbalpenedes.com\/web\/wp-json\/wp\/v2\/posts\/14070\/revisions\/14074"}],"wp:featuredmedia":[{"embeddable":true,"href":"https:\/\/bisbalpenedes.com\/web\/wp-json\/wp\/v2\/media\/14072"}],"wp:attachment":[{"href":"https:\/\/bisbalpenedes.com\/web\/wp-json\/wp\/v2\/media?parent=14070"}],"wp:term":[{"taxonomy":"category","embeddable":true,"href":"https:\/\/bisbalpenedes.com\/web\/wp-json\/wp\/v2\/categories?post=14070"},{"taxonomy":"post_tag","embeddable":true,"href":"https:\/\/bisbalpenedes.com\/web\/wp-json\/wp\/v2\/tags?post=14070"}],"curies":[{"name":"wp","href":"https:\/\/api.w.org\/{rel}","templated":true}]}}