{"id":14064,"date":"2020-07-15T14:15:24","date_gmt":"2020-07-15T12:15:24","guid":{"rendered":"http:\/\/bisbalpenedes.com\/web\/?p=14064"},"modified":"2020-07-15T14:15:24","modified_gmt":"2020-07-15T12:15:24","slug":"la-biblioteca-de-la-bisbal-del-penedes-reobrira-linterior-de-lequipament-el-proper-dilluns-20-de-juliol","status":"publish","type":"post","link":"https:\/\/bisbalpenedes.com\/web\/2020\/07\/15\/la-biblioteca-de-la-bisbal-del-penedes-reobrira-linterior-de-lequipament-el-proper-dilluns-20-de-juliol\/","title":{"rendered":"La Biblioteca de la Bisbal del Pened\u00e8s reobrir\u00e0 l&#8217;interior de l&#8217;equipament el proper dilluns 20 de juliol"},"content":{"rendered":"<p style=\"text-align: justify;\"><span style=\"color: #000000;\">La Biblioteca de la Bisbal del Pened\u00e8s reobrir\u00e0 l&#8217;interior de l&#8217;equipament el proper dilluns 20 de juliol.\u00a0<\/span><\/p>\n<p style=\"text-align: justify;\"><span style=\"color: #000000;\">L&#8217;horari ser\u00e0 de 16.30h a 20.00h de dilluns a divendres i els dimecres tamb\u00e9 al mat\u00ed, de 10.30h a 13:00h.<\/span><\/p>\n<p style=\"text-align: justify;\"><span style=\"color: #000000;\">Per a m\u00e9s informaci\u00f3 consulteu el cartell adjunt o contacteu amb la biblioteca escrivint un correu electr\u00f2nic a<\/span> <a href=\"mailto:biblioteca@bisbalpenedes.com\">biblioteca@bisbalpenedes.com<\/a><\/p>\n<hr \/>\n<p style=\"text-align: justify;\"><span style=\"color: #000000;\"><b>CASTELLANO |\u00a0<\/b>La Biblioteca de la Bisbal del Pened\u00e8s reabrir\u00e1 el interior del equipamiento el pr\u00f3ximo lunes 20 de julio.<\/span><\/p>\n<p style=\"text-align: justify;\"><span style=\"color: #000000;\">El horario ser\u00e1 de 16.30h a 20.00h de lunes a viernes y los mi\u00e9rcoles tambi\u00e9n por la ma\u00f1ana, de 10:30h a 13:00h.<\/span><\/p>\n<p style=\"text-align: justify;\"><span style=\"color: #000000;\">Para m\u00e1s informaci\u00f3n consultad el cartel adjunto o contactad con la biblioteca escribiendo un correo electr\u00f3nico a<\/span> <a href=\"mailto:biblioteca@bisbalpenedes.com\">biblioteca@bisbalpenedes.com<\/a><\/p>\n<p style=\"text-align: justify;\"><a href=\"http:\/\/bisbalpenedes.com\/web\/wp-content\/uploads\/2020\/07\/reobertura-serveis-biblio-la-bisbal-del-penedes.png\"><img loading=\"lazy\" class=\"aligncenter size-large wp-image-14065\" src=\"http:\/\/bisbalpenedes.com\/web\/wp-content\/uploads\/2020\/07\/reobertura-serveis-biblio-la-bisbal-del-penedes-724x1024.png\" alt=\"reobertura serveis biblio la bisbal del penedes\" width=\"630\" height=\"891\" srcset=\"https:\/\/bisbalpenedes.com\/web\/wp-content\/uploads\/2020\/07\/reobertura-serveis-biblio-la-bisbal-del-penedes-724x1024.png 724w, https:\/\/bisbalpenedes.com\/web\/wp-content\/uploads\/2020\/07\/reobertura-serveis-biblio-la-bisbal-del-penedes-600x849.png 600w, https:\/\/bisbalpenedes.com\/web\/wp-content\/uploads\/2020\/07\/reobertura-serveis-biblio-la-bisbal-del-penedes-212x300.png 212w, https:\/\/bisbalpenedes.com\/web\/wp-content\/uploads\/2020\/07\/reobertura-serveis-biblio-la-bisbal-del-penedes-768x1086.png 768w, https:\/\/bisbalpenedes.com\/web\/wp-content\/uploads\/2020\/07\/reobertura-serveis-biblio-la-bisbal-del-penedes.png 1587w\" sizes=\"(max-width: 630px) 100vw, 630px\" \/><\/a><\/p>\n","protected":false},"excerpt":{"rendered":"<p>La Biblioteca de la Bisbal del Pened\u00e8s reobrir\u00e0 l&#8217;interior de l&#8217;equipament el proper dilluns 20 de juliol.\u00a0 L&#8217;horari ser\u00e0 de 16.30h a 20.00h de dilluns a divendres i els dimecres &hellip; <a href=\"https:\/\/bisbalpenedes.com\/web\/2020\/07\/15\/la-biblioteca-de-la-bisbal-del-penedes-reobrira-linterior-de-lequipament-el-proper-dilluns-20-de-juliol\/\" class=\"more-link\">Read More<\/a><\/p>\n","protected":false},"author":4,"featured_media":14065,"comment_status":"closed","ping_status":"closed","sticky":false,"template":"","format":"standard","meta":[],"categories":[13,8],"tags":[180,784],"_links":{"self":[{"href":"https:\/\/bisbalpenedes.com\/web\/wp-json\/wp\/v2\/posts\/14064"}],"collection":[{"href":"https:\/\/bisbalpenedes.com\/web\/wp-json\/wp\/v2\/posts"}],"about":[{"href":"https:\/\/bisbalpenedes.com\/web\/wp-json\/wp\/v2\/types\/post"}],"author":[{"embeddable":true,"href":"https:\/\/bisbalpenedes.com\/web\/wp-json\/wp\/v2\/users\/4"}],"replies":[{"embeddable":true,"href":"https:\/\/bisbalpenedes.com\/web\/wp-json\/wp\/v2\/comments?post=14064"}],"version-history":[{"count":1,"href":"https:\/\/bisbalpenedes.com\/web\/wp-json\/wp\/v2\/posts\/14064\/revisions"}],"predecessor-version":[{"id":14066,"href":"https:\/\/bisbalpenedes.com\/web\/wp-json\/wp\/v2\/posts\/14064\/revisions\/14066"}],"wp:featuredmedia":[{"embeddable":true,"href":"https:\/\/bisbalpenedes.com\/web\/wp-json\/wp\/v2\/media\/14065"}],"wp:attachment":[{"href":"https:\/\/bisbalpenedes.com\/web\/wp-json\/wp\/v2\/media?parent=14064"}],"wp:term":[{"taxonomy":"category","embeddable":true,"href":"https:\/\/bisbalpenedes.com\/web\/wp-json\/wp\/v2\/categories?post=14064"},{"taxonomy":"post_tag","embeddable":true,"href":"https:\/\/bisbalpenedes.com\/web\/wp-json\/wp\/v2\/tags?post=14064"}],"curies":[{"name":"wp","href":"https:\/\/api.w.org\/{rel}","templated":true}]}}