{"id":14059,"date":"2020-07-15T11:40:55","date_gmt":"2020-07-15T09:40:55","guid":{"rendered":"http:\/\/bisbalpenedes.com\/web\/?p=14059"},"modified":"2020-07-15T11:43:26","modified_gmt":"2020-07-15T09:43:26","slug":"se-suspenen-les-sortides-dels-usuaris-de-les-residencies-de-la-gent-gran","status":"publish","type":"post","link":"https:\/\/bisbalpenedes.com\/web\/2020\/07\/15\/se-suspenen-les-sortides-dels-usuaris-de-les-residencies-de-la-gent-gran\/","title":{"rendered":"Se suspenen les sortides dels usuaris de les resid\u00e8ncies de la gent gran"},"content":{"rendered":"<p style=\"text-align: justify;\"><span style=\"color: #000000;\">El Govern de la Generalitat de Catalunya ha anunciat, aquest dimarts 14 de juliol, un conjunt de mesures addicionals \u201cper protegir les resid\u00e8ncies de la gent gran i de persones amb pluridiscapacitats i pluripatologia per contenir la pand\u00e8mia de la Covid-19 i minimitzar els riscos d\u2019infecci\u00f3 en els grups de poblaci\u00f3 m\u00e9s vulnerables\u201d.<\/span><\/p>\n<p style=\"text-align: justify;\"><span style=\"color: #000000;\">Els departaments de Salut i de Treball, Afers Socials i Fam\u00edlies han acordat suspendre les sortides dels residents a l\u2019exterior, com ara els passejos; les sortides de curta durada (sortides aut\u00f2nomes per part dels residents o acompanyades per familiars o cuidadors); les de caps de setmana i les inferiors a tres setmanes a partir d&#8217;aquest dijous 16 de juliol de 2020. Tot i aix\u00f2, \u201cen casos excepcionals i a consideraci\u00f3 de la direcci\u00f3 dels centres i d\u2019acord amb les caracter\u00edstiques i situaci\u00f3 del\/la resident, s\u2019autoritzaran les sortides de curta durada\u201d.<\/span><\/p>\n<p style=\"text-align: justify;\"><span style=\"color: #000000;\">Aix\u00ed, segons assenyalen des del Govern de la Generalitat \u201cfins a nova indicaci\u00f3 nom\u00e9s s\u2019autoritzaran les sortides superiors a tres setmanes; que a la tornada requeriran l\u2019aplicaci\u00f3 de mesures de protecci\u00f3 com si es tract\u00e9s d\u2019un nou ingr\u00e9s (PCR i a\u00efllament de 10 dies). Aquestes sortides acordades amb els familiars requeriran la signatura d\u2019un document de declaraci\u00f3 responsable del resident o del familiar; que seran informats de les mesures de protecci\u00f3 que han de seguir durant aquest per\u00edode, amb l\u2019objectiu de protegir la persona resident\u201d. La nota publicada pel Govern de la Generalitat afegeix que \u201cper recuperar i refor\u00e7ar els vincles familiars i socials es mantindran les visites a la resid\u00e8ncia. Aix\u00ed i tot la direcci\u00f3 del centre podr\u00e0 adaptar o suspendre aquestes visites en funci\u00f3 de la situaci\u00f3 epidemiol\u00f2gica definida per l\u2019autoritat sanit\u00e0ria, i pr\u00e8via informaci\u00f3 als responsables sanitaris i a les fam\u00edlies\u201d.<\/span><\/p>\n<p style=\"text-align: justify;\"><span style=\"color: #000000;\">Podeu llegir la informaci\u00f3 publicada des del Govern de la Generalitat en aquest enlla\u00e7: <a style=\"color: #000000;\" href=\"https:\/\/govern.cat\/salapremsa\/notes-premsa\/386610\/salut-i-treball-afers-socials-i-families-posen-en-marxa-unes-mesures-addicionals-per-protegir-les-residencies-de-la-pandemia-de-la-covid-19\">https:\/\/govern.cat\/salapremsa\/notes-premsa\/386610\/salut-i-treball-afers-socials-i-families-posen-en-marxa-unes-mesures-addicionals-per-protegir-les-residencies-de-la-pandemia-de-la-covid-19<\/a><\/span><\/p>\n<hr \/>\n<p style=\"text-align: justify;\"><span style=\"color: #000000;\"><strong>CASTELLANO |<\/strong> El Gobierno de la Generalitat de Catalunya ha anunciado, este martes 14 de julio, un conjunto de medidas adicionales \u201cpara proteger las residencias de la gente mayor y de las personas con pluridiscapacidades y pluripatolog\u00eda para contener la pandemia de la Covid-19 y minimizar los riesgos de infecci\u00f3n en los grupos de poblaci\u00f3n m\u00e1s vulnerables\u201d.<\/span><\/p>\n<p style=\"text-align: justify;\"><span style=\"color: #000000;\">Los departamentos de Salud y Trabajo, Asuntos Sociales y Familias han acordado suspender las salidas de los residentes al exterior, como por ejemplo los paseos; las salidas de corta duraci\u00f3n (salidas aut\u00f3nomas por parte de los residentes o acompa\u00f1adas por familiares o cuidadores); las de fines de semana y las inferiores a tres semanas a partir de este jueves 16 de julio de 2020. Aun as\u00ed, \u201cen casos excepcionales y a consideraci\u00f3n de la direcci\u00f3n de los centros y de acuerdo con las caracter\u00edsticas y situaci\u00f3n del\/la residente, se autorizar\u00e1n las salidas de corta duraci\u00f3n\u201d.<\/span><\/p>\n<p style=\"text-align: justify;\"><span style=\"color: #000000;\">As\u00ed, seg\u00fan se\u00f1alan desde el Gobierno de la Generalitat \u201chasta nueva indicaci\u00f3n solamente se autorizar\u00e1n las salidas superiores a tres semanas, que a la vuelta requerir\u00e1n de la aplicaci\u00f3n de medidas de protecci\u00f3n como si se tratase de un nuevo ingreso (PCR y aislamiento de 10 d\u00edas). Estas salidas acordadas con los familiares requerir\u00e1n de la firma de un documento de declaraci\u00f3n responsable del residente o del familiar; que ser\u00e1n informados de las medidas de protecci\u00f3n que deben seguir durante este periodo, con el objetivo de proteger a la persona residente\u201d. La nota publicada por el Gobierno de la Generalitat a\u00f1ade que \u201cpara recuperar y reforzar los v\u00ednculos familiares y sociales se mantendr\u00e1n las visitas a la residencia. Aun as\u00ed la direcci\u00f3n del centro podr\u00e1 adaptar o suspender estas visitas en funci\u00f3n de la situaci\u00f3n epidemiol\u00f3gica definida por la autoridad sanitaria, y previa informaci\u00f3n a los responsables sanitarios y a las familias\u201d.<\/span><\/p>\n<p style=\"text-align: justify;\"><span style=\"color: #000000;\">Pod\u00e9is leer la informaci\u00f3n publicada desde el Gobierno de la Generalitat en este enlace:<\/span><\/p>\n<p><a href=\"https:\/\/govern.cat\/salapremsa\/notes-premsa\/386610\/salut-i-treball-afers-socials-i-families-posen-en-marxa-unes-mesures-addicionals-per-protegir-les-residencies-de-la-pandemia-de-la-covid-19\">https:\/\/govern.cat\/salapremsa\/notes-premsa\/386610\/salut-i-treball-afers-socials-i-families-posen-en-marxa-unes-mesures-addicionals-per-protegir-les-residencies-de-la-pandemia-de-la-covid-19<\/a><\/p>\n<p>&nbsp;<\/p>\n","protected":false},"excerpt":{"rendered":"<p>El Govern de la Generalitat de Catalunya ha anunciat, aquest dimarts 14 de juliol, un conjunt de mesures addicionals \u201cper protegir les resid\u00e8ncies de la gent gran i de persones &hellip; <a href=\"https:\/\/bisbalpenedes.com\/web\/2020\/07\/15\/se-suspenen-les-sortides-dels-usuaris-de-les-residencies-de-la-gent-gran\/\" class=\"more-link\">Read More<\/a><\/p>\n","protected":false},"author":4,"featured_media":14060,"comment_status":"closed","ping_status":"closed","sticky":false,"template":"","format":"standard","meta":[],"categories":[3636,8],"tags":[3559,305,3932],"_links":{"self":[{"href":"https:\/\/bisbalpenedes.com\/web\/wp-json\/wp\/v2\/posts\/14059"}],"collection":[{"href":"https:\/\/bisbalpenedes.com\/web\/wp-json\/wp\/v2\/posts"}],"about":[{"href":"https:\/\/bisbalpenedes.com\/web\/wp-json\/wp\/v2\/types\/post"}],"author":[{"embeddable":true,"href":"https:\/\/bisbalpenedes.com\/web\/wp-json\/wp\/v2\/users\/4"}],"replies":[{"embeddable":true,"href":"https:\/\/bisbalpenedes.com\/web\/wp-json\/wp\/v2\/comments?post=14059"}],"version-history":[{"count":3,"href":"https:\/\/bisbalpenedes.com\/web\/wp-json\/wp\/v2\/posts\/14059\/revisions"}],"predecessor-version":[{"id":14063,"href":"https:\/\/bisbalpenedes.com\/web\/wp-json\/wp\/v2\/posts\/14059\/revisions\/14063"}],"wp:featuredmedia":[{"embeddable":true,"href":"https:\/\/bisbalpenedes.com\/web\/wp-json\/wp\/v2\/media\/14060"}],"wp:attachment":[{"href":"https:\/\/bisbalpenedes.com\/web\/wp-json\/wp\/v2\/media?parent=14059"}],"wp:term":[{"taxonomy":"category","embeddable":true,"href":"https:\/\/bisbalpenedes.com\/web\/wp-json\/wp\/v2\/categories?post=14059"},{"taxonomy":"post_tag","embeddable":true,"href":"https:\/\/bisbalpenedes.com\/web\/wp-json\/wp\/v2\/tags?post=14059"}],"curies":[{"name":"wp","href":"https:\/\/api.w.org\/{rel}","templated":true}]}}