{"id":14057,"date":"2020-07-15T19:47:17","date_gmt":"2020-07-15T17:47:17","guid":{"rendered":"http:\/\/bisbalpenedes.com\/web\/?p=14057"},"modified":"2020-07-15T19:47:17","modified_gmt":"2020-07-15T17:47:17","slug":"la-bisbal-del-penedes-celebrara-sant-jordi-destiu-a-la-timba-el-proper-dijous-23-de-juliol","status":"publish","type":"post","link":"https:\/\/bisbalpenedes.com\/web\/2020\/07\/15\/la-bisbal-del-penedes-celebrara-sant-jordi-destiu-a-la-timba-el-proper-dijous-23-de-juliol\/","title":{"rendered":"La Bisbal del Pened\u00e8s celebrar\u00e0 Sant Jordi d\u2019estiu a \u2018La Timba\u2019 el proper dijous 23 de juliol"},"content":{"rendered":"<p style=\"text-align: justify;\"><span style=\"color: #000000;\"><a href=\"http:\/\/bisbalpenedes.com\/web\/wp-content\/uploads\/2020\/07\/94A7C36C-00B8-45B2-A119-4CF9943DEA57.jpeg\"><img loading=\"lazy\" class=\"aligncenter size-large wp-image-14067\" src=\"http:\/\/bisbalpenedes.com\/web\/wp-content\/uploads\/2020\/07\/94A7C36C-00B8-45B2-A119-4CF9943DEA57-1024x1024.jpeg\" alt=\"94A7C36C-00B8-45B2-A119-4CF9943DEA57\" width=\"630\" height=\"630\" srcset=\"https:\/\/bisbalpenedes.com\/web\/wp-content\/uploads\/2020\/07\/94A7C36C-00B8-45B2-A119-4CF9943DEA57-1024x1024.jpeg 1024w, https:\/\/bisbalpenedes.com\/web\/wp-content\/uploads\/2020\/07\/94A7C36C-00B8-45B2-A119-4CF9943DEA57-300x300.jpeg 300w, https:\/\/bisbalpenedes.com\/web\/wp-content\/uploads\/2020\/07\/94A7C36C-00B8-45B2-A119-4CF9943DEA57-100x100.jpeg 100w, https:\/\/bisbalpenedes.com\/web\/wp-content\/uploads\/2020\/07\/94A7C36C-00B8-45B2-A119-4CF9943DEA57-600x600.jpeg 600w, https:\/\/bisbalpenedes.com\/web\/wp-content\/uploads\/2020\/07\/94A7C36C-00B8-45B2-A119-4CF9943DEA57-150x150.jpeg 150w, https:\/\/bisbalpenedes.com\/web\/wp-content\/uploads\/2020\/07\/94A7C36C-00B8-45B2-A119-4CF9943DEA57-768x768.jpeg 768w, https:\/\/bisbalpenedes.com\/web\/wp-content\/uploads\/2020\/07\/94A7C36C-00B8-45B2-A119-4CF9943DEA57.jpeg 1364w\" sizes=\"(max-width: 630px) 100vw, 630px\" \/><\/a><br \/>\nLa Regidoria de Cultura de l\u2019Ajuntament de la Bisbal del Pened\u00e8s est\u00e0 preparant la celebraci\u00f3 de la diada de Sant Jordi d\u2019estiu, que tindr\u00e0 lloc el proper dijous 23 de juliol. Recordem que, com que la festa del 23 d\u2019abril es va viure en ple confinament, La Cambra del Llibre (col\u00b7lectiu que aplega diversos representants del m\u00f3n editorial) i el Gremi de Floristes, van anunciar la nova data el passat mes d\u2019abril. Aix\u00ed, el 23 de juliol de 2020 es far\u00e0 l\u2019entrega dels premis del 12\u00e8 Concurs literari de Sant Jordi de la Bisbal i tamb\u00e9 es presentar\u00e0 el llibre editat per l\u2019Ajuntament de la Bisbal del Pened\u00e8s amb motiu d\u2019aquesta celebraci\u00f3.<\/span><\/p>\n<p style=\"text-align: justify;\"><span style=\"color: #000000;\">Els actes del 23 de juliol comen\u00e7aran a les 20h i es duran a terme a \u2018La Timba\u2019 (c. Pare Junqu\u00e9). Primer tindr\u00e0 lloc el lliurament de premis del concurs literari i, tot seguit, es presentar\u00e0 el llibre \u201cAls teus ulls\u201d, un recull de fotografies \u00a0realitzades entre els anys 70 i els anys 90 del segle passat per la fot\u00f2grafa Felicidad Farrais en diferents actes i festes de la Bisbal. El llibre cont\u00e9 una selecci\u00f3 de les fotografies que el seu fill Josep Antoni Bund\u00f3 va cedir a l\u2019arxiu municipal i una introducci\u00f3 del bisbalenc Heribert Ventosa que contextualitza l\u2019obra i la figura de la Felicidad Farrais i en la qual d\u00f3na detalls sobre la seva vida personal i professional perqu\u00e8 el lector pugui copsar la import\u00e0ncia de la fot\u00f2grafa bisbalenca i la seva obra gr\u00e0fica. En acabar l\u2019acte es podr\u00e0 adquirir el llibre per un import de 5\u20ac i, posteriorment, tamb\u00e9 es podr\u00e0 adquirir a les oficines municipals.<\/span><\/p>\n<p style=\"text-align: justify;\"><span style=\"color: #000000;\">La presentaci\u00f3 dels actes aniran a c\u00e0rrec de l\u2019humorista bisbalenc Ferran Aixal\u00e0, guionista del programa televisiu <em>El Foraster<\/em> de TV3 i del programa radiof\u00f2nic <em>Via Lliure d\u2019estiu<\/em> de RAC 1 i animador de p\u00fablic dels programes <em>\u00a1Ahora Caigo! <\/em>(Antena 3), <em>El Paisano <\/em>(RTVE) i <em>El Foraster <\/em>(TV3).<\/span><\/p>\n<p style=\"text-align: justify;\"><span style=\"color: #000000;\">Per assistir a l\u2019acte ser\u00e0 imprescindible reservar lloc pr\u00e8viament trucant al tel\u00e8fon 608568881 o enviant un Whatsapp al 684416843. Les places s\u00f3n limitades. L\u2019\u00fas de la mascareta ser\u00e0 obligatori i caldr\u00e0 respectar les mesures de distanciament social i seguretat que s\u2019indiquin en tot moment.<\/span><\/p>\n<hr \/>\n<p style=\"text-align: justify;\"><span style=\"color: #000000;\"><strong>CASTELLANO |<\/strong> La Concejal\u00eda de Cultura del Ayuntamiento de la Bisbal del Pened\u00e8s est\u00e1 preparando la celebraci\u00f3n de la diada de Sant Jordi d\u2019estiu, que tendr\u00e1 lugar el pr\u00f3ximo jueves 23 de julio. Recordamos que, como la fiesta del 23 de abril se vivi\u00f3 en pleno confinamiento, La Cambra del Llibre (colectivo que re\u00fane a varios representantes del mundo editorial) y el Gremi de Floristes, anunciaron la nueva fecha el pasado mes de abril. As\u00ed, el 23 de julio de 2020 se har\u00e1 la entrega de los premios del 12\u00ba Concurso literario de Sant Jordi de la Bisbal y tambi\u00e9n se presentar\u00e1 el libro editado por el Ayuntamiento de la Bisbal del Pened\u00e8s con motivo de esta celebraci\u00f3n.<\/span><\/p>\n<p style=\"text-align: justify;\"><span style=\"color: #000000;\">Los actos del 23 de julio empezar\u00e1n a las 20h y se llevar\u00e1n a cabo en \u2018La Timba\u2019 (c. Pare Junqu\u00e9). Primero tendr\u00e1 lugar la entrega de premios del concurso literario y, a continuaci\u00f3n, se presentar\u00e1 el libro \u201cAls teus ulls\u201d, una recopilaci\u00f3n de fotograf\u00edas realizadas entre los a\u00f1os 70 y los a\u00f1os 90 del siglo pasado por la fot\u00f3grafa Felicidad Farrais en distintos actos y fiestas de la Bisbal. El libro contiene una selecci\u00f3n de las fotograf\u00edas que su hijo Josep Antoni Bund\u00f3 cedi\u00f3 al archivo municipal y una introducci\u00f3n del bisbalense Heribert Ventosa que contextualiza la obra y la figura de la Felicidad Farrais y en la que da detalles sobre su vida personal y profesional para que el lector pueda entender la importancia de la fot\u00f3grafa de la Bisbal y su obra gr\u00e1fica. Al finalizar el acto se podr\u00e1 adquirir el libro por un importe de 5\u20ac y, posteriormente, tambi\u00e9n se podr\u00e1 adquirir en las oficinas municipales.<\/span><\/p>\n<p style=\"text-align: justify;\"><span style=\"color: #000000;\">La presentaci\u00f3n de los actos ir\u00e1 a cargo del humorista bisbalense Ferran Aixal\u00e0, guionista del programa televisivo <em>El Foraster<\/em> de TV3 y del programa radiof\u00f3nico <em>Via Lliure d\u2019estiu<\/em> de RAC 1 y animador de p\u00fablico de los programas <em>\u00a1Ahora Caigo! <\/em>(Antena 3), <em>El Paisano <\/em>(RTVE) y <em>El Foraster <\/em>(TV3).<\/span><\/p>\n<p style=\"text-align: justify;\"><span style=\"color: #000000;\">Para asistir al acto ser\u00e1 imprescindible reservar sitio previamente llamando al tel\u00e9fono 608568881 o enviando un Whatsapp al 684416843. Las plazas son limitadas. El uso de la mascarilla ser\u00e1 obligatorio y se deber\u00e1n respetar las medidas de distanciamiento social y seguridad que se indiquen en todo momento.<\/span><\/p>\n<p style=\"text-align: justify;\"><span style=\"color: #000000;\">\u00a0<\/span><\/p>\n","protected":false},"excerpt":{"rendered":"<p>La Regidoria de Cultura de l\u2019Ajuntament de la Bisbal del Pened\u00e8s est\u00e0 preparant la celebraci\u00f3 de la diada de Sant Jordi d\u2019estiu, que tindr\u00e0 lloc el proper dijous 23 de &hellip; <a href=\"https:\/\/bisbalpenedes.com\/web\/2020\/07\/15\/la-bisbal-del-penedes-celebrara-sant-jordi-destiu-a-la-timba-el-proper-dijous-23-de-juliol\/\" class=\"more-link\">Read More<\/a><\/p>\n","protected":false},"author":4,"featured_media":14067,"comment_status":"closed","ping_status":"closed","sticky":false,"template":"","format":"standard","meta":[],"categories":[13,8],"tags":[3931,1633,225,3187,3167,320,340,47,3930,64,3929],"_links":{"self":[{"href":"https:\/\/bisbalpenedes.com\/web\/wp-json\/wp\/v2\/posts\/14057"}],"collection":[{"href":"https:\/\/bisbalpenedes.com\/web\/wp-json\/wp\/v2\/posts"}],"about":[{"href":"https:\/\/bisbalpenedes.com\/web\/wp-json\/wp\/v2\/types\/post"}],"author":[{"embeddable":true,"href":"https:\/\/bisbalpenedes.com\/web\/wp-json\/wp\/v2\/users\/4"}],"replies":[{"embeddable":true,"href":"https:\/\/bisbalpenedes.com\/web\/wp-json\/wp\/v2\/comments?post=14057"}],"version-history":[{"count":2,"href":"https:\/\/bisbalpenedes.com\/web\/wp-json\/wp\/v2\/posts\/14057\/revisions"}],"predecessor-version":[{"id":14068,"href":"https:\/\/bisbalpenedes.com\/web\/wp-json\/wp\/v2\/posts\/14057\/revisions\/14068"}],"wp:featuredmedia":[{"embeddable":true,"href":"https:\/\/bisbalpenedes.com\/web\/wp-json\/wp\/v2\/media\/14067"}],"wp:attachment":[{"href":"https:\/\/bisbalpenedes.com\/web\/wp-json\/wp\/v2\/media?parent=14057"}],"wp:term":[{"taxonomy":"category","embeddable":true,"href":"https:\/\/bisbalpenedes.com\/web\/wp-json\/wp\/v2\/categories?post=14057"},{"taxonomy":"post_tag","embeddable":true,"href":"https:\/\/bisbalpenedes.com\/web\/wp-json\/wp\/v2\/tags?post=14057"}],"curies":[{"name":"wp","href":"https:\/\/api.w.org\/{rel}","templated":true}]}}