{"id":14052,"date":"2020-07-15T09:19:14","date_gmt":"2020-07-15T07:19:14","guid":{"rendered":"http:\/\/bisbalpenedes.com\/web\/?p=14052"},"modified":"2020-07-15T09:19:14","modified_gmt":"2020-07-15T07:19:14","slug":"resposta-a-les-preguntes-mes-frequents-sobre-la-covid-19","status":"publish","type":"post","link":"https:\/\/bisbalpenedes.com\/web\/2020\/07\/15\/resposta-a-les-preguntes-mes-frequents-sobre-la-covid-19\/","title":{"rendered":"Resposta a les preguntes m\u00e9s freq\u00fcents sobre la Covid-19"},"content":{"rendered":"<div class=\"\" data-block=\"true\" data-editor=\"eur49\" data-offset-key=\"48lol-0-0\">\n<div class=\"_1mf _1mj\" style=\"text-align: justify;\" data-offset-key=\"48lol-0-0\"><span style=\"color: #000000;\" data-offset-key=\"48lol-0-0\">Teniu dubtes sobre all\u00f2 que est\u00e0 perm\u00e8s o sobre les mesures que cal seguir? A l&#8217;enlla\u00e7 trobareu resposta a les preguntes m\u00e9s freq\u00fcents sobre la Covid-19: <a style=\"color: #000000;\" href=\"https:\/\/web.gencat.cat\/ca\/activem\/preguntes-mes-frequents\/\">https:\/\/web.gencat.cat\/ca\/activem\/preguntes-mes-frequents\/<\/a><\/span><\/div>\n<\/div>\n<div class=\"\" style=\"text-align: justify;\" data-block=\"true\" data-editor=\"eur49\" data-offset-key=\"3qnk5-0-0\">\n<div class=\"_1mf _1mj\" data-offset-key=\"3qnk5-0-0\">\n<hr \/>\n<\/div>\n<\/div>\n<div class=\"\" data-block=\"true\" data-editor=\"eur49\" data-offset-key=\"dqpd-0-0\">\n<div class=\"_1mf _1mj\" style=\"text-align: justify;\" data-offset-key=\"dqpd-0-0\"><span style=\"color: #000000;\">\u00bfTen\u00e9is dudas sobre lo que est\u00e1 permitido o sobre las medidas que hay que cumplir? En el enlace encontrar\u00e9is respuesta a las preguntas m\u00e1s frecuentes sobre la Covid-19: <a style=\"color: #000000;\" href=\"https:\/\/web.gencat.cat\/ca\/activem\/preguntes-mes-frequents\/\" target=\"_blank\">https:\/\/web.gencat.cat\/ca\/activem\/preguntes-mes-frequents\/<\/a><\/span><\/div>\n<\/div>\n<div class=\"\" data-block=\"true\" data-editor=\"eur49\" data-offset-key=\"4gp6e-0-0\"><\/div>\n","protected":false},"excerpt":{"rendered":"<p>Teniu dubtes sobre all\u00f2 que est\u00e0 perm\u00e8s o sobre les mesures que cal seguir? A l&#8217;enlla\u00e7 trobareu resposta a les preguntes m\u00e9s freq\u00fcents sobre la Covid-19: https:\/\/web.gencat.cat\/ca\/activem\/preguntes-mes-frequents\/ \u00bfTen\u00e9is dudas sobre &hellip; <a href=\"https:\/\/bisbalpenedes.com\/web\/2020\/07\/15\/resposta-a-les-preguntes-mes-frequents-sobre-la-covid-19\/\" class=\"more-link\">Read More<\/a><\/p>\n","protected":false},"author":4,"featured_media":14022,"comment_status":"closed","ping_status":"closed","sticky":false,"template":"","format":"standard","meta":[],"categories":[3636,8,14],"tags":[3559,3582,792,3580,3927],"_links":{"self":[{"href":"https:\/\/bisbalpenedes.com\/web\/wp-json\/wp\/v2\/posts\/14052"}],"collection":[{"href":"https:\/\/bisbalpenedes.com\/web\/wp-json\/wp\/v2\/posts"}],"about":[{"href":"https:\/\/bisbalpenedes.com\/web\/wp-json\/wp\/v2\/types\/post"}],"author":[{"embeddable":true,"href":"https:\/\/bisbalpenedes.com\/web\/wp-json\/wp\/v2\/users\/4"}],"replies":[{"embeddable":true,"href":"https:\/\/bisbalpenedes.com\/web\/wp-json\/wp\/v2\/comments?post=14052"}],"version-history":[{"count":1,"href":"https:\/\/bisbalpenedes.com\/web\/wp-json\/wp\/v2\/posts\/14052\/revisions"}],"predecessor-version":[{"id":14053,"href":"https:\/\/bisbalpenedes.com\/web\/wp-json\/wp\/v2\/posts\/14052\/revisions\/14053"}],"wp:featuredmedia":[{"embeddable":true,"href":"https:\/\/bisbalpenedes.com\/web\/wp-json\/wp\/v2\/media\/14022"}],"wp:attachment":[{"href":"https:\/\/bisbalpenedes.com\/web\/wp-json\/wp\/v2\/media?parent=14052"}],"wp:term":[{"taxonomy":"category","embeddable":true,"href":"https:\/\/bisbalpenedes.com\/web\/wp-json\/wp\/v2\/categories?post=14052"},{"taxonomy":"post_tag","embeddable":true,"href":"https:\/\/bisbalpenedes.com\/web\/wp-json\/wp\/v2\/tags?post=14052"}],"curies":[{"name":"wp","href":"https:\/\/api.w.org\/{rel}","templated":true}]}}