{"id":14044,"date":"2020-07-14T07:25:36","date_gmt":"2020-07-14T05:25:36","guid":{"rendered":"http:\/\/bisbalpenedes.com\/web\/?p=14044"},"modified":"2020-07-14T07:25:36","modified_gmt":"2020-07-14T05:25:36","slug":"avui-dimarts-14-de-juliol-es-fa-una-recollida-extra-de-residus-voluminosos-a-domicili","status":"publish","type":"post","link":"https:\/\/bisbalpenedes.com\/web\/2020\/07\/14\/avui-dimarts-14-de-juliol-es-fa-una-recollida-extra-de-residus-voluminosos-a-domicili\/","title":{"rendered":"Avui dimarts 14 de juliol es fa una recollida extra de residus voluminosos a domicili"},"content":{"rendered":"<p style=\"text-align: justify;\"><span style=\"color: #000000;\">La Regidoria de Gesti\u00f3 de Residus ha registrat un increment en la demanda del servei de recollida a domicili de residus voluminosos amb l\u2019entrada a l\u2019etapa de represa. Per aquest motiu, avui dimarts 14 de juliol dur\u00e0 a terme una recollida extra de residus voluminosos (mobiliari, matalassos, electrodom\u00e8stics, etc.) a domicili amb l\u2019objectiu d\u2019atendre la gran demanda que s\u2019ha registrat en aquest servei durant les darreres setmanes.<\/span><\/p>\n<p style=\"text-align: justify;\"><span style=\"color: #000000;\">Si teniu residus voluminosos a casa i no els podeu portar al Punt Verd, truqueu a l\u2019Ajuntament de la Bisbal del Pened\u00e8s (977 688 438) per apuntar-vos per a la propera recollida a domicili, que tindr\u00e0 lloc el dia 3 d\u2019agost (cal que us apunteu amb un m\u00ednim de 5 dies d\u2019antelaci\u00f3).<\/span><\/p>\n<hr \/>\n<p style=\"text-align: justify;\"><span style=\"color: #000000;\"><strong>CASTELLANO |<\/strong> La Concejal\u00eda de Gesti\u00f3n de Residuos ha registrado un incremento en la demanda del servicio de recogida a domicilio de residuos voluminosos con la entrada en la etapa de nueva normalidad. Por ese motivo, el 14 de julio llevar\u00e1 a cabo una recogida extra de residuos voluminosos (mobiliario, colchones, electrodom\u00e9sticos, etc.) a domicilio con el objetivo de atender la gran demanda que se ha registrado en este servicio durante las \u00faltimas semanas.<\/span><\/p>\n<p style=\"text-align: justify;\"><span style=\"color: #000000;\">Si ten\u00e9is residuos voluminosos en casa y no los pod\u00e9is llevar al Punt Verd, llamad al Ayuntamiento de la Bisbal del Pened\u00e8s (977 688 438) para apuntaros para la pr\u00f3xima recogida a domicilio, que tendr\u00e1 lugar el d\u00eda 3 de agosto (es necesario que os apunt\u00e9is con un m\u00ednimo de 5 d\u00edas de antelaci\u00f3n).<\/span><\/p>\n<p style=\"text-align: justify;\">\n<p style=\"text-align: justify;\"><a href=\"http:\/\/bisbalpenedes.com\/web\/wp-content\/uploads\/2018\/01\/Trastos-Vells-Recollida.jpg\"><img loading=\"lazy\" class=\"aligncenter wp-image-4417 size-large\" src=\"http:\/\/bisbalpenedes.com\/web\/wp-content\/uploads\/2018\/01\/Trastos-Vells-Recollida-498x1024.jpg\" alt=\"Trastos-Vells-Recollida\" width=\"498\" height=\"1024\" srcset=\"https:\/\/bisbalpenedes.com\/web\/wp-content\/uploads\/2018\/01\/Trastos-Vells-Recollida-498x1024.jpg 498w, https:\/\/bisbalpenedes.com\/web\/wp-content\/uploads\/2018\/01\/Trastos-Vells-Recollida-600x1234.jpg 600w, https:\/\/bisbalpenedes.com\/web\/wp-content\/uploads\/2018\/01\/Trastos-Vells-Recollida-146x300.jpg 146w, https:\/\/bisbalpenedes.com\/web\/wp-content\/uploads\/2018\/01\/Trastos-Vells-Recollida-768x1580.jpg 768w, https:\/\/bisbalpenedes.com\/web\/wp-content\/uploads\/2018\/01\/Trastos-Vells-Recollida.jpg 1240w\" sizes=\"(max-width: 498px) 100vw, 498px\" \/><\/a><\/p>\n","protected":false},"excerpt":{"rendered":"<p>La Regidoria de Gesti\u00f3 de Residus ha registrat un increment en la demanda del servei de recollida a domicili de residus voluminosos amb l\u2019entrada a l\u2019etapa de represa. Per aquest &hellip; <a href=\"https:\/\/bisbalpenedes.com\/web\/2020\/07\/14\/avui-dimarts-14-de-juliol-es-fa-una-recollida-extra-de-residus-voluminosos-a-domicili\/\" class=\"more-link\">Read More<\/a><\/p>\n","protected":false},"author":4,"featured_media":4417,"comment_status":"closed","ping_status":"closed","sticky":false,"template":"","format":"standard","meta":[],"categories":[3215,8],"tags":[2606,2605,3052,207,1729,1183],"_links":{"self":[{"href":"https:\/\/bisbalpenedes.com\/web\/wp-json\/wp\/v2\/posts\/14044"}],"collection":[{"href":"https:\/\/bisbalpenedes.com\/web\/wp-json\/wp\/v2\/posts"}],"about":[{"href":"https:\/\/bisbalpenedes.com\/web\/wp-json\/wp\/v2\/types\/post"}],"author":[{"embeddable":true,"href":"https:\/\/bisbalpenedes.com\/web\/wp-json\/wp\/v2\/users\/4"}],"replies":[{"embeddable":true,"href":"https:\/\/bisbalpenedes.com\/web\/wp-json\/wp\/v2\/comments?post=14044"}],"version-history":[{"count":1,"href":"https:\/\/bisbalpenedes.com\/web\/wp-json\/wp\/v2\/posts\/14044\/revisions"}],"predecessor-version":[{"id":14045,"href":"https:\/\/bisbalpenedes.com\/web\/wp-json\/wp\/v2\/posts\/14044\/revisions\/14045"}],"wp:featuredmedia":[{"embeddable":true,"href":"https:\/\/bisbalpenedes.com\/web\/wp-json\/wp\/v2\/media\/4417"}],"wp:attachment":[{"href":"https:\/\/bisbalpenedes.com\/web\/wp-json\/wp\/v2\/media?parent=14044"}],"wp:term":[{"taxonomy":"category","embeddable":true,"href":"https:\/\/bisbalpenedes.com\/web\/wp-json\/wp\/v2\/categories?post=14044"},{"taxonomy":"post_tag","embeddable":true,"href":"https:\/\/bisbalpenedes.com\/web\/wp-json\/wp\/v2\/tags?post=14044"}],"curies":[{"name":"wp","href":"https:\/\/api.w.org\/{rel}","templated":true}]}}