{"id":14029,"date":"2020-07-10T17:27:46","date_gmt":"2020-07-10T15:27:46","guid":{"rendered":"http:\/\/bisbalpenedes.com\/web\/?p=14029"},"modified":"2020-07-10T17:28:23","modified_gmt":"2020-07-10T15:28:23","slug":"freguntes-frequents-sobre-lus-de-la-mascareta","status":"publish","type":"post","link":"https:\/\/bisbalpenedes.com\/web\/2020\/07\/10\/freguntes-frequents-sobre-lus-de-la-mascareta\/","title":{"rendered":"Freguntes Freq\u00fcents sobre l&#8217;\u00fas de la mascareta"},"content":{"rendered":"<p style=\"text-align: justify;\"><span style=\"color: #000000;\">Teniu dubtes sobre l&#8217;\u00fas de la mascareta? Aquest \u00e9s el document de Preguntes Freq\u00fcents que han preparat des del Departament de Salut de la Generalitat de Catalunya.<\/span><\/p>\n<hr \/>\n<p style=\"text-align: justify;\"><span style=\"color: #000000;\">\u00bfTen\u00e9is dudas sobre el uso de la mascarilla? Este es el documento de Preguntas Frecuentes que han preparado desde el Departamento de Salud de la Generalitat de Catalunya.<\/span><\/p>\n<p style=\"text-align: justify;\"><a href=\"http:\/\/bisbalpenedes.com\/web\/wp-content\/uploads\/2020\/07\/FAQS-MASCARETA-1.jpeg\"><img loading=\"lazy\" class=\"aligncenter size-large wp-image-14030\" src=\"http:\/\/bisbalpenedes.com\/web\/wp-content\/uploads\/2020\/07\/FAQS-MASCARETA-1-725x1024.jpeg\" alt=\"FAQS MASCARETA 1\" width=\"630\" height=\"890\" srcset=\"https:\/\/bisbalpenedes.com\/web\/wp-content\/uploads\/2020\/07\/FAQS-MASCARETA-1-725x1024.jpeg 725w, https:\/\/bisbalpenedes.com\/web\/wp-content\/uploads\/2020\/07\/FAQS-MASCARETA-1-600x848.jpeg 600w, https:\/\/bisbalpenedes.com\/web\/wp-content\/uploads\/2020\/07\/FAQS-MASCARETA-1-212x300.jpeg 212w, https:\/\/bisbalpenedes.com\/web\/wp-content\/uploads\/2020\/07\/FAQS-MASCARETA-1-768x1085.jpeg 768w, https:\/\/bisbalpenedes.com\/web\/wp-content\/uploads\/2020\/07\/FAQS-MASCARETA-1.jpeg 1019w\" sizes=\"(max-width: 630px) 100vw, 630px\" \/><\/a> <a href=\"http:\/\/bisbalpenedes.com\/web\/wp-content\/uploads\/2020\/07\/FAQS-MASCARETA-2.jpeg\"><img loading=\"lazy\" class=\"aligncenter size-large wp-image-14031\" src=\"http:\/\/bisbalpenedes.com\/web\/wp-content\/uploads\/2020\/07\/FAQS-MASCARETA-2-725x1024.jpeg\" alt=\"FAQS MASCARETA 2\" width=\"630\" height=\"890\" srcset=\"https:\/\/bisbalpenedes.com\/web\/wp-content\/uploads\/2020\/07\/FAQS-MASCARETA-2-725x1024.jpeg 725w, https:\/\/bisbalpenedes.com\/web\/wp-content\/uploads\/2020\/07\/FAQS-MASCARETA-2-600x848.jpeg 600w, https:\/\/bisbalpenedes.com\/web\/wp-content\/uploads\/2020\/07\/FAQS-MASCARETA-2-212x300.jpeg 212w, https:\/\/bisbalpenedes.com\/web\/wp-content\/uploads\/2020\/07\/FAQS-MASCARETA-2-768x1085.jpeg 768w, https:\/\/bisbalpenedes.com\/web\/wp-content\/uploads\/2020\/07\/FAQS-MASCARETA-2.jpeg 1019w\" sizes=\"(max-width: 630px) 100vw, 630px\" \/><\/a> <a href=\"http:\/\/bisbalpenedes.com\/web\/wp-content\/uploads\/2020\/07\/FAQS-MASCARETA-3.jpeg\"><img loading=\"lazy\" class=\"aligncenter size-large wp-image-14032\" src=\"http:\/\/bisbalpenedes.com\/web\/wp-content\/uploads\/2020\/07\/FAQS-MASCARETA-3-725x1024.jpeg\" alt=\"FAQS MASCARETA 3\" width=\"630\" height=\"890\" srcset=\"https:\/\/bisbalpenedes.com\/web\/wp-content\/uploads\/2020\/07\/FAQS-MASCARETA-3-725x1024.jpeg 725w, https:\/\/bisbalpenedes.com\/web\/wp-content\/uploads\/2020\/07\/FAQS-MASCARETA-3-600x848.jpeg 600w, https:\/\/bisbalpenedes.com\/web\/wp-content\/uploads\/2020\/07\/FAQS-MASCARETA-3-212x300.jpeg 212w, https:\/\/bisbalpenedes.com\/web\/wp-content\/uploads\/2020\/07\/FAQS-MASCARETA-3-768x1085.jpeg 768w, https:\/\/bisbalpenedes.com\/web\/wp-content\/uploads\/2020\/07\/FAQS-MASCARETA-3.jpeg 1019w\" sizes=\"(max-width: 630px) 100vw, 630px\" \/><\/a> <a href=\"http:\/\/bisbalpenedes.com\/web\/wp-content\/uploads\/2020\/07\/FAQS-MASCARETA-4.jpeg\"><img loading=\"lazy\" class=\"aligncenter size-large wp-image-14033\" src=\"http:\/\/bisbalpenedes.com\/web\/wp-content\/uploads\/2020\/07\/FAQS-MASCARETA-4-725x1024.jpeg\" alt=\"FAQS MASCARETA 4\" width=\"630\" height=\"890\" srcset=\"https:\/\/bisbalpenedes.com\/web\/wp-content\/uploads\/2020\/07\/FAQS-MASCARETA-4-725x1024.jpeg 725w, https:\/\/bisbalpenedes.com\/web\/wp-content\/uploads\/2020\/07\/FAQS-MASCARETA-4-600x848.jpeg 600w, https:\/\/bisbalpenedes.com\/web\/wp-content\/uploads\/2020\/07\/FAQS-MASCARETA-4-212x300.jpeg 212w, https:\/\/bisbalpenedes.com\/web\/wp-content\/uploads\/2020\/07\/FAQS-MASCARETA-4-768x1085.jpeg 768w, https:\/\/bisbalpenedes.com\/web\/wp-content\/uploads\/2020\/07\/FAQS-MASCARETA-4.jpeg 1019w\" sizes=\"(max-width: 630px) 100vw, 630px\" \/><\/a><\/p>\n","protected":false},"excerpt":{"rendered":"<p>Teniu dubtes sobre l&#8217;\u00fas de la mascareta? Aquest \u00e9s el document de Preguntes Freq\u00fcents que han preparat des del Departament de Salut de la Generalitat de Catalunya. \u00bfTen\u00e9is dudas sobre &hellip; <a href=\"https:\/\/bisbalpenedes.com\/web\/2020\/07\/10\/freguntes-frequents-sobre-lus-de-la-mascareta\/\" class=\"more-link\">Read More<\/a><\/p>\n","protected":false},"author":4,"featured_media":14030,"comment_status":"closed","ping_status":"closed","sticky":false,"template":"","format":"standard","meta":[],"categories":[3636,8,14],"tags":[3550,3559,3582,3724,3580],"_links":{"self":[{"href":"https:\/\/bisbalpenedes.com\/web\/wp-json\/wp\/v2\/posts\/14029"}],"collection":[{"href":"https:\/\/bisbalpenedes.com\/web\/wp-json\/wp\/v2\/posts"}],"about":[{"href":"https:\/\/bisbalpenedes.com\/web\/wp-json\/wp\/v2\/types\/post"}],"author":[{"embeddable":true,"href":"https:\/\/bisbalpenedes.com\/web\/wp-json\/wp\/v2\/users\/4"}],"replies":[{"embeddable":true,"href":"https:\/\/bisbalpenedes.com\/web\/wp-json\/wp\/v2\/comments?post=14029"}],"version-history":[{"count":1,"href":"https:\/\/bisbalpenedes.com\/web\/wp-json\/wp\/v2\/posts\/14029\/revisions"}],"predecessor-version":[{"id":14034,"href":"https:\/\/bisbalpenedes.com\/web\/wp-json\/wp\/v2\/posts\/14029\/revisions\/14034"}],"wp:featuredmedia":[{"embeddable":true,"href":"https:\/\/bisbalpenedes.com\/web\/wp-json\/wp\/v2\/media\/14030"}],"wp:attachment":[{"href":"https:\/\/bisbalpenedes.com\/web\/wp-json\/wp\/v2\/media?parent=14029"}],"wp:term":[{"taxonomy":"category","embeddable":true,"href":"https:\/\/bisbalpenedes.com\/web\/wp-json\/wp\/v2\/categories?post=14029"},{"taxonomy":"post_tag","embeddable":true,"href":"https:\/\/bisbalpenedes.com\/web\/wp-json\/wp\/v2\/tags?post=14029"}],"curies":[{"name":"wp","href":"https:\/\/api.w.org\/{rel}","templated":true}]}}