{"id":14024,"date":"2020-07-10T11:01:22","date_gmt":"2020-07-10T09:01:22","guid":{"rendered":"http:\/\/bisbalpenedes.com\/web\/?p=14024"},"modified":"2020-07-10T11:05:32","modified_gmt":"2020-07-10T09:05:32","slug":"els-alumnes-de-6e-de-lescola-ull-de-vent-faran-el-prego-de-la-festa-major-2020-els-alumnes-de-6e-de-lescola-ull-de-vent-de-la-bisbal-del-penedes-seran-els-pregoners-de-la-festa-major","status":"publish","type":"post","link":"https:\/\/bisbalpenedes.com\/web\/2020\/07\/10\/els-alumnes-de-6e-de-lescola-ull-de-vent-faran-el-prego-de-la-festa-major-2020-els-alumnes-de-6e-de-lescola-ull-de-vent-de-la-bisbal-del-penedes-seran-els-pregoners-de-la-festa-major\/","title":{"rendered":"Els alumnes de 6\u00e8 de l\u2019Escola Ull de Vent faran el Preg\u00f3 de la Festa Major 2020"},"content":{"rendered":"<p style=\"text-align: justify;\"><span style=\"color: #000000;\">Els alumnes de 6\u00e8 de l\u2019Escola Ull de Vent de la Bisbal del Pened\u00e8s seran els pregoners de la festa major 2020. La regidora d\u2019Ensenyament, Leo Uceda, ha explicat que \u201cenguany la situaci\u00f3 sanit\u00e0ria ha fet que moltes coses siguin diferents de com les esper\u00e0vem. En aquest sentit, els alumnes de 6\u00e8 de prim\u00e0ria han acabat el curs i l\u2019any vinent aniran a l\u2019institut per\u00f2, a causa de la pand\u00e8mia, no han pogut fer cap acte de comiat: no han pogut fer el comiat amb els professors i la resta d\u2019alumnes, el sopar amb pares, mares, tutors\/es i mestres, no han pogut fer la gimcana que cada any organitzen els alumnes de 6\u00e8, no han pogut marxar de col\u00f2nies ni tampoc han pogut participar en el Cant\u00e0nia, entre altres coses. Per tot plegat, hem pensat que podrien ser els protagonistes del preg\u00f3 de la festa major d\u2019enguany\u201d. La regidora ha afegit que \u201cdes de la Regidoria d\u2019Ensenyament vam plantejar la idea a l\u2019Escola Ull de Vent i els professionals del centre la van acollir amb els bra\u00e7os oberts. Ara, el centre ha traslladat la not\u00edcia a les fam\u00edlies perqu\u00e8 els alumnes que ho vulguin puguin participar tant en la preparaci\u00f3 del gui\u00f3 com en la presentaci\u00f3 d\u2019aquest\u201d.<\/span><\/p>\n<p style=\"text-align: justify;\"><span style=\"color: #000000;\">Com que les circumst\u00e0ncies s\u00f3n excepcionals, el preg\u00f3 tamb\u00e9 ho ser\u00e0. No ser\u00e0 un acte multitudinari, ja que es dur\u00e0 a terme a l\u2019auditori Salb\u00e0 CMC amb un nombre redu\u00eft de persones i vetllant pel compliment de totes les mesures de dist\u00e0ncies i seguretat. Els familiars dels alumnes podran veure el preg\u00f3, mitjan\u00e7ant una pantalla, des de la sala gran del CMC i la resta de la poblaci\u00f3 el podr\u00e0 seguir en directe a trav\u00e9s de Youtube.<\/span><\/p>\n<p style=\"text-align: justify;\"><span style=\"color: #000000;\">Des de l\u2019Ajuntament de la Bisbal del Pened\u00e8s s\u2019est\u00e0 treballant en l\u2019organitzaci\u00f3 de la Festa Major, una celebraci\u00f3 que, enguany, ser\u00e0 at\u00edpica per la situaci\u00f3 que estem vivint per la Covid-19. Des de l\u2019equip de govern s\u2019ha contactat amb les diferents entitats del municipi i s\u2019est\u00e0 treballant en la confecci\u00f3 d\u2019un programa adaptat a les circumst\u00e0ncies i que es pugui dur a terme complint totes les mesures de prevenci\u00f3 i seguretat que exigeix la situaci\u00f3 actual.<\/span><\/p>\n<hr \/>\n<p style=\"text-align: justify;\"><span style=\"color: #000000;\"><strong>CASTELLANO |<\/strong> Los alumnos de 6\u00ba de la Escola Ull de Vent de la Bisbal del Pened\u00e8s ser\u00e1n los pregoneros de la fiesta mayor 2020. La concejala de Educaci\u00f3n, Leo Uceda, ha explicado que \u201ceste a\u00f1o la situaci\u00f3n sanitaria ha hecho que muchas cosas sean distintas a las que esper\u00e1bamos. En este sentido, los alumnos de 6\u00ba de primaria han terminado el curso y el a\u00f1o que viene ir\u00e1n al instituto pero, a causa de la pandemia, no han podido hacer ning\u00fan acto de despedida: no han podido hacer la despedida con los profesores y el resto de alumnos, la cena con padres, madres, tutores\/as y maestros\/as, no han podido hacer la gincana que cada a\u00f1o organizan los alumnos de 6\u00ba, no han podido irse de colonias ni tampoco han podido participar en el Cant\u00e0nia, entre otras cosas. Por todo ello, hemos pensado que podr\u00edan ser los protagonistas del preg\u00f3n de la fiesta mayor de este a\u00f1o\u201d. La concejala ha a\u00f1adido que \u201cdesde la Concejal\u00eda de Educaci\u00f3n planteamos la idea a la Escola Ull de Vent y los profesionales del centro la acogieron con los brazos abiertos. Ahora, el centro ha trasladado la noticia a las familias para que los alumnos que quieran puedan participar tanto en la preparaci\u00f3n del gui\u00f3n como en la presentaci\u00f3n del mismo\u201d.<\/span><\/p>\n<p style=\"text-align: justify;\"><span style=\"color: #000000;\">Teniendo en cuenta que las circunstancias son excepcionales, el preg\u00f3n tambi\u00e9n lo ser\u00e1. No ser\u00e1 un acto multitudinario, ya que se llevar\u00e1 a cabo en el auditorio Salb\u00e0 del CMC con un nombre reducido de personas y velando por el cumplimiento de todas las medidas de distancias y seguridad. Los familiares de los alumnos podr\u00e1n ver el preg\u00f3n, mediante una pantalla, desde la sala grande del CMC y el resto de la poblaci\u00f3n lo podr\u00e1 seguir en directo a trav\u00e9s de Youtube.<\/span><\/p>\n<p style=\"text-align: justify;\"><span style=\"color: #000000;\">Desde el Ayuntamiento de la Bisbal del Pened\u00e8s se est\u00e1 trabajando en la organizaci\u00f3n de la Fiesta Mayor, una celebraci\u00f3n que este a\u00f1o ser\u00e1 at\u00edpica por la situaci\u00f3n que estamos viviendo por la Covid-19. Desde el equipo de gobierno se ha contactado con las distintas entidades del municipio y se est\u00e1 trabajando en la confecci\u00f3n de un programa adaptado a las circunstancias y que se pueda llevar a cabo cumpliendo todas las medidas de prevenci\u00f3n y seguridad que exige la situaci\u00f3n actual.<\/span><\/p>\n<p>&nbsp;<\/p>\n","protected":false},"excerpt":{"rendered":"<p>Els alumnes de 6\u00e8 de l\u2019Escola Ull de Vent de la Bisbal del Pened\u00e8s seran els pregoners de la festa major 2020. La regidora d\u2019Ensenyament, Leo Uceda, ha explicat que &hellip; <a href=\"https:\/\/bisbalpenedes.com\/web\/2020\/07\/10\/els-alumnes-de-6e-de-lescola-ull-de-vent-faran-el-prego-de-la-festa-major-2020-els-alumnes-de-6e-de-lescola-ull-de-vent-de-la-bisbal-del-penedes-seran-els-pregoners-de-la-festa-major\/\" class=\"more-link\">Read More<\/a><\/p>\n","protected":false},"author":4,"featured_media":14025,"comment_status":"closed","ping_status":"closed","sticky":false,"template":"","format":"standard","meta":[],"categories":[16,8],"tags":[65,337,280,690],"_links":{"self":[{"href":"https:\/\/bisbalpenedes.com\/web\/wp-json\/wp\/v2\/posts\/14024"}],"collection":[{"href":"https:\/\/bisbalpenedes.com\/web\/wp-json\/wp\/v2\/posts"}],"about":[{"href":"https:\/\/bisbalpenedes.com\/web\/wp-json\/wp\/v2\/types\/post"}],"author":[{"embeddable":true,"href":"https:\/\/bisbalpenedes.com\/web\/wp-json\/wp\/v2\/users\/4"}],"replies":[{"embeddable":true,"href":"https:\/\/bisbalpenedes.com\/web\/wp-json\/wp\/v2\/comments?post=14024"}],"version-history":[{"count":3,"href":"https:\/\/bisbalpenedes.com\/web\/wp-json\/wp\/v2\/posts\/14024\/revisions"}],"predecessor-version":[{"id":14028,"href":"https:\/\/bisbalpenedes.com\/web\/wp-json\/wp\/v2\/posts\/14024\/revisions\/14028"}],"wp:featuredmedia":[{"embeddable":true,"href":"https:\/\/bisbalpenedes.com\/web\/wp-json\/wp\/v2\/media\/14025"}],"wp:attachment":[{"href":"https:\/\/bisbalpenedes.com\/web\/wp-json\/wp\/v2\/media?parent=14024"}],"wp:term":[{"taxonomy":"category","embeddable":true,"href":"https:\/\/bisbalpenedes.com\/web\/wp-json\/wp\/v2\/categories?post=14024"},{"taxonomy":"post_tag","embeddable":true,"href":"https:\/\/bisbalpenedes.com\/web\/wp-json\/wp\/v2\/tags?post=14024"}],"curies":[{"name":"wp","href":"https:\/\/api.w.org\/{rel}","templated":true}]}}