{"id":14018,"date":"2020-07-08T18:07:47","date_gmt":"2020-07-08T16:07:47","guid":{"rendered":"http:\/\/bisbalpenedes.com\/web\/?p=14018"},"modified":"2020-07-09T10:18:30","modified_gmt":"2020-07-09T08:18:30","slug":"la-mascareta-sera-obligatoria-en-tots-els-espais-interiors-i-exteriors-a-partir-daquest-dijous","status":"publish","type":"post","link":"https:\/\/bisbalpenedes.com\/web\/2020\/07\/08\/la-mascareta-sera-obligatoria-en-tots-els-espais-interiors-i-exteriors-a-partir-daquest-dijous\/","title":{"rendered":"La mascareta ser\u00e0 obligat\u00f2ria en els espais interiors i exteriors a partir d\u2019aquest dijous"},"content":{"rendered":"<p style=\"text-align: center;\"><a href=\"http:\/\/bisbalpenedes.com\/web\/wp-content\/uploads\/2020\/07\/us-obligatori-masacarta-gencat-infografia-9-juliol.jpeg\"><img loading=\"lazy\" class=\"aligncenter wp-image-14022 size-full\" src=\"http:\/\/bisbalpenedes.com\/web\/wp-content\/uploads\/2020\/07\/us-obligatori-masacarta-gencat-infografia-9-juliol.jpeg\" alt=\"us obligatori masacarta gencat infografia 9 juliol\" width=\"1022\" height=\"722\" srcset=\"https:\/\/bisbalpenedes.com\/web\/wp-content\/uploads\/2020\/07\/us-obligatori-masacarta-gencat-infografia-9-juliol.jpeg 1022w, https:\/\/bisbalpenedes.com\/web\/wp-content\/uploads\/2020\/07\/us-obligatori-masacarta-gencat-infografia-9-juliol-600x424.jpeg 600w, https:\/\/bisbalpenedes.com\/web\/wp-content\/uploads\/2020\/07\/us-obligatori-masacarta-gencat-infografia-9-juliol-300x212.jpeg 300w, https:\/\/bisbalpenedes.com\/web\/wp-content\/uploads\/2020\/07\/us-obligatori-masacarta-gencat-infografia-9-juliol-768x543.jpeg 768w\" sizes=\"(max-width: 1022px) 100vw, 1022px\" \/><\/a><\/p>\n<p style=\"text-align: justify;\"><span style=\"color: #000000;\"><strong>L\u2019\u00fas de la mascareta ser\u00e0 obligatori, tant a l\u2019exterior com a l\u2019interior, a partir d\u2019aquest dijous 9 de juliol,<\/strong> independentment del fet que es pugui mantenir la dist\u00e0ncia f\u00edsica interpersonal de seguretat. Aix\u00ed, hauran de portar mascareta totes les persones majors de 6 anys:<\/span><\/p>\n<ul style=\"text-align: justify;\">\n<li><span style=\"color: #000000;\">A la via p\u00fablica i en espais exteriors<\/span><\/li>\n<li><span style=\"color: #000000;\">En qualsevol espai tancat d\u2019\u00fas p\u00fablic o obert al p\u00fablic<\/span><\/li>\n<li><span style=\"color: #000000;\">Al transport p\u00fablic<\/span><\/li>\n<\/ul>\n<p style=\"text-align: justify;\"><span style=\"color: #000000;\">No ser\u00e0 obligat\u00f2ria en casos de persones amb dificultat respirat\u00f2ria que pugui agreujar-se per l\u2019\u00fas de la mascareta o que tinguin l\u2019\u00fas de la mascareta contraindicat per motius de salut o discapacitat. Tot i aix\u00f2, s\u00ed que s\u2019haur\u00e0 de portar \u2013 en tots els casos- en els centres sanitaris.<\/span><\/p>\n<p style=\"text-align: justify;\"><span style=\"color: #000000;\">A m\u00e9s, l\u2019\u00fas de la mascareta tamb\u00e9 es recomana:<\/span><\/p>\n<ul style=\"text-align: justify;\">\n<li><span style=\"color: #000000;\">Per a infants d\u2019entre 3 i 5 anys, en els mateixos casos en qu\u00e8 \u00e9s obligatori per a la resta de persones.<\/span><\/li>\n<li><span style=\"color: #000000;\">A casa, quan s\u2019estigui en situaci\u00f3 d\u2019a\u00efllament per diagn\u00f2stic o sospita de diagn\u00f2stic, i quan s\u2019hagi de cuidar i atendre una persona malalta o sospitosa d\u2019estar malalta.<\/span><\/li>\n<\/ul>\n<p style=\"text-align: justify;\"><span style=\"color: #000000;\">Trobareu m\u00e9s informaci\u00f3 al Canal Salut de la Generalitat de Catalunya: <a style=\"color: #000000;\" href=\"https:\/\/canalsalut.gencat.cat\/ca\/salut-a-z\/c\/coronavirus-2019-ncov\/ciutadania\/desconfinament-progressiu\/mascaretes\/\">https:\/\/canalsalut.gencat.cat\/ca\/salut-a-z\/c\/coronavirus-2019-ncov\/ciutadania\/desconfinament-progressiu\/mascaretes\/<\/a><\/span><\/p>\n<hr \/>\n<p style=\"text-align: justify;\"><span style=\"color: #000000;\"><strong>CASTELLANO | El uso de la mascarilla ser\u00e1 obligatorio, tanto en exteriores como en interiores, a partir de este jueves 9 de julio,<\/strong> independientemente del hecho que se pueda mantener la distancia f\u00edsica interpersonal de seguridad. As\u00ed, deber\u00e1n llevar mascarilla todas las personas mayores de 6 a\u00f1os:<\/span><\/p>\n<ul style=\"text-align: justify;\">\n<li><span style=\"color: #000000;\">En la v\u00eda p\u00fablica y en los espacios exteriores<\/span><\/li>\n<li><span style=\"color: #000000;\">En cualquier espacio cerrado de uso p\u00fablico o abierto al p\u00fablico<\/span><\/li>\n<li><span style=\"color: #000000;\">En el transporte p\u00fablico<\/span><\/li>\n<\/ul>\n<p style=\"text-align: justify;\"><span style=\"color: #000000;\">No ser\u00e1 obligatoria en casos de personas con dificultades respiratorias que puedan agravarse por el uso de la mascarilla o que tengan el uso de la mascarilla contraindicado por motivos de salud o discapacidad. Aun as\u00ed, s\u00ed que ser\u00e1 obligatoria -en todos los casos- en los centros sanitarios.<\/span><\/p>\n<p style=\"text-align: justify;\"><span style=\"color: #000000;\">Adem\u00e1s, el uso de la mascarilla tambi\u00e9n se recomienda:<\/span><\/p>\n<ul style=\"text-align: justify;\">\n<li><span style=\"color: #000000;\">Para ni\u00f1os de entre 3 y 5 a\u00f1os, en los mismos casos en los que es obligatorio.<\/span><\/li>\n<li><span style=\"color: #000000;\">En casa, cuando se est\u00e9 en situaci\u00f3n de aislamiento por diagn\u00f3stico o sospecha de diagn\u00f3stico, y cuando se tenga que cuidar o atender a una persona enferma o sospechosa de estar enferma.<\/span><\/li>\n<\/ul>\n<p style=\"text-align: justify;\"><span style=\"color: #000000;\">Encontrar\u00e9is m\u00e1s informaci\u00f3n en el Canal Salut de la Generalitat de Catalunya: <a style=\"color: #000000;\" href=\"https:\/\/canalsalut.gencat.cat\/ca\/salut-a-z\/c\/coronavirus-2019-ncov\/ciutadania\/desconfinament-progressiu\/mascaretes\/index.html#googtrans(ca|es)\">https:\/\/canalsalut.gencat.cat\/ca\/salut-a-z\/c\/coronavirus-2019-ncov\/ciutadania\/desconfinament-progressiu\/mascaretes\/index.html#googtrans(ca|es)<\/a><\/span><\/p>\n<p>&nbsp;<\/p>\n","protected":false},"excerpt":{"rendered":"<p>L\u2019\u00fas de la mascareta ser\u00e0 obligatori, tant a l\u2019exterior com a l\u2019interior, a partir d\u2019aquest dijous 9 de juliol, independentment del fet que es pugui mantenir la dist\u00e0ncia f\u00edsica interpersonal &hellip; <a href=\"https:\/\/bisbalpenedes.com\/web\/2020\/07\/08\/la-mascareta-sera-obligatoria-en-tots-els-espais-interiors-i-exteriors-a-partir-daquest-dijous\/\" class=\"more-link\">Read More<\/a><\/p>\n","protected":false},"author":4,"featured_media":14019,"comment_status":"closed","ping_status":"closed","sticky":false,"template":"","format":"standard","meta":[],"categories":[14],"tags":[3550,3559,3724,3824],"_links":{"self":[{"href":"https:\/\/bisbalpenedes.com\/web\/wp-json\/wp\/v2\/posts\/14018"}],"collection":[{"href":"https:\/\/bisbalpenedes.com\/web\/wp-json\/wp\/v2\/posts"}],"about":[{"href":"https:\/\/bisbalpenedes.com\/web\/wp-json\/wp\/v2\/types\/post"}],"author":[{"embeddable":true,"href":"https:\/\/bisbalpenedes.com\/web\/wp-json\/wp\/v2\/users\/4"}],"replies":[{"embeddable":true,"href":"https:\/\/bisbalpenedes.com\/web\/wp-json\/wp\/v2\/comments?post=14018"}],"version-history":[{"count":3,"href":"https:\/\/bisbalpenedes.com\/web\/wp-json\/wp\/v2\/posts\/14018\/revisions"}],"predecessor-version":[{"id":14023,"href":"https:\/\/bisbalpenedes.com\/web\/wp-json\/wp\/v2\/posts\/14018\/revisions\/14023"}],"wp:featuredmedia":[{"embeddable":true,"href":"https:\/\/bisbalpenedes.com\/web\/wp-json\/wp\/v2\/media\/14019"}],"wp:attachment":[{"href":"https:\/\/bisbalpenedes.com\/web\/wp-json\/wp\/v2\/media?parent=14018"}],"wp:term":[{"taxonomy":"category","embeddable":true,"href":"https:\/\/bisbalpenedes.com\/web\/wp-json\/wp\/v2\/categories?post=14018"},{"taxonomy":"post_tag","embeddable":true,"href":"https:\/\/bisbalpenedes.com\/web\/wp-json\/wp\/v2\/tags?post=14018"}],"curies":[{"name":"wp","href":"https:\/\/api.w.org\/{rel}","templated":true}]}}