{"id":14000,"date":"2020-07-07T17:33:24","date_gmt":"2020-07-07T15:33:24","guid":{"rendered":"http:\/\/bisbalpenedes.com\/web\/?p=14000"},"modified":"2020-07-07T18:54:51","modified_gmt":"2020-07-07T16:54:51","slug":"lajuntament-de-la-bisbal-inicia-una-campanya-per-promoure-un-bon-us-de-les-illes-de-contenidors","status":"publish","type":"post","link":"https:\/\/bisbalpenedes.com\/web\/2020\/07\/07\/lajuntament-de-la-bisbal-inicia-una-campanya-per-promoure-un-bon-us-de-les-illes-de-contenidors\/","title":{"rendered":"L\u2019Ajuntament de la Bisbal inicia una campanya per promoure un bon \u00fas de les illes de contenidors"},"content":{"rendered":"<figure id=\"attachment_14001\" aria-describedby=\"caption-attachment-14001\" style=\"width: 300px\" class=\"wp-caption alignleft\"><a href=\"http:\/\/bisbalpenedes.com\/web\/wp-content\/uploads\/2020\/07\/contenidors-2020-avis-E01.jpg\"><img loading=\"lazy\" class=\"wp-image-14001 size-medium\" src=\"http:\/\/bisbalpenedes.com\/web\/wp-content\/uploads\/2020\/07\/contenidors-2020-avis-E01-300x212.jpg\" alt=\"contenidors-2020-avis-E01\" width=\"300\" height=\"212\" srcset=\"https:\/\/bisbalpenedes.com\/web\/wp-content\/uploads\/2020\/07\/contenidors-2020-avis-E01-300x212.jpg 300w, https:\/\/bisbalpenedes.com\/web\/wp-content\/uploads\/2020\/07\/contenidors-2020-avis-E01-600x424.jpg 600w, https:\/\/bisbalpenedes.com\/web\/wp-content\/uploads\/2020\/07\/contenidors-2020-avis-E01-768x543.jpg 768w, https:\/\/bisbalpenedes.com\/web\/wp-content\/uploads\/2020\/07\/contenidors-2020-avis-E01-1024x724.jpg 1024w\" sizes=\"(max-width: 300px) 100vw, 300px\" \/><\/a><figcaption id=\"caption-attachment-14001\" class=\"wp-caption-text\">Un dels cartells de la campanya<\/figcaption><\/figure>\n<p style=\"text-align: justify;\"><span style=\"color: #000000;\">L\u2019Ajuntament de la Bisbal del Pened\u00e8s inicia una campanya de conscienciaci\u00f3 i sensibilitzaci\u00f3 amb l\u2019objectiu de millorar la\u00a0gesti\u00f3 dels residus per part de la ciutadania.<\/span><\/p>\n<p style=\"text-align: justify;\"><span style=\"color: #000000;\">Amb la finalitzaci\u00f3 de l\u2019estat d\u2019alarma, el municipi ha vist incrementat el nombre de residus abocats a la via p\u00fablica, sovint al voltant de les illes de contenidors del municipi i, per aquest motiu, engega una campanya per fer pedagogia i sensibilitzar la poblaci\u00f3 sobre el bon \u00fas dels contenidors.<\/span><\/p>\n<p style=\"text-align: justify;\"><span style=\"color: #000000;\">A partir d\u2019aquesta setmana, les illes de contenidors del municipi mostraran cartells amb diversos missatges que pretenen cridar l\u2019atenci\u00f3 d\u2019aquelles persones que\u00a0es disposin a fer un mal \u00fas dels contenidors. Es tracta de missatges com \u201cETS TU QUI DEIXA LA BROSSA FORA DEL CONTENIDOR? No siguis inc\u00edvic\/a i deixa cada residu al seu lloc\u201d, \u201cNO ET RENTIS LES MANS \/ sense, abans, haver deixat cada residu al seu lloc\u201d o \u201cNO JUGUIS BRUT. Com et sentiries si alg\u00fa deixa un munt de brossa a la teva porta?\u201d.<\/span><\/p>\n<p style=\"text-align: justify;\"><span style=\"color: #000000;\">El Regidor de Gesti\u00f3 de Residus, F\u00e8lix Villaz\u00e1n, ha explicat que \u201cdes de l\u2019entrada a la nova normalitat hem notat un increment de conductes inc\u00edviques relacionades amb l\u2019abandonament de residus i deixalles a la via p\u00fablica, una situaci\u00f3 que hem pogut comprovar que tamb\u00e9 estan patint altres municipis de la comarca. Tenint en compte aquesta situaci\u00f3 i amb l\u2019objectiu de pal\u00b7liar la problem\u00e0tica de l\u2019incivisme i dels abocaments d\u2019escombraries i residus a la via p\u00fablica, hem decidit iniciar aquesta campanya amb l\u2019objectiu de sensibilitzar la poblaci\u00f3, fer pedagogia i informar sobre les bones pr\u00e0ctiques en mat\u00e8ria de separaci\u00f3 i gesti\u00f3 de residus\u201d.<\/span><\/p>\n<p style=\"text-align: justify;\"><span style=\"color: #000000;\">Villaz\u00e1n ha detallat que \u201cla campanya s\u2019estructura en diversos cartells que contenen uns missatges adre\u00e7ats tant als ve\u00efns que viuen tot l\u2019any al municipi com a aquells que hi tenen una segona resid\u00e8ncia amb l\u2019objectiu que, aquelles persones que estiguin a punt de dur a terme una acci\u00f3 inc\u00edvica, s\u2019interroguin sobre si la seva conducta \u00e9s l\u2019adequada. Amb aquesta campanya volem sensibilitzar la poblaci\u00f3 perqu\u00e8 faci un bon \u00fas dels recursos en mat\u00e8ria de gesti\u00f3 de residus i prengui consci\u00e8ncia de que, per exemple, les bosses d\u2019escombraries s\u2019han de deixar dins dels contenidors i no a la via p\u00fablica, encara que el contenidor estigui al costat. D\u2019altra banda, els cartells tamb\u00e9 informen sobre la recollida de voluminosos a domicili, que es fa una vegada al mes, i sobre el servei del Punt Verd, on la ciutadania pot portar molts tipus de residus els 365 dies de l\u2019any\u201d.<\/span><\/p>\n<p style=\"text-align: justify;\"><span style=\"color: #000000;\">M\u00e9s enll\u00e0 d\u2019aquesta campanya, el passat 1 de juliol la Regidoria de Gesti\u00f3 de Residus va tornar a ampliar l\u2019horari del Punt Verd -ara s\u2019hi poden portar residus de dilluns a diumenge en horari de mat\u00ed i tarda- i dur\u00e0 a terme dues recollides de residus a domicili durant el mes de juliol. A m\u00e9s, l\u2019Ajuntament ha tornat a instal\u00b7lar els contenidors per a restes de poda durant el mes de juliol perqu\u00e8 aquells ve\u00efns que no hagin pogut netejar els seus jardins i parcel\u00b7les durant el confinament puguin fer-ho ara portant els residus al contenidor destinat a les restes de poda i jardineria.<\/span><\/p>\n<hr \/>\n<p><span style=\"color: #000000;\"><strong><a href=\"http:\/\/bisbalpenedes.com\/web\/wp-content\/uploads\/2020\/07\/MAGO-CONTENEDORS.jpg\"><img loading=\"lazy\" class=\"size-medium wp-image-14002 alignright\" src=\"http:\/\/bisbalpenedes.com\/web\/wp-content\/uploads\/2020\/07\/MAGO-CONTENEDORS-300x212.jpg\" alt=\"MAGO CONTENEDORS\" width=\"300\" height=\"212\" srcset=\"https:\/\/bisbalpenedes.com\/web\/wp-content\/uploads\/2020\/07\/MAGO-CONTENEDORS-300x212.jpg 300w, https:\/\/bisbalpenedes.com\/web\/wp-content\/uploads\/2020\/07\/MAGO-CONTENEDORS-600x424.jpg 600w, https:\/\/bisbalpenedes.com\/web\/wp-content\/uploads\/2020\/07\/MAGO-CONTENEDORS-768x543.jpg 768w, https:\/\/bisbalpenedes.com\/web\/wp-content\/uploads\/2020\/07\/MAGO-CONTENEDORS-1024x724.jpg 1024w\" sizes=\"(max-width: 300px) 100vw, 300px\" \/><\/a>CASTELLANO |<\/strong> El Ayuntamiento de la Bisbal del Pened\u00e8s inicia una campa\u00f1a de concienciaci\u00f3n y sensibilizaci\u00f3n con el objetivo de mejorar la\u00a0gesti\u00f3n de los residuos por parte de la ciudadan\u00eda.<\/span><\/p>\n<p style=\"text-align: justify;\"><span style=\"color: #000000;\">Una vez finalizado el estado de alarma, el municipio ha visto incrementada la cantidad de residuos vertidos en la v\u00eda p\u00fablica, a menudo alrededor de las islas de contenedores del municipio y, por este motivo, ha arrancado una campa\u00f1a para hacer pedagog\u00eda y sensibilizar a la poblaci\u00f3n sobre el buen uso de los contenedores.<\/span><\/p>\n<p style=\"text-align: justify;\"><span style=\"color: #000000;\">A partir de esta semana, las islas de contenedores del municipio mostrar\u00e1n carteles con varios mensajes que pretenden llamar la atenci\u00f3n de aquellas personas que es disposin a fer un mal \u00fas dels contenidors. Se trata de mensajes como \u201c\u00bfERES T\u00da QUI\u00c9N DEJA LA BASURA FUERA DEL CONTENEDOR? No seas inc\u00edvico\/a y deja cada residuo en su sitio\u201d, \u201cNO TE LAVES LAS MANOS \/ sin, antes, haber dejado cada residuo en su sitio\u201d o \u201cNO JUEGUES SUCIO. \u00bfC\u00f3mo te sentir\u00edas si alguien deja un mont\u00f3n de basura en tu puerta?\u201d.<\/span><\/p>\n<p style=\"text-align: justify;\"><span style=\"color: #000000;\">El Conejal de Gesti\u00f3n de Residuos, F\u00e8lix Villaz\u00e1n, ha explicado que \u201cdesde la entrada a la nueva normalidad hemos notado un incremento de conductas inc\u00edvicas relacionadas con el abandono de residuos y deshechos en la v\u00eda p\u00fablica, una situaci\u00f3n que hemos podido comprobar que tambi\u00e9n est\u00e1n sufriendo otros municipios de la comarca. Teniendo en cuenta esta situaci\u00f3n y con el objetivo de paliar la problem\u00e1tica del incivismo y de los vertidos de basura y residuos en la v\u00eda p\u00fablica, hemos decidido iniciar esta campa\u00f1a con el objetivo de sensibilizar a la poblaci\u00f3n, hacer pedagog\u00eda e informar sobre las buenas pr\u00e1cticas en materia de separaci\u00f3n y gesti\u00f3n de residuos\u201d.<\/span><\/p>\n<p style=\"text-align: justify;\"><span style=\"color: #000000;\">Villaz\u00e1n ha detallado que \u201cla campa\u00f1a se estructura en varios carteles que contienen unos mensajes dirigidos tanto a los vecinos que viven todo el a\u00f1o en el municipio como a aquellos que tienen aqu\u00ed una segunda residencia con el objetivo de que, aquellas personas que est\u00e9n a punto de llevar a cabo una acci\u00f3n inc\u00edvica, se interroguen acerca de si conducta es la adecuada. Con esta campa\u00f1a queremos sensibilizar a la poblaci\u00f3n para que haga un buen uso de los recursos en materia de gesti\u00f3n de residuos y tome consciencia de que, por ejemplo, las bolsas de basura se tienen que dejar dentro de los contenedores y no en la v\u00eda p\u00fablica, aunque el contenedor est\u00e9 al lado. Por otro lado, los carteles tambi\u00e9n informan sobre la recogida de voluminosos a domicilio, que se hace una vez al mes, y sobre el servicio del Punt Verd, donde la ciudadan\u00eda puede llevar muchos tipos de residuos los 365 d\u00edas del a\u00f1o\u201d.<\/span><\/p>\n<p style=\"text-align: justify;\"><span style=\"color: #000000;\">M\u00e1s all\u00e1 de esta campa\u00f1a, el pasado 1 de julio la Concejal\u00eda de Gesti\u00f3n de Residuos volvi\u00f3 a ampliar el horario del Punt Verd -ahora se pueden llevar residuos de lunes a domingo en horario de ma\u00f1ana y de tarde- y llevar\u00e1 a cabo dos recogidas de residuos a domicilio durante el mes de julio. Adem\u00e1s, el Ayuntamiento ha vuelto a instalar los contenedores para restos de poda durante el mes de julio para que aquellos vecinos que no hayan podido limpiar sus jardines y parcelas durante el confinamiento puedan hacerlo ahora llevando los residuos al contenedor destinado a los restos de poda y jardiner\u00eda.<\/span><\/p>\n<p>&nbsp;<\/p>\n<p>&nbsp;<\/p>\n","protected":false},"excerpt":{"rendered":"<p>L\u2019Ajuntament de la Bisbal del Pened\u00e8s inicia una campanya de conscienciaci\u00f3 i sensibilitzaci\u00f3 amb l\u2019objectiu de millorar la\u00a0gesti\u00f3 dels residus per part de la ciutadania. Amb la finalitzaci\u00f3 de l\u2019estat &hellip; <a href=\"https:\/\/bisbalpenedes.com\/web\/2020\/07\/07\/lajuntament-de-la-bisbal-inicia-una-campanya-per-promoure-un-bon-us-de-les-illes-de-contenidors\/\" class=\"more-link\">Read More<\/a><\/p>\n","protected":false},"author":4,"featured_media":14001,"comment_status":"closed","ping_status":"closed","sticky":false,"template":"","format":"standard","meta":[],"categories":[3215,8],"tags":[3920,1476,3922,3921,625,629,1131,3919,3052,3923,92,3924,1183],"_links":{"self":[{"href":"https:\/\/bisbalpenedes.com\/web\/wp-json\/wp\/v2\/posts\/14000"}],"collection":[{"href":"https:\/\/bisbalpenedes.com\/web\/wp-json\/wp\/v2\/posts"}],"about":[{"href":"https:\/\/bisbalpenedes.com\/web\/wp-json\/wp\/v2\/types\/post"}],"author":[{"embeddable":true,"href":"https:\/\/bisbalpenedes.com\/web\/wp-json\/wp\/v2\/users\/4"}],"replies":[{"embeddable":true,"href":"https:\/\/bisbalpenedes.com\/web\/wp-json\/wp\/v2\/comments?post=14000"}],"version-history":[{"count":5,"href":"https:\/\/bisbalpenedes.com\/web\/wp-json\/wp\/v2\/posts\/14000\/revisions"}],"predecessor-version":[{"id":14007,"href":"https:\/\/bisbalpenedes.com\/web\/wp-json\/wp\/v2\/posts\/14000\/revisions\/14007"}],"wp:featuredmedia":[{"embeddable":true,"href":"https:\/\/bisbalpenedes.com\/web\/wp-json\/wp\/v2\/media\/14001"}],"wp:attachment":[{"href":"https:\/\/bisbalpenedes.com\/web\/wp-json\/wp\/v2\/media?parent=14000"}],"wp:term":[{"taxonomy":"category","embeddable":true,"href":"https:\/\/bisbalpenedes.com\/web\/wp-json\/wp\/v2\/categories?post=14000"},{"taxonomy":"post_tag","embeddable":true,"href":"https:\/\/bisbalpenedes.com\/web\/wp-json\/wp\/v2\/tags?post=14000"}],"curies":[{"name":"wp","href":"https:\/\/api.w.org\/{rel}","templated":true}]}}