{"id":13996,"date":"2020-07-03T14:29:00","date_gmt":"2020-07-03T12:29:00","guid":{"rendered":"http:\/\/bisbalpenedes.com\/web\/?p=13996"},"modified":"2020-07-03T14:30:01","modified_gmt":"2020-07-03T12:30:01","slug":"dema-dissabte-4-de-juliol-podreu-vacunar-els-vostres-gossos-a-la-bisbal","status":"publish","type":"post","link":"https:\/\/bisbalpenedes.com\/web\/2020\/07\/03\/dema-dissabte-4-de-juliol-podreu-vacunar-els-vostres-gossos-a-la-bisbal\/","title":{"rendered":"Dem\u00e0 dissabte 4 de juliol podreu vacunar els vostres gossos a la Bisbal"},"content":{"rendered":"<p><span style=\"color: #000000;\">Dem\u00e0 dissabte 4 de juliol es dur\u00e0 a terme la segona jornada de vacunaci\u00f3 de gossos a la Bisbal. La vacunaci\u00f3 anir\u00e0 a c\u00e0rrec d\u2019un veterinari del Col\u00b7legi Oficial de Veterinaris de la prov\u00edncia de Tarragona, que cobrar\u00e0 les taxes pertinents. Cal que\u00a0presenteu la cartilla de vacunacions (si en disposeu).\u00a0<\/span><\/p>\n<p><span style=\"color: #000000;\"><b>HORARIS I LLOCS<\/b><\/span><\/p>\n<p><span style=\"color: #000000;\"><strong>Dissabte 04 de juliol de 2020:<\/strong><\/span><\/p>\n<p style=\"padding-left: 30px;\"><span style=\"color: #000000;\">De 10.00 a 10.30h al Local Social de Can Gordei (Avda. Can Gordei)<\/span><\/p>\n<p style=\"padding-left: 30px;\"><span style=\"color: #000000;\">De 10.30h a 11.00h al Local Social de l\u2019Esplai (Avda. Esplai)<\/span><\/p>\n<p style=\"padding-left: 30px;\"><span style=\"color: #000000;\">De 11.00h a 11.30h a la pla\u00e7a de La Masieta<\/span><\/p>\n<p style=\"padding-left: 30px;\"><span style=\"color: #000000;\">De 11.30h a 12.00h al local social de La Miralba<\/span><\/p>\n<hr \/>\n<p><span style=\"color: #000000;\"><strong>CASTELLANO<\/strong>\u00a0| Ma\u00f1ana s\u00e1bado 4 de julio se llevar\u00e1 a cabo la segunda jornada de vacunaci\u00f3n de perros en la Bisbal. La vacunaci\u00f3n ir\u00e1 a cargo de un veterinario del Col\u00b7legi Oficial de Veterinaris de la provincia de Tarragona, que cobrar\u00e1 las tasas pertinentes. Deb\u00e9is presentar la cartilla de vacunas (si dispon\u00e9is de ella).\u00a0<\/span><\/p>\n<p><span style=\"color: #000000;\"><b>HORARIOS Y LUGARES<\/b><\/span><\/p>\n<p><span style=\"color: #000000;\"><strong>S\u00e1bado 04 de julio del 2020:<\/strong><\/span><\/p>\n<p style=\"padding-left: 30px;\"><span style=\"color: #000000;\">De 10.00 a 10.30h en el Local Social de Can Gordei (Avda. Can Gordei)<\/span><\/p>\n<p style=\"padding-left: 30px;\"><span style=\"color: #000000;\">De 10.30h a 11.00h en el Local Social de l\u2019Esplai (Avda. Esplai)<\/span><\/p>\n<p style=\"padding-left: 30px;\"><span style=\"color: #000000;\">De 11.00h a 11.30h a la plaza de La Masieta<\/span><\/p>\n<p style=\"padding-left: 30px;\"><span style=\"color: #000000;\">De 11.30h a 12.00h en el local social de La Miralba<\/span><\/p>\n<p style=\"padding-left: 30px;\"><a href=\"http:\/\/bisbalpenedes.com\/web\/wp-content\/uploads\/2020\/06\/VACUNES_GOSSOS_2020DEF.jpg\"><img loading=\"lazy\" class=\"aligncenter size-large wp-image-13908\" src=\"http:\/\/bisbalpenedes.com\/web\/wp-content\/uploads\/2020\/06\/VACUNES_GOSSOS_2020DEF-724x1024.jpg\" alt=\"VACUNES_GOSSOS_2020DEF\" width=\"630\" height=\"891\" srcset=\"https:\/\/bisbalpenedes.com\/web\/wp-content\/uploads\/2020\/06\/VACUNES_GOSSOS_2020DEF-724x1024.jpg 724w, https:\/\/bisbalpenedes.com\/web\/wp-content\/uploads\/2020\/06\/VACUNES_GOSSOS_2020DEF-600x849.jpg 600w, https:\/\/bisbalpenedes.com\/web\/wp-content\/uploads\/2020\/06\/VACUNES_GOSSOS_2020DEF-212x300.jpg 212w, https:\/\/bisbalpenedes.com\/web\/wp-content\/uploads\/2020\/06\/VACUNES_GOSSOS_2020DEF-768x1086.jpg 768w, https:\/\/bisbalpenedes.com\/web\/wp-content\/uploads\/2020\/06\/VACUNES_GOSSOS_2020DEF-scaled.jpg 1810w\" sizes=\"(max-width: 630px) 100vw, 630px\" \/><\/a><\/p>\n","protected":false},"excerpt":{"rendered":"<p>Dem\u00e0 dissabte 4 de juliol es dur\u00e0 a terme la segona jornada de vacunaci\u00f3 de gossos a la Bisbal. La vacunaci\u00f3 anir\u00e0 a c\u00e0rrec d\u2019un veterinari del Col\u00b7legi Oficial de &hellip; <a href=\"https:\/\/bisbalpenedes.com\/web\/2020\/07\/03\/dema-dissabte-4-de-juliol-podreu-vacunar-els-vostres-gossos-a-la-bisbal\/\" class=\"more-link\">Read More<\/a><\/p>\n","protected":false},"author":4,"featured_media":13908,"comment_status":"closed","ping_status":"closed","sticky":false,"template":"","format":"standard","meta":[],"categories":[8,14],"tags":[435,432,431],"_links":{"self":[{"href":"https:\/\/bisbalpenedes.com\/web\/wp-json\/wp\/v2\/posts\/13996"}],"collection":[{"href":"https:\/\/bisbalpenedes.com\/web\/wp-json\/wp\/v2\/posts"}],"about":[{"href":"https:\/\/bisbalpenedes.com\/web\/wp-json\/wp\/v2\/types\/post"}],"author":[{"embeddable":true,"href":"https:\/\/bisbalpenedes.com\/web\/wp-json\/wp\/v2\/users\/4"}],"replies":[{"embeddable":true,"href":"https:\/\/bisbalpenedes.com\/web\/wp-json\/wp\/v2\/comments?post=13996"}],"version-history":[{"count":2,"href":"https:\/\/bisbalpenedes.com\/web\/wp-json\/wp\/v2\/posts\/13996\/revisions"}],"predecessor-version":[{"id":13998,"href":"https:\/\/bisbalpenedes.com\/web\/wp-json\/wp\/v2\/posts\/13996\/revisions\/13998"}],"wp:featuredmedia":[{"embeddable":true,"href":"https:\/\/bisbalpenedes.com\/web\/wp-json\/wp\/v2\/media\/13908"}],"wp:attachment":[{"href":"https:\/\/bisbalpenedes.com\/web\/wp-json\/wp\/v2\/media?parent=13996"}],"wp:term":[{"taxonomy":"category","embeddable":true,"href":"https:\/\/bisbalpenedes.com\/web\/wp-json\/wp\/v2\/categories?post=13996"},{"taxonomy":"post_tag","embeddable":true,"href":"https:\/\/bisbalpenedes.com\/web\/wp-json\/wp\/v2\/tags?post=13996"}],"curies":[{"name":"wp","href":"https:\/\/api.w.org\/{rel}","templated":true}]}}