{"id":13979,"date":"2020-06-30T21:13:07","date_gmt":"2020-06-30T19:13:07","guid":{"rendered":"http:\/\/bisbalpenedes.com\/web\/?p=13979"},"modified":"2020-06-30T21:13:07","modified_gmt":"2020-06-30T19:13:07","slug":"nou-horari-del-punt-verd-a-partir-de-l1-de-juliol","status":"publish","type":"post","link":"https:\/\/bisbalpenedes.com\/web\/2020\/06\/30\/nou-horari-del-punt-verd-a-partir-de-l1-de-juliol\/","title":{"rendered":"Nou horari del Punt Verd a partir de l&#8217;1 de juliol"},"content":{"rendered":"<p style=\"text-align: justify;\"><span style=\"color: #000000;\">La Regidoria de Residus de l\u2019Ajuntament de la Bisbal del Pened\u00e8s informa que, a partir de l\u20191 de juliol de 2020, l\u2019horari del Punt Verd ser\u00e0 de 9 a 14h i de 16h a 20h de dilluns a diumenge.<\/span><\/p>\n<p style=\"text-align: justify;\"><span style=\"color: #000000;\">Durant els matins -de dilluns a divendres- hi haur\u00e0 una persona per resoldre els dubtes que puguin sorgir a l\u2019hora de classificar els residus.<\/span><\/p>\n<p style=\"text-align: justify;\"><span style=\"color: #000000;\">Cal recordar que per accedir al Punt Verd cal una targeta que s\u2019ha de sol\u00b7licitar a les oficines municipals (o al registre d\u2019entrada, mitjan\u00e7ant la p\u00e0gina web <a href=\"http:\/\/www.bisbalpenedes.com\" target=\"_blank\">www.bisbalpenedes.com<\/a>).<\/span><\/p>\n<p style=\"text-align: justify;\"><span style=\"color: #000000;\">Recordem que cal respectar les mesures de la Covid-19:<\/span><\/p>\n<p style=\"padding-left: 30px; text-align: justify;\"><span style=\"color: #000000;\">-Respectar la dist\u00e0ncia de seguretat de 2 metres.<\/span><\/p>\n<p style=\"padding-left: 30px; text-align: justify;\"><span style=\"color: #000000;\">-Obligatorietat de l\u2019\u00fas de guants i mascareta.<\/span><\/p>\n<p style=\"padding-left: 30px; text-align: justify;\"><span style=\"color: #000000;\">-Portar les bosses de cada tipus de residu separades per poder-les dipositar al seu lloc, seguint les indicacions de l\u2019operari\/a.<\/span><\/p>\n<p style=\"padding-left: 30px; text-align: justify;\"><span style=\"color: #000000;\">-No es podr\u00e0 tocar res que no sigui els residus que porteu al Punt Verd.<\/span><\/p>\n<p style=\"padding-left: 30px; text-align: justify;\"><span style=\"color: #000000;\">-Els vehicles hauran d\u2019entrar d\u2019un en un, \u00e9s a dir, nom\u00e9s podr\u00e0 entrar un vehicle al recinte. Quan aquest hagi sortit, aleshores hi podr\u00e0 accedir el seg\u00fcent.<\/span><\/p>\n<p style=\"text-align: justify;\"><span style=\"color: #000000;\">Tamb\u00e9 us recordem que est\u00e0 prohibit endur-se res del Punt Verd. Les conductes inc\u00edviques i els actes vand\u00e0lics quedaran enregistrats mitjan\u00e7ant el sistema de videovigil\u00e0ncia i es prendran les mesures oportunes contra els infractors que facin malb\u00e9 els equipaments municipals i l\u2019entorn.<\/span><\/p>\n<p style=\"text-align: justify;\"><span style=\"color: #000000;\">Aprofitem per informar-vos que la propera recollida de residus voluminosos i trastos vells a domicili ser\u00c0 el dilluns 6 de juliol. Si voleu beneficiar-vos d\u2019aquest servei cal que truqueu, amb un m\u00ednim de 5 dies d\u2019antelaci\u00f3, a l\u2019Ajuntament de la Bisbal del Pened\u00e8s: 977688438.<\/span><\/p>\n<hr \/>\n<p style=\"text-align: justify;\"><span style=\"color: #000000;\"><strong>CASTELLANO |<\/strong> La Concejal\u00eda de Residuos del Ayuntamiento de la Bisbal del Pened\u00e8s informa que, a partir del 1 de julio de 2020, el horario del Punt Verd ser\u00e1 de 9 a 14h y de 16h a 20h de lunes a domingo.<\/span><\/p>\n<p style=\"text-align: justify;\"><span style=\"color: #000000;\">Durante las ma\u00f1anas -de lunes a viernes- habr\u00e1 una persona para resolver las dudas que puedan surgir en el momento de clasificar los residuos.<\/span><\/p>\n<p style=\"text-align: justify;\"><span style=\"color: #000000;\">Cabe recordar que para acceder al Punt Verd es necesaria una tarjeta que se tiene que solicitar en las oficinas municipales (o en el registro de entrada, mediante la p\u00e1gina web<\/span> <a href=\"http:\/\/www.bisbalpenedes.com\">www.bisbalpenedes.com<\/a>).<\/p>\n<p style=\"text-align: justify;\"><span style=\"color: #000000;\">Recordamos que hay que respetar las medidas de la Covid-19:<\/span><\/p>\n<p style=\"padding-left: 30px; text-align: justify;\"><span style=\"color: #000000;\">-Respetar la distancia de seguridad de 2 metros.<\/span><\/p>\n<p style=\"padding-left: 30px; text-align: justify;\"><span style=\"color: #000000;\">-Obligatoriedad de uso de guantes y mascarilla.<\/span><\/p>\n<p style=\"padding-left: 30px; text-align: justify;\"><span style=\"color: #000000;\">-Llevar las bolsas de cada tipo de residuo separadas para poderlas depositar en su sitio, siguiendo las indicaciones del\/la operario\/a.<\/span><\/p>\n<p style=\"padding-left: 30px; text-align: justify;\"><span style=\"color: #000000;\">-No se podr\u00e1 tocar nada que no sea los residuos que llev\u00e9is al Punt Verd.<\/span><\/p>\n<p style=\"padding-left: 30px; text-align: justify;\"><span style=\"color: #000000;\">-Los veh\u00edculos deber\u00e1n entrar de uno en uno, es decir, solo podr\u00e1 acceder un veh\u00edculo al recinto. Cuando este haya salido, entonces podr\u00e1 entrar el siguiente.<\/span><\/p>\n<p style=\"text-align: justify;\"><span style=\"color: #000000;\">Tambi\u00e9n os recordamos que est\u00e1 prohibido llevarse nada de all\u00ed. Las conductas inc\u00edvicas y los actos vand\u00e1licos quedar\u00e1n grabados mediante el sistema de videovigilancia y se tomar\u00e1n las medidas oportunas contra los infractores que estropeen los equipamientos municipales y el entorno.<\/span><\/p>\n<p style=\"text-align: justify;\"><span style=\"color: #000000;\">Aprovechamos para informaros de que la pr\u00f3xima recogida de residuos voluminosos y trastos viejos a domicilio ser\u00e1 el lunes 6 de julio. Si quer\u00e9is beneficiaros de este servicio ten\u00e9is que llamar, con un m\u00ednimo de 5 d\u00edas de antelaci\u00f3n, al Ayuntamiento de la Bisbal del Pened\u00e8s: 977688438.<\/span><\/p>\n<p>&nbsp;<\/p>\n","protected":false},"excerpt":{"rendered":"<p>La Regidoria de Residus de l\u2019Ajuntament de la Bisbal del Pened\u00e8s informa que, a partir de l\u20191 de juliol de 2020, l\u2019horari del Punt Verd ser\u00e0 de 9 a 14h &hellip; <a href=\"https:\/\/bisbalpenedes.com\/web\/2020\/06\/30\/nou-horari-del-punt-verd-a-partir-de-l1-de-juliol\/\" class=\"more-link\">Read More<\/a><\/p>\n","protected":false},"author":4,"featured_media":5123,"comment_status":"closed","ping_status":"closed","sticky":false,"template":"","format":"standard","meta":[],"categories":[3215,8],"tags":[629,784,92],"_links":{"self":[{"href":"https:\/\/bisbalpenedes.com\/web\/wp-json\/wp\/v2\/posts\/13979"}],"collection":[{"href":"https:\/\/bisbalpenedes.com\/web\/wp-json\/wp\/v2\/posts"}],"about":[{"href":"https:\/\/bisbalpenedes.com\/web\/wp-json\/wp\/v2\/types\/post"}],"author":[{"embeddable":true,"href":"https:\/\/bisbalpenedes.com\/web\/wp-json\/wp\/v2\/users\/4"}],"replies":[{"embeddable":true,"href":"https:\/\/bisbalpenedes.com\/web\/wp-json\/wp\/v2\/comments?post=13979"}],"version-history":[{"count":1,"href":"https:\/\/bisbalpenedes.com\/web\/wp-json\/wp\/v2\/posts\/13979\/revisions"}],"predecessor-version":[{"id":13980,"href":"https:\/\/bisbalpenedes.com\/web\/wp-json\/wp\/v2\/posts\/13979\/revisions\/13980"}],"wp:featuredmedia":[{"embeddable":true,"href":"https:\/\/bisbalpenedes.com\/web\/wp-json\/wp\/v2\/media\/5123"}],"wp:attachment":[{"href":"https:\/\/bisbalpenedes.com\/web\/wp-json\/wp\/v2\/media?parent=13979"}],"wp:term":[{"taxonomy":"category","embeddable":true,"href":"https:\/\/bisbalpenedes.com\/web\/wp-json\/wp\/v2\/categories?post=13979"},{"taxonomy":"post_tag","embeddable":true,"href":"https:\/\/bisbalpenedes.com\/web\/wp-json\/wp\/v2\/tags?post=13979"}],"curies":[{"name":"wp","href":"https:\/\/api.w.org\/{rel}","templated":true}]}}