{"id":13976,"date":"2020-06-30T13:40:56","date_gmt":"2020-06-30T11:40:56","guid":{"rendered":"http:\/\/bisbalpenedes.com\/web\/?p=13976"},"modified":"2020-06-30T13:41:53","modified_gmt":"2020-06-30T11:41:53","slug":"lajuntament-ha-installat-contenidors-de-poda-perque-els-veins-en-pugueu-fer-us-durant-el-mes-de-juliol","status":"publish","type":"post","link":"https:\/\/bisbalpenedes.com\/web\/2020\/06\/30\/lajuntament-ha-installat-contenidors-de-poda-perque-els-veins-en-pugueu-fer-us-durant-el-mes-de-juliol\/","title":{"rendered":"L&#8217;Ajuntament ha instal\u00b7lat contenidors de poda perqu\u00e8 els ve\u00efns en pugueu fer \u00fas durant el mes de juliol"},"content":{"rendered":"<p style=\"text-align: justify;\"><span style=\"color: #000000;\"><strong>GESTI\u00d3 DE RESIDUS |<\/strong> La Regidoria de Residus ha instal\u00b7lat, novament, els contenidors de poda en diversos punts del municipi. Hi seran durant tot el mes de juliol.<\/span><\/p>\n<p style=\"text-align: justify;\"><span style=\"color: #000000;\">Enguany ha estat un any excepcional per la situaci\u00f3 que ha generat la pand\u00e8mia de Covid-19. El confinament ha fet que molts ve\u00efns de segona resid\u00e8ncia no hagin pogut venir a les seves cases durant el confinament i que, amb l\u2019entrada a l\u2019etapa de represa, s\u2019hagin trobat que han de tallar i arrancar herbes i fer treballs de poda als seus jardins. Tenint en compte aquesta situaci\u00f3, l\u2019Ajuntament de la Bisbal del Pened\u00e8s ha col\u00b7locat, de nou, contenidors de poda als diferents nuclis durant el mes de juliol per facilitar que els ve\u00efns que es trobin en aquesta situaci\u00f3 puguin portar aquests residus als contenidors de poda garantint aix\u00ed una correcta gesti\u00f3 d\u2019aquests residus vegetals.<\/span><\/p>\n<p style=\"text-align: justify;\"><span style=\"color: #000000;\">Els contenidors estaran ubicats als seg\u00fcents punts:<\/span><\/p>\n<p style=\"padding-left: 30px; text-align: justify;\"><span style=\"color: #000000;\"><strong>La Masieta:<\/strong> pla\u00e7a de la Masieta<\/span><\/p>\n<p style=\"padding-left: 30px; text-align: justify;\"><span style=\"color: #000000;\"><strong>L\u2019Esplai:<\/strong> avda. de l\u2019Esplai (al costat del local social) i carrer Pablo Ruiz Picasso<\/span><\/p>\n<p style=\"padding-left: 30px; text-align: justify;\"><span style=\"color: #000000;\"><strong>Can Gordei:<\/strong> carrer Francol\u00ed, carrer Ter i Carrer Llobregat<\/span><\/p>\n<p style=\"padding-left: 30px; text-align: justify;\"><span style=\"color: #000000;\"><strong>Priorat de la Bisbal:<\/strong> carrer Sevilla, avda. Priorat (al costat del local social) i carrer Huesca<\/span><\/p>\n<p style=\"padding-left: 30px; text-align: justify;\"><span style=\"color: #000000;\"><strong>La Miralba:<\/strong> carrer Gladiol (al costat del local social)<\/span><\/p>\n<p style=\"padding-left: 30px; text-align: justify;\"><span style=\"color: #000000;\"><strong>La Pineda de Santa Cristina: <\/strong>carrer Solson\u00e8s<\/span><\/p>\n<p style=\"text-align: justify;\"><span style=\"color: #000000;\"><u>Important:<\/u> els contenidors de poda s\u00f3n nom\u00e9s per a les restes de poda i, aquestes, s\u2019han de deixar al contenidor sense bossa.<\/span><\/p>\n<hr \/>\n<p style=\"text-align: justify;\"><span style=\"color: #000000;\"><strong>CASTELLANO |<\/strong> La Concejal\u00eda de Residuos ha instalado, nuevamente, los contenedores de poda en diversos puntos del municipio. Se podr\u00e1 hacer uso de los mismos durante todo el mes de julio.<\/span><\/p>\n<p style=\"text-align: justify;\"><span style=\"color: #000000;\">Este a\u00f1o ha sido un a\u00f1o excepcional por la situaci\u00f3n que ha generado la pandemia de Covid-19. El confinamiento ha hecho que muchos vecinos de segunda residencia no hayan podido venir a sus casas durante el confinamiento y que, con la entrada a la etapa de reanudaci\u00f3n, se hayan encontrado que tienen que cortar y arrancar hierbas y hacer trabajos de poda en sus jardines. Teniendo en cuenta esta situaci\u00f3n, el Ayuntamiento de la Bisbal del Pened\u00e8s ha colocado, de nuevo, contenedores de poda en los distintos n\u00facleos durante el mes de julio para facilitar que los vecinos que se encuentren en esta situaci\u00f3n puedan llevar estos residuos a los contenedores de poda garantizando as\u00ed una correcta gesti\u00f3n de estos residuos vegetales.<\/span><\/p>\n<p style=\"text-align: justify;\"><span style=\"color: #000000;\">Los contenedores estar\u00e1n ubicados en los siguientes puntos:<\/span><\/p>\n<p style=\"padding-left: 30px; text-align: justify;\"><span style=\"color: #000000;\"><strong>La Masieta:<\/strong> plaza de la Masieta<\/span><\/p>\n<p style=\"padding-left: 30px; text-align: justify;\"><span style=\"color: #000000;\"><strong>L\u2019Esplai:<\/strong> avda. de l\u2019Esplai (al lado del local social) y calle Pablo Ruiz Picasso<\/span><\/p>\n<p style=\"padding-left: 30px; text-align: justify;\"><span style=\"color: #000000;\"><strong>Can Gordei:<\/strong> calle Francol\u00ed, calle Ter y Calle Llobregat<\/span><\/p>\n<p style=\"padding-left: 30px; text-align: justify;\"><span style=\"color: #000000;\"><strong>Priorat de la Bisbal:<\/strong> calle Sevilla, avda. Priorat (al lado del local social) y calle Huesca<\/span><\/p>\n<p style=\"padding-left: 30px; text-align: justify;\"><span style=\"color: #000000;\"><strong>La Miralba:<\/strong> calle Gladiol (al lado del local social)<\/span><\/p>\n<p style=\"padding-left: 30px; text-align: justify;\"><span style=\"color: #000000;\"><strong>La Pineda de Santa Cristina: <\/strong>calle Solson\u00e8s<\/span><\/p>\n<p style=\"text-align: justify;\"><span style=\"color: #000000;\"><u>Importante:<\/u> los contenedores de poda son solo para los restos de poda y, estos, se deben dejar en el contenedor sin bolsa.<\/span><\/p>\n<p>&nbsp;<\/p>\n<p>&nbsp;<\/p>\n","protected":false},"excerpt":{"rendered":"<p>GESTI\u00d3 DE RESIDUS | La Regidoria de Residus ha instal\u00b7lat, novament, els contenidors de poda en diversos punts del municipi. Hi seran durant tot el mes de juliol. Enguany ha &hellip; <a href=\"https:\/\/bisbalpenedes.com\/web\/2020\/06\/30\/lajuntament-ha-installat-contenidors-de-poda-perque-els-veins-en-pugueu-fer-us-durant-el-mes-de-juliol\/\" class=\"more-link\">Read More<\/a><\/p>\n","protected":false},"author":4,"featured_media":11218,"comment_status":"closed","ping_status":"closed","sticky":false,"template":"","format":"standard","meta":[],"categories":[3215,8],"tags":[198,3917,276,587,246,2629,520,623],"_links":{"self":[{"href":"https:\/\/bisbalpenedes.com\/web\/wp-json\/wp\/v2\/posts\/13976"}],"collection":[{"href":"https:\/\/bisbalpenedes.com\/web\/wp-json\/wp\/v2\/posts"}],"about":[{"href":"https:\/\/bisbalpenedes.com\/web\/wp-json\/wp\/v2\/types\/post"}],"author":[{"embeddable":true,"href":"https:\/\/bisbalpenedes.com\/web\/wp-json\/wp\/v2\/users\/4"}],"replies":[{"embeddable":true,"href":"https:\/\/bisbalpenedes.com\/web\/wp-json\/wp\/v2\/comments?post=13976"}],"version-history":[{"count":2,"href":"https:\/\/bisbalpenedes.com\/web\/wp-json\/wp\/v2\/posts\/13976\/revisions"}],"predecessor-version":[{"id":13978,"href":"https:\/\/bisbalpenedes.com\/web\/wp-json\/wp\/v2\/posts\/13976\/revisions\/13978"}],"wp:featuredmedia":[{"embeddable":true,"href":"https:\/\/bisbalpenedes.com\/web\/wp-json\/wp\/v2\/media\/11218"}],"wp:attachment":[{"href":"https:\/\/bisbalpenedes.com\/web\/wp-json\/wp\/v2\/media?parent=13976"}],"wp:term":[{"taxonomy":"category","embeddable":true,"href":"https:\/\/bisbalpenedes.com\/web\/wp-json\/wp\/v2\/categories?post=13976"},{"taxonomy":"post_tag","embeddable":true,"href":"https:\/\/bisbalpenedes.com\/web\/wp-json\/wp\/v2\/tags?post=13976"}],"curies":[{"name":"wp","href":"https:\/\/api.w.org\/{rel}","templated":true}]}}