{"id":1397,"date":"2016-02-26T15:10:25","date_gmt":"2016-02-26T09:10:25","guid":{"rendered":"http:\/\/bisbalpenedes.com\/web\/?p=1397"},"modified":"2016-06-15T14:29:51","modified_gmt":"2016-06-15T08:29:51","slug":"xerrada-actualitzacio-i-controversies-de-les-vacunes","status":"publish","type":"post","link":"https:\/\/bisbalpenedes.com\/web\/2016\/02\/26\/xerrada-actualitzacio-i-controversies-de-les-vacunes\/","title":{"rendered":"Xerrada Actualitzaci\u00f3 i controv\u00e8rsies de les vacunes"},"content":{"rendered":"<p>El tema de vacunar \u00e9s complexe, \u00e9s una decisi\u00f3 que prenen els pares i que t\u00e9 una repercussi\u00f3 comunit\u00e0ria, m\u00e9s enll\u00e0 de l&#8217;opci\u00f3 individual.<br \/>\nLa informaci\u00f3, el sentit com\u00fa i el coneixement ens ajuda una mica a l&#8217;hora de prendre decisions. I \u00e9s per aquest motiu, que des de la Regidoria de Sanitat de l\u2019Ajuntament, hem organitzat pel proper dijous 3 de mar\u00e7 a les 19:30 al CMC una xerrada a c\u00e0rrec del Metge adjunt del Servei de Pediatria del Vendrell, el Sr. Ra\u00fal Ozaeta anomenada: \u201cActualitzaci\u00f3 i controv\u00e8rsies de les vacunes\u201d<br \/>\nUs hi esperem!<br \/>\n<a href=\"http:\/\/bisbalpenedes.com\/web\/wp-content\/uploads\/2016\/02\/xerrada_vacunes_2016.jpg\"><img loading=\"lazy\" src=\"http:\/\/bisbalpenedes.com\/web\/wp-content\/uploads\/2016\/02\/xerrada_vacunes_2016-724x1024.jpg\" alt=\"\" title=\"xerrada_vacunes_2016\" width=\"630\" height=\"891\" class=\"alignleft size-large wp-image-1398\" srcset=\"https:\/\/bisbalpenedes.com\/web\/wp-content\/uploads\/2016\/02\/xerrada_vacunes_2016-724x1024.jpg 724w, https:\/\/bisbalpenedes.com\/web\/wp-content\/uploads\/2016\/02\/xerrada_vacunes_2016-600x848.jpg 600w, https:\/\/bisbalpenedes.com\/web\/wp-content\/uploads\/2016\/02\/xerrada_vacunes_2016-212x300.jpg 212w, https:\/\/bisbalpenedes.com\/web\/wp-content\/uploads\/2016\/02\/xerrada_vacunes_2016.jpg 827w\" sizes=\"(max-width: 630px) 100vw, 630px\" \/><\/a><\/p>\n","protected":false},"excerpt":{"rendered":"<p>El tema de vacunar \u00e9s complexe, \u00e9s una decisi\u00f3 que prenen els pares i que t\u00e9 una repercussi\u00f3 comunit\u00e0ria, m\u00e9s enll\u00e0 de l&#8217;opci\u00f3 individual. La informaci\u00f3, el sentit com\u00fa i &hellip; <a href=\"https:\/\/bisbalpenedes.com\/web\/2016\/02\/26\/xerrada-actualitzacio-i-controversies-de-les-vacunes\/\" class=\"more-link\">Read More<\/a><\/p>\n","protected":false},"author":1,"featured_media":1398,"comment_status":"closed","ping_status":"closed","sticky":false,"template":"","format":"standard","meta":[],"categories":[14],"tags":[],"_links":{"self":[{"href":"https:\/\/bisbalpenedes.com\/web\/wp-json\/wp\/v2\/posts\/1397"}],"collection":[{"href":"https:\/\/bisbalpenedes.com\/web\/wp-json\/wp\/v2\/posts"}],"about":[{"href":"https:\/\/bisbalpenedes.com\/web\/wp-json\/wp\/v2\/types\/post"}],"author":[{"embeddable":true,"href":"https:\/\/bisbalpenedes.com\/web\/wp-json\/wp\/v2\/users\/1"}],"replies":[{"embeddable":true,"href":"https:\/\/bisbalpenedes.com\/web\/wp-json\/wp\/v2\/comments?post=1397"}],"version-history":[{"count":3,"href":"https:\/\/bisbalpenedes.com\/web\/wp-json\/wp\/v2\/posts\/1397\/revisions"}],"predecessor-version":[{"id":1705,"href":"https:\/\/bisbalpenedes.com\/web\/wp-json\/wp\/v2\/posts\/1397\/revisions\/1705"}],"wp:featuredmedia":[{"embeddable":true,"href":"https:\/\/bisbalpenedes.com\/web\/wp-json\/wp\/v2\/media\/1398"}],"wp:attachment":[{"href":"https:\/\/bisbalpenedes.com\/web\/wp-json\/wp\/v2\/media?parent=1397"}],"wp:term":[{"taxonomy":"category","embeddable":true,"href":"https:\/\/bisbalpenedes.com\/web\/wp-json\/wp\/v2\/categories?post=1397"},{"taxonomy":"post_tag","embeddable":true,"href":"https:\/\/bisbalpenedes.com\/web\/wp-json\/wp\/v2\/tags?post=1397"}],"curies":[{"name":"wp","href":"https:\/\/api.w.org\/{rel}","templated":true}]}}