{"id":13969,"date":"2020-06-28T10:36:27","date_gmt":"2020-06-28T08:36:27","guid":{"rendered":"http:\/\/bisbalpenedes.com\/web\/?p=13969"},"modified":"2020-06-28T10:58:51","modified_gmt":"2020-06-28T08:58:51","slug":"lajuntament-ha-pintat-un-pas-de-vianants-amb-motiu-del-dia-internacional-de-lorgull-lgtbi","status":"publish","type":"post","link":"https:\/\/bisbalpenedes.com\/web\/2020\/06\/28\/lajuntament-ha-pintat-un-pas-de-vianants-amb-motiu-del-dia-internacional-de-lorgull-lgtbi\/","title":{"rendered":"L&#8217;Ajuntament ha pintat un pas de vianants amb motiu del Dia Internacional de l&#8217;Orgull LGTBI"},"content":{"rendered":"<p style=\"text-align: justify;\"><span style=\"color: #000000;\"><a href=\"http:\/\/bisbalpenedes.com\/web\/wp-content\/uploads\/2020\/06\/7605DEFB-9022-4358-813A-13CB71A2F6D9.jpeg\"><img loading=\"lazy\" class=\"aligncenter size-large wp-image-13970\" src=\"http:\/\/bisbalpenedes.com\/web\/wp-content\/uploads\/2020\/06\/7605DEFB-9022-4358-813A-13CB71A2F6D9-1024x768.jpeg\" alt=\"7605DEFB-9022-4358-813A-13CB71A2F6D9\" width=\"630\" height=\"473\" srcset=\"https:\/\/bisbalpenedes.com\/web\/wp-content\/uploads\/2020\/06\/7605DEFB-9022-4358-813A-13CB71A2F6D9-1024x768.jpeg 1024w, https:\/\/bisbalpenedes.com\/web\/wp-content\/uploads\/2020\/06\/7605DEFB-9022-4358-813A-13CB71A2F6D9-600x450.jpeg 600w, https:\/\/bisbalpenedes.com\/web\/wp-content\/uploads\/2020\/06\/7605DEFB-9022-4358-813A-13CB71A2F6D9-300x225.jpeg 300w, https:\/\/bisbalpenedes.com\/web\/wp-content\/uploads\/2020\/06\/7605DEFB-9022-4358-813A-13CB71A2F6D9-768x576.jpeg 768w, https:\/\/bisbalpenedes.com\/web\/wp-content\/uploads\/2020\/06\/7605DEFB-9022-4358-813A-13CB71A2F6D9.jpeg 2016w\" sizes=\"(max-width: 630px) 100vw, 630px\" \/><\/a> <a href=\"http:\/\/bisbalpenedes.com\/web\/wp-content\/uploads\/2020\/06\/3F0D123D-8A3A-49DF-B1A2-E3AD582DA02B.jpeg\"><img loading=\"lazy\" class=\"aligncenter size-large wp-image-13971\" src=\"http:\/\/bisbalpenedes.com\/web\/wp-content\/uploads\/2020\/06\/3F0D123D-8A3A-49DF-B1A2-E3AD582DA02B.jpeg\" alt=\"3F0D123D-8A3A-49DF-B1A2-E3AD582DA02B\" width=\"630\" height=\"473\" srcset=\"https:\/\/bisbalpenedes.com\/web\/wp-content\/uploads\/2020\/06\/3F0D123D-8A3A-49DF-B1A2-E3AD582DA02B.jpeg 960w, https:\/\/bisbalpenedes.com\/web\/wp-content\/uploads\/2020\/06\/3F0D123D-8A3A-49DF-B1A2-E3AD582DA02B-600x450.jpeg 600w, https:\/\/bisbalpenedes.com\/web\/wp-content\/uploads\/2020\/06\/3F0D123D-8A3A-49DF-B1A2-E3AD582DA02B-300x225.jpeg 300w, https:\/\/bisbalpenedes.com\/web\/wp-content\/uploads\/2020\/06\/3F0D123D-8A3A-49DF-B1A2-E3AD582DA02B-768x576.jpeg 768w\" sizes=\"(max-width: 630px) 100vw, 630px\" \/><\/a> <a href=\"http:\/\/bisbalpenedes.com\/web\/wp-content\/uploads\/2020\/06\/6FB20F35-53FE-46F2-B251-6FADF30B0AEB.jpeg\"><img loading=\"lazy\" class=\"aligncenter size-large wp-image-13972\" src=\"http:\/\/bisbalpenedes.com\/web\/wp-content\/uploads\/2020\/06\/6FB20F35-53FE-46F2-B251-6FADF30B0AEB.jpeg\" alt=\"6FB20F35-53FE-46F2-B251-6FADF30B0AEB\" width=\"630\" height=\"471\" srcset=\"https:\/\/bisbalpenedes.com\/web\/wp-content\/uploads\/2020\/06\/6FB20F35-53FE-46F2-B251-6FADF30B0AEB.jpeg 960w, https:\/\/bisbalpenedes.com\/web\/wp-content\/uploads\/2020\/06\/6FB20F35-53FE-46F2-B251-6FADF30B0AEB-600x448.jpeg 600w, https:\/\/bisbalpenedes.com\/web\/wp-content\/uploads\/2020\/06\/6FB20F35-53FE-46F2-B251-6FADF30B0AEB-300x224.jpeg 300w, https:\/\/bisbalpenedes.com\/web\/wp-content\/uploads\/2020\/06\/6FB20F35-53FE-46F2-B251-6FADF30B0AEB-768x574.jpeg 768w\" sizes=\"(max-width: 630px) 100vw, 630px\" \/><\/a><br \/>\nAmb motiu del Dia Internacional de l&#8217;Orgull LGTBI, l&#8217;Ajuntament de la Bisbal del Pened\u00e8s ha pintat amb els colors de la bandera LGTBI un tram d&#8217;un pas de vianants de l&#8217;avinguda Baix Pened\u00e8s. Aquesta acci\u00f3 s&#8217;ha dut a terme amb l&#8217;objectiu de visibilitzar el col\u00b7lectiu LGTBI, promoure la igualtat i reivindicar els drets de les persones LGTBI i la no discriminaci\u00f3 per raons d&#8217;orientaci\u00f3 sexual o de g\u00e8nere.<\/span><\/p>\n<hr \/>\n<p style=\"text-align: justify;\"><span style=\"color: #000000;\">Con motivo del D\u00eda Internacional del Orgullo LGTBI, El Ayuntamiento de la Bisbal del Pened\u00e8s ha pintado con los colores de la bandera LGTBI un tramo de un paso de peatones de la avenida Baix Pened\u00e8s. Esta acci\u00f3n se ha llevado a cabo con el objetivo de visibilizar el colectivo LGTBI, promover la igualdad y reivindicar los derechos de las personas LGTBI y la no discriminaci\u00f3n por razones de orientaci\u00f3n sexual o de g\u00e9nero.<\/span><\/p>\n<p>&nbsp;<\/p>\n","protected":false},"excerpt":{"rendered":"<p>Amb motiu del Dia Internacional de l&#8217;Orgull LGTBI, l&#8217;Ajuntament de la Bisbal del Pened\u00e8s ha pintat amb els colors de la bandera LGTBI un tram d&#8217;un pas de vianants de &hellip; <a href=\"https:\/\/bisbalpenedes.com\/web\/2020\/06\/28\/lajuntament-ha-pintat-un-pas-de-vianants-amb-motiu-del-dia-internacional-de-lorgull-lgtbi\/\" class=\"more-link\">Read More<\/a><\/p>\n","protected":false},"author":4,"featured_media":13971,"comment_status":"closed","ping_status":"closed","sticky":false,"template":"","format":"standard","meta":[],"categories":[3851,8],"tags":[3916,3914,3915],"_links":{"self":[{"href":"https:\/\/bisbalpenedes.com\/web\/wp-json\/wp\/v2\/posts\/13969"}],"collection":[{"href":"https:\/\/bisbalpenedes.com\/web\/wp-json\/wp\/v2\/posts"}],"about":[{"href":"https:\/\/bisbalpenedes.com\/web\/wp-json\/wp\/v2\/types\/post"}],"author":[{"embeddable":true,"href":"https:\/\/bisbalpenedes.com\/web\/wp-json\/wp\/v2\/users\/4"}],"replies":[{"embeddable":true,"href":"https:\/\/bisbalpenedes.com\/web\/wp-json\/wp\/v2\/comments?post=13969"}],"version-history":[{"count":2,"href":"https:\/\/bisbalpenedes.com\/web\/wp-json\/wp\/v2\/posts\/13969\/revisions"}],"predecessor-version":[{"id":13974,"href":"https:\/\/bisbalpenedes.com\/web\/wp-json\/wp\/v2\/posts\/13969\/revisions\/13974"}],"wp:featuredmedia":[{"embeddable":true,"href":"https:\/\/bisbalpenedes.com\/web\/wp-json\/wp\/v2\/media\/13971"}],"wp:attachment":[{"href":"https:\/\/bisbalpenedes.com\/web\/wp-json\/wp\/v2\/media?parent=13969"}],"wp:term":[{"taxonomy":"category","embeddable":true,"href":"https:\/\/bisbalpenedes.com\/web\/wp-json\/wp\/v2\/categories?post=13969"},{"taxonomy":"post_tag","embeddable":true,"href":"https:\/\/bisbalpenedes.com\/web\/wp-json\/wp\/v2\/tags?post=13969"}],"curies":[{"name":"wp","href":"https:\/\/api.w.org\/{rel}","templated":true}]}}