{"id":13963,"date":"2020-06-26T09:32:41","date_gmt":"2020-06-26T07:32:41","guid":{"rendered":"http:\/\/bisbalpenedes.com\/web\/?p=13963"},"modified":"2020-06-26T09:32:41","modified_gmt":"2020-06-26T07:32:41","slug":"les-oficines-municipals-tornaran-a-obrir-de-forma-presencial-el-dilluns-29-de-juny","status":"publish","type":"post","link":"https:\/\/bisbalpenedes.com\/web\/2020\/06\/26\/les-oficines-municipals-tornaran-a-obrir-de-forma-presencial-el-dilluns-29-de-juny\/","title":{"rendered":"Les oficines municipals tornaran a obrir de forma presencial el dilluns 29 de juny"},"content":{"rendered":"<p style=\"text-align: justify;\"><span style=\"color: #000000;\">Les oficines municipals tornaran a obrir el pr\u00f2xim dilluns 29 de juny per atendre la ciutadania de forma presencial.<\/span><\/p>\n<p style=\"text-align: justify;\"><span style=\"color: #000000;\"><strong>QUIN SER\u00c0 L\u2019HORARI D\u2019ATENCI\u00d3 PRESENCIAL A LA CIUTADANIA?<\/strong><\/span><\/p>\n<p style=\"text-align: justify;\"><span style=\"color: #000000;\">L\u2019horari d\u2019atenci\u00f3 a la ciutadania ser\u00e0 de dilluns a divendres de 9h a 14h.<\/span><\/p>\n<p style=\"text-align: justify;\"><span style=\"color: #000000;\"><strong>QUINES GESTIONS ES PODRAN FER A L\u2019AJUNTAMENT?<\/strong><\/span><\/p>\n<p style=\"text-align: justify;\"><span style=\"color: #000000;\">Els usuaris podran registrar documents, fer consultes i optar a tots els serveis que s\u2019oferien abans que es decret\u00e9s l\u2019Estat d\u2019alarma al taulell de la planta baixa de l\u2019Ajuntament de al Bisbal del Pened\u00e8s.<\/span><\/p>\n<p style=\"text-align: justify;\"><span style=\"color: #000000;\">Quant a les gestions amb Urbanisme, Enginyeria, Padr\u00f3 d\u2019habitants, Ocupaci\u00f3 i la resta de serveis de l\u2019Ajuntament de la Bisbal del Pened\u00e8s, caldr\u00e0 demanar cita pr\u00e8via trucant per tel\u00e8fon al 977688438 o de forma presencial a les oficines municipals.<\/span><\/p>\n<p style=\"text-align: justify;\"><span style=\"color: #000000;\"><strong>QUINES MESURES SE SEGUEIXEN PER EVITAR LA PROPAGACI\u00d3 DE LA COVID-19?<\/strong><\/span><\/p>\n<p style=\"text-align: justify;\"><span style=\"color: #000000;\">Ser\u00e0 imprescindible el compliment de les mesures necess\u00e0ries per evitar la propagaci\u00f3 de la Covid-19. Les persones que accedeixin a l\u2019edifici de l\u2019Ajuntament de la Bisbal del Pened\u00e8s hauran de portar mascareta i hauran de fer \u00fas del gel hidroalcoh\u00f2lic de l\u2019entrada abans d\u2019accedir al taulell.<\/span><\/p>\n<p style=\"text-align: justify;\"><span style=\"color: #000000;\">En tot cas se seguiran les mesures de prevenci\u00f3 i seguretat dictades per les autoritats sanit\u00e0ries, respectant el l\u00edmit d\u2019aforament i les dist\u00e0ncies de seguretat.<\/span><\/p>\n<p style=\"text-align: justify;\"><span style=\"color: #000000;\">En els serveis, es prioritzar\u00e0 l\u2019atenci\u00f3 telef\u00f2nica i telem\u00e0tica. Quant al personal al servei de la unitat administrativa, aquest s\u2019anir\u00e0 reincorporant als seus llocs de treball de forma progressiva amb l\u2019aplicaci\u00f3 del r\u00e8gim de torns en les modalitats presencial i de teletreball fins tres mesos despr\u00e9s de la finalitzaci\u00f3 de l\u2019Estat d\u2019alarma.<\/span><\/p>\n<hr \/>\n<p style=\"text-align: justify;\"><span style=\"color: #000000;\"><strong>CASTELLANO | <\/strong>Las oficinas municipales volver\u00e1n a abrir el pr\u00f3ximo lunes 29 de junio para atender a la ciudadan\u00eda de forma presencial.<\/span><\/p>\n<p style=\"text-align: justify;\"><span style=\"color: #000000;\"><strong>\u00bfCU\u00c1L SER\u00c1 EL HORARIO DE ATENCI\u00d3N PRESENCIAL A LA CIUDADAN\u00cdA?<\/strong><\/span><\/p>\n<p style=\"text-align: justify;\"><span style=\"color: #000000;\">El horario de atenci\u00f3n a la ciudadan\u00eda ser\u00e1 de lunes a viernes de 9h a 14h.<\/span><\/p>\n<p style=\"text-align: justify;\"><span style=\"color: #000000;\"><strong>\u00bfQU\u00c9 GESTIONES SE PODR\u00c1N HACER EN EL AYUNTAMIENTO?<\/strong><\/span><\/p>\n<p style=\"text-align: justify;\"><span style=\"color: #000000;\">Los usuarios podr\u00e1n registrar documentos, hacer consultas y optar a todos los servicios que se ofrec\u00edan antes de que se decretase el Estado de alarma en el mostrador de la planta baja del Ayuntamiento de la Bisbal del Pened\u00e8s.<\/span><\/p>\n<p style=\"text-align: justify;\"><span style=\"color: #000000;\">En cuanto a las gestiones con Urbanismo, Ingenier\u00eda, Padr\u00f3n de habitantes, Ocupaci\u00f3n y el resto de servicios del Ayuntamiento de la Bisbal del Pened\u00e8s, ser\u00e1 necesario pedir cita previa llamando por tel\u00e9fono al 977688438 o de forma presencial en las oficinas municipales.<\/span><\/p>\n<p style=\"text-align: justify;\"><span style=\"color: #000000;\"><strong>\u00bfQU\u00c9 MEDIDAS SE SIGUEN PARA EVITAR LA PROPAGACI\u00d3N DE LA COVID-19?<\/strong><\/span><\/p>\n<p style=\"text-align: justify;\"><span style=\"color: #000000;\">Ser\u00e1 imprescindible el cumplimiento de las medidas necesarias para evitar la propagaci\u00f3n de la Covid-19. Las personas que accedan al edificio del Ayuntamiento de la Bisbal del Pened\u00e8s deber\u00e1n llevar mascarilla y deber\u00e1n hacer uso del gel hidroalcoh\u00f3lico de la entrada antes de acceder al mostrador.<\/span><\/p>\n<p style=\"text-align: justify;\"><span style=\"color: #000000;\">En todo caso se seguir\u00e1n las medidas de prevenci\u00f3n y seguridad dictadas por las autoridades sanitarias, respetando el l\u00edmite de aforo y las distancias de seguridad.<\/span><\/p>\n<p style=\"text-align: justify;\"><span style=\"color: #000000;\">En los servicios, se priorizar\u00e1 la atenci\u00f3n telef\u00f3nica y telem\u00e1tica. En cuanto al personal al servicio de la unidad administrativa, este se ir\u00e1 reincorporando a sus puestos de trabajo de forma progresiva con la aplicaci\u00f3n del r\u00e9gimen de turnos en las modalidades presencial y de teletrabajo hasta tres meses despu\u00e9s de la finalizaci\u00f3n del Estado de alarma.<\/span><\/p>\n<p>&nbsp;<\/p>\n<p>&nbsp;<\/p>\n","protected":false},"excerpt":{"rendered":"<p>Les oficines municipals tornaran a obrir el pr\u00f2xim dilluns 29 de juny per atendre la ciutadania de forma presencial. QUIN SER\u00c0 L\u2019HORARI D\u2019ATENCI\u00d3 PRESENCIAL A LA CIUTADANIA? L\u2019horari d\u2019atenci\u00f3 a &hellip; <a href=\"https:\/\/bisbalpenedes.com\/web\/2020\/06\/26\/les-oficines-municipals-tornaran-a-obrir-de-forma-presencial-el-dilluns-29-de-juny\/\" class=\"more-link\">Read More<\/a><\/p>\n","protected":false},"author":4,"featured_media":13964,"comment_status":"closed","ping_status":"closed","sticky":false,"template":"","format":"standard","meta":[],"categories":[3125],"tags":[],"_links":{"self":[{"href":"https:\/\/bisbalpenedes.com\/web\/wp-json\/wp\/v2\/posts\/13963"}],"collection":[{"href":"https:\/\/bisbalpenedes.com\/web\/wp-json\/wp\/v2\/posts"}],"about":[{"href":"https:\/\/bisbalpenedes.com\/web\/wp-json\/wp\/v2\/types\/post"}],"author":[{"embeddable":true,"href":"https:\/\/bisbalpenedes.com\/web\/wp-json\/wp\/v2\/users\/4"}],"replies":[{"embeddable":true,"href":"https:\/\/bisbalpenedes.com\/web\/wp-json\/wp\/v2\/comments?post=13963"}],"version-history":[{"count":2,"href":"https:\/\/bisbalpenedes.com\/web\/wp-json\/wp\/v2\/posts\/13963\/revisions"}],"predecessor-version":[{"id":13966,"href":"https:\/\/bisbalpenedes.com\/web\/wp-json\/wp\/v2\/posts\/13963\/revisions\/13966"}],"wp:featuredmedia":[{"embeddable":true,"href":"https:\/\/bisbalpenedes.com\/web\/wp-json\/wp\/v2\/media\/13964"}],"wp:attachment":[{"href":"https:\/\/bisbalpenedes.com\/web\/wp-json\/wp\/v2\/media?parent=13963"}],"wp:term":[{"taxonomy":"category","embeddable":true,"href":"https:\/\/bisbalpenedes.com\/web\/wp-json\/wp\/v2\/categories?post=13963"},{"taxonomy":"post_tag","embeddable":true,"href":"https:\/\/bisbalpenedes.com\/web\/wp-json\/wp\/v2\/tags?post=13963"}],"curies":[{"name":"wp","href":"https:\/\/api.w.org\/{rel}","templated":true}]}}