{"id":13960,"date":"2020-06-25T13:44:33","date_gmt":"2020-06-25T11:44:33","guid":{"rendered":"http:\/\/bisbalpenedes.com\/web\/?p=13960"},"modified":"2020-06-25T13:44:33","modified_gmt":"2020-06-25T11:44:33","slug":"sha-sollicitat-la-subvencio-del-pam-2020-2023-per-executar-5-inversions-a-la-bisbal","status":"publish","type":"post","link":"https:\/\/bisbalpenedes.com\/web\/2020\/06\/25\/sha-sollicitat-la-subvencio-del-pam-2020-2023-per-executar-5-inversions-a-la-bisbal\/","title":{"rendered":"S\u2019ha sol\u00b7licitat la subvenci\u00f3 del PAM 2020-2023 per executar 5 inversions a la Bisbal"},"content":{"rendered":"<p style=\"text-align: justify;\"><span style=\"color: #000000;\">La Junta de Govern local del 22 de juny ha aprovat la sol\u00b7licitud per a la convocat\u00f2ria PAM 2020\/2023 que el passat 18 de juny va presentar l\u2019Ajuntament de la Bisbal del Pened\u00e8s a la Diputaci\u00f3 de Tarragona. El PAM o Pla d\u2019Acci\u00f3 Municipal de la Diputaci\u00f3 de Tarragona \u00e9s una subvenci\u00f3 que permet finan\u00e7ar grans inversions per al municipi. En el cas de la Bisbal del Pened\u00e8s l\u2019import per al quadrienni 2020\/2023 \u00e9s de 589.258,89\u20ac que es destinarien a les seg\u00fcents inversions:<\/span><\/p>\n<p style=\"text-align: justify; padding-left: 30px;\"><span style=\"color: #000000;\">a.-Projecte d\u2019ampliaci\u00f3\/reforma del local social de Can Gordei<\/span><\/p>\n<p style=\"text-align: justify; padding-left: 30px;\"><span style=\"color: #000000;\">b.-Projecte d\u2019arranjament de les infraestructures de la part superior del nucli urb\u00e0 del municipi, al barri de la Riba (3\u00aa fase)<\/span><\/p>\n<p style=\"text-align: justify; padding-left: 30px;\"><span style=\"color: #000000;\">c.-Arranjament de la fassina.<\/span><\/p>\n<p style=\"text-align: justify; padding-left: 30px;\"><span style=\"color: #000000;\">d.-Ampliaci\u00f3 del local social del Priorat.<\/span><\/p>\n<p style=\"text-align: justify; padding-left: 30px;\"><span style=\"color: #000000;\">e.-Cam\u00ed del Priorat.<\/span><\/p>\n<p style=\"text-align: justify;\"><span style=\"color: #000000;\"><strong>PROJECTE A PROJECTE<\/strong><\/span><\/p>\n<p style=\"text-align: justify;\"><span style=\"color: #000000;\"><strong>a.-Ampliaci\u00f3 i reforma del local social de Can Gordei<\/strong><\/span><\/p>\n<p style=\"text-align: justify;\"><span style=\"color: #000000;\">El local passar\u00e0 a tenir dues sales polivalents que, en un moment determinat, es podrien unir. Es podran emprar per a activitats municipals, activitats organitzades per part de l\u2019Associaci\u00f3 de ve\u00efns o per part del bar del local social.<\/span><\/p>\n<p style=\"text-align: justify;\"><span style=\"color: #000000;\">D\u2019altra banda es far\u00e0 una rampa d\u2019accessibilitat a la pista esportiva de la part posterior de l\u2019edifici.<\/span><\/p>\n<p style=\"text-align: justify;\"><span style=\"color: #000000;\"><u>Import:<\/u> el pressupost del projecte ascendeix a 67.084,75\u20ac amb IVA incl\u00f2s (38.187,61\u20ac per a l\u2019ampliaci\u00f3 del local social i 28.897,14\u20ac per a la rampa accessible)<\/span><\/p>\n<p style=\"text-align: justify;\"><span style=\"color: #000000;\">S\u2019ha sol\u00b7licitat una subvenci\u00f3 del PAM de 53.164,47\u20ac<\/span><\/p>\n<p style=\"text-align: justify;\"><span style=\"color: #000000;\"><u>Termini de la inversi\u00f3:<\/u> aquestes obres es licitaran aquest 2020 i el termini per finalitzar-les acaba el novembre de 2021.<\/span><\/p>\n<p style=\"text-align: justify;\"><span style=\"color: #000000;\"><strong>b.-Arranjament de les infraestructures de la part superior del nucli urb\u00e0 del municipi, al barri de la Riba (3\u00aa fase)<\/strong><\/span><\/p>\n<p style=\"text-align: justify;\"><span style=\"color: #000000;\">S\u2019adequar\u00e0 l\u2019enllumenat p\u00fablic i es soterraran els cables, es soterrar\u00e0 la fibra \u00f2ptica i s\u2019adequar\u00e0 la xarxa d\u2019abastament d\u2019aigua.<\/span><\/p>\n<p style=\"text-align: justify;\"><span style=\"color: #000000;\"><u>Import:<\/u> el pressupost del projecte ascendeix a 1.119.331,72\u20ac amb IVA incl\u00f2s.<\/span><\/p>\n<p style=\"text-align: justify;\"><span style=\"color: #000000;\">S\u2019ha sol\u00b7licitat una subvenci\u00f3 del PAM de 335.000\u20ac<\/span><\/p>\n<p style=\"text-align: justify;\"><span style=\"color: #000000;\">S\u2019ha sol\u00b7licitat una subvenci\u00f3 al PUOSC (Pla \u00danic d\u2019Obres i Serveis) de la Generalitat de Catalunya de 370.000\u20ac<\/span><\/p>\n<p style=\"text-align: justify;\"><span style=\"color: #000000;\"><u>Termini de la inversi\u00f3:<\/u> es podr\u00e0 licitar el 2021 i el termini per finalitzar les obres acabar\u00e0 el maig de 2023.<\/span><\/p>\n<p style=\"text-align: justify;\"><span style=\"color: #000000;\"><strong>c.-Arranjament de la fassina.<\/strong><\/span><\/p>\n<p style=\"text-align: justify;\"><span style=\"color: #000000;\">S\u2019adequar\u00e0 la torre de l\u2019edifici de <em>la fassina<\/em> -perqu\u00e8 pugui utilitzar-la per assajar la Colla Castellera La Bisbal del Pened\u00e8s \u2013 Bous mitjan\u00e7ant conveni- i es construir\u00e0 un magatzem per a la brigada municipal a l\u2019espai resultant de l\u2019enderroc de les edificacions existents.<\/span><\/p>\n<p style=\"text-align: justify;\"><span style=\"color: #000000;\"><u>Import:<\/u> el pressupost del projecte s\u2019ha estimat en 350.000\u20ac<\/span><\/p>\n<p style=\"text-align: justify;\"><span style=\"color: #000000;\">S\u2019ha sol\u00b7licitat una subvenci\u00f3 del PAM de 100.000\u20ac<\/span><\/p>\n<p style=\"text-align: justify;\"><span style=\"color: #000000;\"><u>Termini de la inversi\u00f3:<\/u> durant el 2020 s\u2019executar\u00e0 l\u2019enderroc de les edificacions, a excepci\u00f3 de la torre de la fassina, i es redactar\u00e0 el projecte de consolidaci\u00f3 de la torre. Les obres d\u2019arranjament de la torre i de construcci\u00f3 del magatzem de la brigada estan previstes per al 2021.<\/span><\/p>\n<p style=\"text-align: justify;\"><span style=\"color: #000000;\"><strong>d.-Ampliaci\u00f3 del local social del Priorat.<\/strong><\/span><\/p>\n<p style=\"text-align: justify;\"><span style=\"color: #000000;\">El projecte redactat i en exposici\u00f3 p\u00fablica per a la seva aprovaci\u00f3 inicial inclou afegir dues sales multifuncionals tant per a les activitats organitzades per l\u2019Ajuntament de la Bisbal del Pened\u00e8s com per aquelles que es realitzin des de l\u2019Associaci\u00f3 de ve\u00efns del Priorat.<\/span><\/p>\n<p style=\"text-align: justify;\"><span style=\"color: #000000;\"><u>Import<\/u>: el pressupost del projecte \u00e9s de 67.084,75\u20ac amb IVA incl\u00f2s.<\/span><\/p>\n<p style=\"text-align: justify;\"><span style=\"color: #000000;\">S\u2019ha sol\u00b7licitat una subvenci\u00f3 del PAM de 51.314,89\u20ac<\/span><\/p>\n<p style=\"text-align: justify;\"><span style=\"color: #000000;\"><u>Termini de la inversi\u00f3:<\/u> Est\u00e0 previst que s\u2019executi a partir del 2021 i fins al maig de 2022.<\/span><\/p>\n<p style=\"text-align: justify;\"><span style=\"color: #000000;\"><strong>e.-Cam\u00ed del Priorat.<\/strong><\/span><\/p>\n<p style=\"text-align: justify;\"><span style=\"color: #000000;\">Es vol crear un cam\u00ed per a vianants i bicicletes que comuniqui el Priorat de la Bisbal amb el nucli urb\u00e0, al costat de l\u2019actual vial per a vehicles rodats. Aix\u00ed es garantir\u00e0 la seguretat dels vianants i ciclistes i es fomentar\u00e0 l\u2019activitat f\u00edsica.<\/span><\/p>\n<p style=\"text-align: justify;\"><span style=\"color: #000000;\"><u>Import:<\/u> el pressupost estimat \u00e9s de 100.000\u20ac<\/span><\/p>\n<p style=\"text-align: justify;\"><span style=\"color: #000000;\">S\u2019ha sol\u00b7licitat una subvenci\u00f3 del PAM de 49.779,53\u20ac<\/span><\/p>\n<p style=\"text-align: justify;\"><span style=\"color: #000000;\"><u>Termini de la inversi\u00f3:<\/u> El 2021 s\u2019aprovaran el projecte i el pressupost i s\u2019executar\u00e0 el 2022.<\/span><\/p>\n<hr \/>\n<p style=\"text-align: justify;\"><span style=\"color: #000000;\"><strong>CASTELLANO |<\/strong> La Junta de Gobierno local del 22 de junio ha aprobado la solicitud para la convocatoria PAM 2020\/2023 que el pasado 18 de junio present\u00f3 el Ayuntamiento de la Bisbal del Pened\u00e8s a la Diputaci\u00f3n de Tarragona. El PAM o Plan de Acci\u00f3n Municipal de la Diputaci\u00f3n de Tarragona es una subvenci\u00f3n que permite financiar grandes inversiones para el municipio. En el caso de la Bisbal del Pened\u00e8s el importe para el cuadrienio 2020\/2023 es de 589.258,89\u20ac que se destinar\u00edan a las siguientes inversiones:<\/span><\/p>\n<p style=\"padding-left: 30px;\"><span style=\"color: #000000;\">a.-Proyecto de ampliaci\u00f3n\/reforma del local social de Can Gordei.<\/span><\/p>\n<p style=\"padding-left: 30px;\"><span style=\"color: #000000;\">b.-Proyecto de arreglo de las infraestructuras de la parte superior del n\u00facleo urbano del municipio, en el barrio de la Riba (3\u00aa fase)<\/span><\/p>\n<p style=\"padding-left: 30px;\"><span style=\"color: #000000;\">c.-Arreglo de <em>la fassina<\/em><\/span><\/p>\n<p style=\"padding-left: 30px;\"><span style=\"color: #000000;\">d.-Ampliaci\u00f3n del local social del Priorat<\/span><\/p>\n<p style=\"padding-left: 30px;\"><span style=\"color: #000000;\">e.-Camino del Priorat<\/span><\/p>\n<p>&nbsp;<\/p>\n<p><span style=\"color: #000000;\"><strong>PROYECTO A PROYECTO<\/strong><\/span><\/p>\n<p><span style=\"color: #000000;\"><strong>a.-Ampliaci\u00f3n y reforma del local social de Can Gordei<\/strong><\/span><\/p>\n<p><span style=\"color: #000000;\">El local pasar\u00e1 a tener dos salas polivalentes que, en un momento determinado, se podr\u00edan unir. Se podr\u00e1n utilizar para actividades municipales, actividades organizadas por parte de la Asociaci\u00f3n de vecinos o por parte del bar del local social.<\/span><\/p>\n<p><span style=\"color: #000000;\">Por otro lado se har\u00e1 una rampa de accesibilidad en la pista deportiva de la parte posterior del edificio.<\/span><\/p>\n<p><span style=\"color: #000000;\"><u>Importe:<\/u> el presupuesto del proyecto asciende a 67.084,75\u20ac con IVA incluido (38.187,61\u20ac para la ampliaci\u00f3n del local social y 28.897,14\u20ac para la rampa accesible).<\/span><\/p>\n<p><span style=\"color: #000000;\">Se ha solicitado una subvenci\u00f3n del PAM de 53.164,47\u20ac.<\/span><\/p>\n<p><span style=\"color: #000000;\"><u>Plazo de la inversi\u00f3n:<\/u> estas obras se licitar\u00e1n este 2020 y el plazo para finalizarlas termina en noviembre del 2021.<\/span><\/p>\n<p><span style=\"color: #000000;\"><strong>\u00a0<\/strong><\/span><\/p>\n<p><span style=\"color: #000000;\"><strong>b.-Arreglo de las infraestructuras de la parte superior del n\u00facleo urbano del municipio, en el barrio de la Riba (3\u00aa fase).<\/strong><\/span><\/p>\n<p><span style=\"color: #000000;\">Se adecuar\u00e1 el alumbrado p\u00fablico y se enterrar\u00e1n los cables, se soterrar\u00e1 la fibra \u00f3ptica y se adecuar\u00e1 la red de abastecimiento de agua.<\/span><\/p>\n<p><span style=\"color: #000000;\"><u>Importe:<\/u> el presupuesto del proyecto asciende a 1.119.331,72\u20ac con IVA incluido.<\/span><\/p>\n<p><span style=\"color: #000000;\">Se ha solicitado una subvenci\u00f3n del PAM de 335.000\u20ac<\/span><\/p>\n<p><span style=\"color: #000000;\">Se ha solicitado una subvenci\u00f3n del PUOSC (Plan \u00danico de Obras y Servicios) de la Generalitat de Catalunya de 370.000\u20ac.<\/span><\/p>\n<p><span style=\"color: #000000;\"><u>Plazo de la inversi\u00f3n:<\/u> se podr\u00e1 licitar en 2021 y el plazo para finalizar las obras terminar\u00e1 en mayo del 2023.<\/span><\/p>\n<p>&nbsp;<\/p>\n<p><span style=\"color: #000000;\"><strong>c.- Arreglo de <em>la fassina<\/em><\/strong><\/span><\/p>\n<p><span style=\"color: #000000;\">Se adecuar\u00e1 la torre del edificio de <em>la fassina<\/em> \u2013 para que pueda utilizarla para ensayar la Colla Castellera la Bisbal del Pened\u00e8s \u2013 Bous mediante convenio- y se construir\u00e1 un almac\u00e9n para la brigada municipal en el espacio resultante del derribo de las edificaciones existentes.<\/span><\/p>\n<p><span style=\"color: #000000;\"><u>Importe:<\/u> el presupuesto del proyecto se ha estimado en 350.000\u20ac<\/span><\/p>\n<p><span style=\"color: #000000;\">Se ha solicitado una subvenci\u00f3n del PAM de 100.000\u20ac<\/span><\/p>\n<p><span style=\"color: #000000;\"><u>Plazo de la inversi\u00f3n:<\/u> durante el 2020 se ejecutar\u00e1 el derribo de las edificaciones, a excepci\u00f3n de la torre de <em>la fassina<\/em>, y se redactar\u00e1 el proyecto de consolidaci\u00f3n de la torre.\u00a0 Las obras de arreglo de la torre y de construcci\u00f3n el almac\u00e9n de la brigada est\u00e1n previstas para el 2021.<\/span><\/p>\n<p>&nbsp;<\/p>\n<p><span style=\"color: #000000;\"><strong>d.-Ampliaci\u00f3n del local social del Priorat.<\/strong><\/span><\/p>\n<p><span style=\"color: #000000;\">El proyecto redactado y en exposici\u00f3n p\u00fablica para su aprobaci\u00f3n inicial incluye a\u00f1adir dos salas multifuncionales tanto para las actividades organizadas por el Ayuntamiento de la Bisbal del Pened\u00e8s como para aquellas que se realicen desde la Asociaci\u00f3n de vecinos del Priorat.<\/span><\/p>\n<p><span style=\"color: #000000;\"><u>Importe:<\/u> el presupuesto del proyecto es de 67.084,75\u20ac con IVA incluido.<\/span><\/p>\n<p><span style=\"color: #000000;\">Se ha solicitado una subvenci\u00f3n del PAM de 51.314,89\u20ac.<\/span><\/p>\n<p><span style=\"color: #000000;\"><u>Plazo de la inversi\u00f3n:<\/u> Est\u00e1 previsto que se ejecute a partir del 2021 y hasta mayo del 2022.<\/span><\/p>\n<p>&nbsp;<\/p>\n<p><span style=\"color: #000000;\"><strong>e.-Camino del Priorat.<\/strong><\/span><\/p>\n<p><span style=\"color: #000000;\">Se quiere crear un camino para peatones y bicicletas que comunique el Priorat de la Bisbal con el n\u00facleo urbano, al lado del actual vial para veh\u00edculos rodados. As\u00ed se garantizar\u00e1 la seguridad de los peatones y ciclistas y se fomentar\u00e1 la actividad f\u00edsica.<\/span><\/p>\n<p><span style=\"color: #000000;\"><u>Importe:<\/u> el presupuesto estimado es de 100.000\u20ac<\/span><\/p>\n<p><span style=\"color: #000000;\">Se ha solicitado una subvenci\u00f3n del PAM de 49.770,53\u20ac<\/span><\/p>\n<p><span style=\"color: #000000;\"><u>Plazo de la inversi\u00f3n:<\/u> En el 2021 se aprobar\u00e1n el proyecto y el presupuesto y se ejecutar\u00e1 en el 2022.<\/span><\/p>\n","protected":false},"excerpt":{"rendered":"<p>La Junta de Govern local del 22 de juny ha aprovat la sol\u00b7licitud per a la convocat\u00f2ria PAM 2020\/2023 que el passat 18 de juny va presentar l\u2019Ajuntament de la &hellip; <a href=\"https:\/\/bisbalpenedes.com\/web\/2020\/06\/25\/sha-sollicitat-la-subvencio-del-pam-2020-2023-per-executar-5-inversions-a-la-bisbal\/\" class=\"more-link\">Read More<\/a><\/p>\n","protected":false},"author":4,"featured_media":12172,"comment_status":"closed","ping_status":"closed","sticky":false,"template":"","format":"standard","meta":[],"categories":[8],"tags":[3115,362,198,3504,1337,3912,3913,2765],"_links":{"self":[{"href":"https:\/\/bisbalpenedes.com\/web\/wp-json\/wp\/v2\/posts\/13960"}],"collection":[{"href":"https:\/\/bisbalpenedes.com\/web\/wp-json\/wp\/v2\/posts"}],"about":[{"href":"https:\/\/bisbalpenedes.com\/web\/wp-json\/wp\/v2\/types\/post"}],"author":[{"embeddable":true,"href":"https:\/\/bisbalpenedes.com\/web\/wp-json\/wp\/v2\/users\/4"}],"replies":[{"embeddable":true,"href":"https:\/\/bisbalpenedes.com\/web\/wp-json\/wp\/v2\/comments?post=13960"}],"version-history":[{"count":2,"href":"https:\/\/bisbalpenedes.com\/web\/wp-json\/wp\/v2\/posts\/13960\/revisions"}],"predecessor-version":[{"id":13962,"href":"https:\/\/bisbalpenedes.com\/web\/wp-json\/wp\/v2\/posts\/13960\/revisions\/13962"}],"wp:featuredmedia":[{"embeddable":true,"href":"https:\/\/bisbalpenedes.com\/web\/wp-json\/wp\/v2\/media\/12172"}],"wp:attachment":[{"href":"https:\/\/bisbalpenedes.com\/web\/wp-json\/wp\/v2\/media?parent=13960"}],"wp:term":[{"taxonomy":"category","embeddable":true,"href":"https:\/\/bisbalpenedes.com\/web\/wp-json\/wp\/v2\/categories?post=13960"},{"taxonomy":"post_tag","embeddable":true,"href":"https:\/\/bisbalpenedes.com\/web\/wp-json\/wp\/v2\/tags?post=13960"}],"curies":[{"name":"wp","href":"https:\/\/api.w.org\/{rel}","templated":true}]}}