{"id":13957,"date":"2020-06-25T12:15:01","date_gmt":"2020-06-25T10:15:01","guid":{"rendered":"http:\/\/bisbalpenedes.com\/web\/?p=13957"},"modified":"2020-06-25T13:33:50","modified_gmt":"2020-06-25T11:33:50","slug":"sinicia-lexpedient-per-a-la-contractacio-de-les-obres-denderroc-de-la-fassina","status":"publish","type":"post","link":"https:\/\/bisbalpenedes.com\/web\/2020\/06\/25\/sinicia-lexpedient-per-a-la-contractacio-de-les-obres-denderroc-de-la-fassina\/","title":{"rendered":"S\u2019inicia l\u2019expedient per a la contractaci\u00f3 de les obres d\u2019enderroc de la fassina"},"content":{"rendered":"<p style=\"text-align: center;\"><a href=\"http:\/\/bisbalpenedes.com\/web\/wp-content\/uploads\/2018\/09\/LA-FASSINA.jpg\"><img loading=\"lazy\" class=\"alignnone size-medium wp-image-7002\" src=\"http:\/\/bisbalpenedes.com\/web\/wp-content\/uploads\/2018\/09\/LA-FASSINA-300x200.jpg\" alt=\"LA FASSINA\" width=\"300\" height=\"200\" srcset=\"https:\/\/bisbalpenedes.com\/web\/wp-content\/uploads\/2018\/09\/LA-FASSINA-300x200.jpg 300w, https:\/\/bisbalpenedes.com\/web\/wp-content\/uploads\/2018\/09\/LA-FASSINA-600x400.jpg 600w, https:\/\/bisbalpenedes.com\/web\/wp-content\/uploads\/2018\/09\/LA-FASSINA-768x512.jpg 768w, https:\/\/bisbalpenedes.com\/web\/wp-content\/uploads\/2018\/09\/LA-FASSINA-1024x683.jpg 1024w\" sizes=\"(max-width: 300px) 100vw, 300px\" \/><\/a><\/p>\n<p style=\"text-align: justify;\"><span style=\"color: #000000;\">La Junta de govern del 22 de juny ha aprovat, a petici\u00f3 de les regidories d\u2019Urbanisme i Cultura, iniciar l\u2019expedient per a la contractaci\u00f3 de les obres d\u2019enderroc de les edificacions industrials empla\u00e7ades al carrer Barcelona, n\u00fameros del 7 a l\u201911, amb excepci\u00f3 de la torre coneguda com \u201cla fassina\u201d, mitjan\u00e7ant procediment obert.<\/span><\/p>\n<p style=\"text-align: justify;\"><span style=\"color: #000000;\">L\u2019expedient que s\u2019inicia correspon a les obres d\u2019enderroc segons el projecte redactat i conforme a les cl\u00e0usules t\u00e8cniques i administratives que s\u2019han aprovat, inicialment, en aquesta Junta de govern. El cost de les obres d\u2019enderroc ser\u00e0 de 77.690,37\u20ac i est\u00e0 previst que la licitaci\u00f3 d\u2019aquestes obres s\u2019aprovi al juliol i que els treballs tinguin una durada de dos mesos.<\/span><\/p>\n<p style=\"text-align: justify;\"><span style=\"color: #000000;\">L\u2019Ajuntament de la Bisbal del Pened\u00e8s va adquirir, l\u2019any 2019, la finca ubicada al carrer Barcelona n\u00fameros 7, 11 i 13 amb l\u2019objectiu d\u2019utilitzar-la com a magatzem municipal i destinar la torre de &#8220;la fassina&#8221; a la Colla Castellera de la Bisbal del Pened\u00e8s \u2013 Bous perqu\u00e8 la utilitzin com a local d\u2019assaig. Tot i que estava previst que al mar\u00e7 s\u2019aprov\u00e9s definitivament el projecte d\u2019enderroc, la situaci\u00f3 generada per la Covid-19 va fer que se suspenguessin els terminis administratius i, per tant, el termini d\u2019exposici\u00f3 p\u00fablica s\u2019ha allargat. Finalment, el projecte va quedar aprovat definitivament el passat 19 de juny perqu\u00e8 no s\u2019havien presentat al\u00b7legacions.<\/span><\/p>\n<hr \/>\n<p style=\"text-align: justify;\"><span style=\"color: #000000;\"><strong>CASTELLANO | <\/strong>La Junta de gobierno del 22 de junio ha aprobado, a petici\u00f3n de las concejal\u00edas de Urbanismo y Cultura, iniciar el expediente para la contrataci\u00f3n de las obras de derribo de las edificaciones industriales emplazadas en la calle Barcelona, n\u00fameros del 7 al 11, con excepci\u00f3n de la torre conocida como \u201cla fassina\u201d, mediante procedimiento abierto.<\/span><\/p>\n<p style=\"text-align: justify;\"><span style=\"color: #000000;\">El expediente que se inicia corresponde a las obras de derribo seg\u00fan el proyecto redactado y conforme a las cl\u00e1usulas t\u00e9cnicas y administrativas que se han aprobado, inicialmente, en esta Junta de gobierno. El coste de las obras de derribo ser\u00e1 de 77.690,37\u20ac y est\u00e1 previsto que la licitaci\u00f3n de estas obras se apruebe en julio y que los trabajos tengan una duraci\u00f3n de dos meses.<\/span><\/p>\n<p style=\"text-align: justify;\"><span style=\"color: #000000;\">El Ayuntamiento de la Bisbal del Pened\u00e8s adquiri\u00f3, en el a\u00f1o 2019, la finca ubicada en la calle Barcelona n\u00fameros 7, 11 y 13 con el objetivo de utilizarla como almac\u00e9n municipal y destinar la torre de &#8220;la fassina\u201d a la Colla Castellera de la Bisbal del Pened\u00e8s \u2013 Bous, para que la utilicen como local de ensayo. Aunque estaba previsto que en marzo se aprobase definitivamente el proyecto de derribo, la situaci\u00f3n generada por la Covid-19h hizo que se suspendieran los plazos administrativos y, por tanto, el plazo de exposici\u00f3n p\u00fablica se ha alargado. Finalmente, el proyecto qued\u00f3 aprobado definitivamente el pasado 19 de junio al no presentarse alegaciones.<\/span><\/p>\n<p>&nbsp;<\/p>\n<p>&nbsp;<\/p>\n","protected":false},"excerpt":{"rendered":"<p>La Junta de govern del 22 de juny ha aprovat, a petici\u00f3 de les regidories d\u2019Urbanisme i Cultura, iniciar l\u2019expedient per a la contractaci\u00f3 de les obres d\u2019enderroc de les &hellip; <a href=\"https:\/\/bisbalpenedes.com\/web\/2020\/06\/25\/sinicia-lexpedient-per-a-la-contractacio-de-les-obres-denderroc-de-la-fassina\/\" class=\"more-link\">Read More<\/a><\/p>\n","protected":false},"author":4,"featured_media":7002,"comment_status":"closed","ping_status":"closed","sticky":false,"template":"","format":"standard","meta":[],"categories":[13,8,15],"tags":[378,668,3504,1071,1249],"_links":{"self":[{"href":"https:\/\/bisbalpenedes.com\/web\/wp-json\/wp\/v2\/posts\/13957"}],"collection":[{"href":"https:\/\/bisbalpenedes.com\/web\/wp-json\/wp\/v2\/posts"}],"about":[{"href":"https:\/\/bisbalpenedes.com\/web\/wp-json\/wp\/v2\/types\/post"}],"author":[{"embeddable":true,"href":"https:\/\/bisbalpenedes.com\/web\/wp-json\/wp\/v2\/users\/4"}],"replies":[{"embeddable":true,"href":"https:\/\/bisbalpenedes.com\/web\/wp-json\/wp\/v2\/comments?post=13957"}],"version-history":[{"count":2,"href":"https:\/\/bisbalpenedes.com\/web\/wp-json\/wp\/v2\/posts\/13957\/revisions"}],"predecessor-version":[{"id":13959,"href":"https:\/\/bisbalpenedes.com\/web\/wp-json\/wp\/v2\/posts\/13957\/revisions\/13959"}],"wp:featuredmedia":[{"embeddable":true,"href":"https:\/\/bisbalpenedes.com\/web\/wp-json\/wp\/v2\/media\/7002"}],"wp:attachment":[{"href":"https:\/\/bisbalpenedes.com\/web\/wp-json\/wp\/v2\/media?parent=13957"}],"wp:term":[{"taxonomy":"category","embeddable":true,"href":"https:\/\/bisbalpenedes.com\/web\/wp-json\/wp\/v2\/categories?post=13957"},{"taxonomy":"post_tag","embeddable":true,"href":"https:\/\/bisbalpenedes.com\/web\/wp-json\/wp\/v2\/tags?post=13957"}],"curies":[{"name":"wp","href":"https:\/\/api.w.org\/{rel}","templated":true}]}}