{"id":13954,"date":"2020-06-25T11:53:31","date_gmt":"2020-06-25T09:53:31","guid":{"rendered":"http:\/\/bisbalpenedes.com\/web\/?p=13954"},"modified":"2020-06-25T11:54:05","modified_gmt":"2020-06-25T09:54:05","slug":"el-diumenge-5-de-juliol-tindra-lloc-la-festa-de-lortigos-cal-inscripcio-previa","status":"publish","type":"post","link":"https:\/\/bisbalpenedes.com\/web\/2020\/06\/25\/el-diumenge-5-de-juliol-tindra-lloc-la-festa-de-lortigos-cal-inscripcio-previa\/","title":{"rendered":"El diumenge 5 de juliol tindr\u00e0 lloc la festa de L&#8217;Ortig\u00f3s &#8211; Cal inscripci\u00f3 pr\u00e8via"},"content":{"rendered":"<div class=\"\" data-block=\"true\" data-editor=\"54vcr\" data-offset-key=\"em659-0-0\">\n<div class=\"_1mf _1mj\" data-offset-key=\"em659-0-0\"><span style=\"color: #000000;\"><span data-offset-key=\"em659-2-0\"><span data-text=\"true\">El diumenge 5 de juliol, a les 20h, el\u00a0<\/span><\/span><span class=\"_247o\" spellcheck=\"false\" data-offset-key=\"92e0k-0-0\"><span data-offset-key=\"92e0k-0-0\"><span data-text=\"true\">Mas de Les Gralles<\/span><\/span><\/span><span data-offset-key=\"92e0k-1-0\"><span data-text=\"true\"> acollir\u00e0 la festa de L&#8217;Ortig\u00f3s. Hi haur\u00e0 cantada d&#8217;havaneres amb el grup <\/span><\/span><span class=\"_247o\" spellcheck=\"false\" data-offset-key=\"92e0k-2-0\"><span data-offset-key=\"92e0k-2-0\"><span data-text=\"true\">Olla Barrejada<\/span><\/span><\/span><span data-offset-key=\"92e0k-3-0\"><span data-text=\"true\"> i rom cremat.\u00a0<\/span><\/span>Inscripcions trucant al 608568881 o per Whatsapp al 684416843. L&#8217;aforament \u00e9s limitat.<\/span><\/div>\n<\/div>\n<div class=\"\" data-block=\"true\" data-editor=\"54vcr\" data-offset-key=\"blolu-0-0\">\n<div class=\"_1mf _1mj\" data-offset-key=\"blolu-0-0\">\n<hr \/>\n<\/div>\n<\/div>\n<div class=\"\" data-block=\"true\" data-editor=\"54vcr\" data-offset-key=\"2186c-0-0\">\n<div class=\"_1mf _1mj\" data-offset-key=\"2186c-0-0\"><span style=\"color: #000000;\">El domingo 5 de julio, a las 20h, el Mas de les Gralles acoger\u00e1 la fiesta de L&#8217;Ortig\u00f3s. Habr\u00e1 cantada de habaneras con el grupo Olla Barrejada y ron quemado. Inscripciones llamando al 608568881 o por Whatsapp al 684416843. El aforo es limitado.<\/span><\/div>\n<div class=\"_1mf _1mj\" data-offset-key=\"2186c-0-0\"><\/div>\n<div class=\"_1mf _1mj\" data-offset-key=\"2186c-0-0\"><a href=\"http:\/\/bisbalpenedes.com\/web\/wp-content\/uploads\/2020\/06\/FESTA-ORTIGOS-20E.jpg\"><img loading=\"lazy\" class=\"aligncenter size-large wp-image-13955\" src=\"http:\/\/bisbalpenedes.com\/web\/wp-content\/uploads\/2020\/06\/FESTA-ORTIGOS-20E-730x1024.jpg\" alt=\"FESTA-ORTIGOS-20E\" width=\"630\" height=\"884\" srcset=\"https:\/\/bisbalpenedes.com\/web\/wp-content\/uploads\/2020\/06\/FESTA-ORTIGOS-20E-730x1024.jpg 730w, https:\/\/bisbalpenedes.com\/web\/wp-content\/uploads\/2020\/06\/FESTA-ORTIGOS-20E-600x841.jpg 600w, https:\/\/bisbalpenedes.com\/web\/wp-content\/uploads\/2020\/06\/FESTA-ORTIGOS-20E-214x300.jpg 214w, https:\/\/bisbalpenedes.com\/web\/wp-content\/uploads\/2020\/06\/FESTA-ORTIGOS-20E-768x1077.jpg 768w, https:\/\/bisbalpenedes.com\/web\/wp-content\/uploads\/2020\/06\/FESTA-ORTIGOS-20E.jpg 1276w\" sizes=\"(max-width: 630px) 100vw, 630px\" \/><\/a><\/div>\n<\/div>\n<div class=\"\" data-block=\"true\" data-editor=\"54vcr\" data-offset-key=\"1gi89-0-0\"><\/div>\n<div class=\"\" data-block=\"true\" data-editor=\"54vcr\" data-offset-key=\"25hod-0-0\"><\/div>\n","protected":false},"excerpt":{"rendered":"<p>El diumenge 5 de juliol, a les 20h, el\u00a0Mas de Les Gralles acollir\u00e0 la festa de L&#8217;Ortig\u00f3s. Hi haur\u00e0 cantada d&#8217;havaneres amb el grup Olla Barrejada i rom cremat.\u00a0Inscripcions trucant &hellip; <a href=\"https:\/\/bisbalpenedes.com\/web\/2020\/06\/25\/el-diumenge-5-de-juliol-tindra-lloc-la-festa-de-lortigos-cal-inscripcio-previa\/\" class=\"more-link\">Read More<\/a><\/p>\n","protected":false},"author":4,"featured_media":13955,"comment_status":"closed","ping_status":"closed","sticky":false,"template":"","format":"standard","meta":[],"categories":[1042,8],"tags":[3909,589,604,3910,3911],"_links":{"self":[{"href":"https:\/\/bisbalpenedes.com\/web\/wp-json\/wp\/v2\/posts\/13954"}],"collection":[{"href":"https:\/\/bisbalpenedes.com\/web\/wp-json\/wp\/v2\/posts"}],"about":[{"href":"https:\/\/bisbalpenedes.com\/web\/wp-json\/wp\/v2\/types\/post"}],"author":[{"embeddable":true,"href":"https:\/\/bisbalpenedes.com\/web\/wp-json\/wp\/v2\/users\/4"}],"replies":[{"embeddable":true,"href":"https:\/\/bisbalpenedes.com\/web\/wp-json\/wp\/v2\/comments?post=13954"}],"version-history":[{"count":1,"href":"https:\/\/bisbalpenedes.com\/web\/wp-json\/wp\/v2\/posts\/13954\/revisions"}],"predecessor-version":[{"id":13956,"href":"https:\/\/bisbalpenedes.com\/web\/wp-json\/wp\/v2\/posts\/13954\/revisions\/13956"}],"wp:featuredmedia":[{"embeddable":true,"href":"https:\/\/bisbalpenedes.com\/web\/wp-json\/wp\/v2\/media\/13955"}],"wp:attachment":[{"href":"https:\/\/bisbalpenedes.com\/web\/wp-json\/wp\/v2\/media?parent=13954"}],"wp:term":[{"taxonomy":"category","embeddable":true,"href":"https:\/\/bisbalpenedes.com\/web\/wp-json\/wp\/v2\/categories?post=13954"},{"taxonomy":"post_tag","embeddable":true,"href":"https:\/\/bisbalpenedes.com\/web\/wp-json\/wp\/v2\/tags?post=13954"}],"curies":[{"name":"wp","href":"https:\/\/api.w.org\/{rel}","templated":true}]}}