{"id":13951,"date":"2020-06-25T11:12:17","date_gmt":"2020-06-25T09:12:17","guid":{"rendered":"http:\/\/bisbalpenedes.com\/web\/?p=13951"},"modified":"2020-06-25T11:12:17","modified_gmt":"2020-06-25T09:12:17","slug":"saprova-el-pagament-de-la-quota-dassociats-a-lassociacio-catalana-dels-tres-tombs","status":"publish","type":"post","link":"https:\/\/bisbalpenedes.com\/web\/2020\/06\/25\/saprova-el-pagament-de-la-quota-dassociats-a-lassociacio-catalana-dels-tres-tombs\/","title":{"rendered":"S\u2019aprova el pagament de la quota d\u2019associats a l\u2019Associaci\u00f3 Catalana dels Tres Tombs"},"content":{"rendered":"<p style=\"text-align: justify;\"><span style=\"color: #000000;\">La Junta de govern del 22 de juny de 2020 ha aprovat, a petici\u00f3 de la Regidoria de Cultura, el pagament de la quota d\u2019associats a l\u2019Associaci\u00f3 Catalana dels Tres Tombs, per un import de 345\u20ac.<\/span><\/p>\n<p style=\"text-align: justify;\"><span style=\"color: #000000;\">El 2017 l\u2019Ajuntament de la Bisbal del Pened\u00e8s va aprovar entrar a formar part de l\u2019Associaci\u00f3 Catalana dels Tres Tombs amb l\u2019objectiu de tornar a organitzar la Festa dels Tres Tombs a la Bisbal del Pened\u00e8s. Aquesta festa es va recuperar l\u2019any 2017 i s\u2019ha celebrat els anys 2017, 2018 i 2019. L\u2019any 2020 estava prevista per\u00f2 no s\u2019ha pogut celebrar a causa de la situaci\u00f3 generada per la Covid-19.<\/span><\/p>\n<hr \/>\n<p style=\"text-align: justify;\"><span style=\"color: #000000;\"><strong>CASTELLANO |<\/strong> La Junta de gobierno del 22 de junio de 2020 ha aprobado, a petici\u00f3n de la Concejal\u00eda de Cultura, el pago de la cuota de asociados a la Associaci\u00f3 Catalana dels Tres Tombs, por un importe de 345\u20ac.<\/span><\/p>\n<p style=\"text-align: justify;\"><span style=\"color: #000000;\">El 2017 el Ayuntamiento de la Bisbal del Pened\u00e8s aprob\u00f3 entrar a formar parte de la Associaci\u00f3 Catalana dels Tres Tombs con el objetivo de volver a organizar la Festa dels Tres Tombs en la Bisbal del Pened\u00e8s. Esta fiesta se recuper\u00f3 el a\u00f1o 2017 y se ha celebrado los a\u00f1os 2017, 2018 y 2019. El a\u00f1o 2020 estaba prevista pero no se ha podido celebrar a causa de la situaci\u00f3n generada por la Covid-19.<\/span><\/p>\n<p>&nbsp;<\/p>\n<p>&nbsp;<\/p>\n","protected":false},"excerpt":{"rendered":"<p>La Junta de govern del 22 de juny de 2020 ha aprovat, a petici\u00f3 de la Regidoria de Cultura, el pagament de la quota d\u2019associats a l\u2019Associaci\u00f3 Catalana dels Tres &hellip; <a href=\"https:\/\/bisbalpenedes.com\/web\/2020\/06\/25\/saprova-el-pagament-de-la-quota-dassociats-a-lassociacio-catalana-dels-tres-tombs\/\" class=\"more-link\">Read More<\/a><\/p>\n","protected":false},"author":4,"featured_media":13952,"comment_status":"closed","ping_status":"closed","sticky":false,"template":"","format":"standard","meta":[],"categories":[13],"tags":[3908,3561,228],"_links":{"self":[{"href":"https:\/\/bisbalpenedes.com\/web\/wp-json\/wp\/v2\/posts\/13951"}],"collection":[{"href":"https:\/\/bisbalpenedes.com\/web\/wp-json\/wp\/v2\/posts"}],"about":[{"href":"https:\/\/bisbalpenedes.com\/web\/wp-json\/wp\/v2\/types\/post"}],"author":[{"embeddable":true,"href":"https:\/\/bisbalpenedes.com\/web\/wp-json\/wp\/v2\/users\/4"}],"replies":[{"embeddable":true,"href":"https:\/\/bisbalpenedes.com\/web\/wp-json\/wp\/v2\/comments?post=13951"}],"version-history":[{"count":1,"href":"https:\/\/bisbalpenedes.com\/web\/wp-json\/wp\/v2\/posts\/13951\/revisions"}],"predecessor-version":[{"id":13953,"href":"https:\/\/bisbalpenedes.com\/web\/wp-json\/wp\/v2\/posts\/13951\/revisions\/13953"}],"wp:featuredmedia":[{"embeddable":true,"href":"https:\/\/bisbalpenedes.com\/web\/wp-json\/wp\/v2\/media\/13952"}],"wp:attachment":[{"href":"https:\/\/bisbalpenedes.com\/web\/wp-json\/wp\/v2\/media?parent=13951"}],"wp:term":[{"taxonomy":"category","embeddable":true,"href":"https:\/\/bisbalpenedes.com\/web\/wp-json\/wp\/v2\/categories?post=13951"},{"taxonomy":"post_tag","embeddable":true,"href":"https:\/\/bisbalpenedes.com\/web\/wp-json\/wp\/v2\/tags?post=13951"}],"curies":[{"name":"wp","href":"https:\/\/api.w.org\/{rel}","templated":true}]}}