{"id":13946,"date":"2020-06-25T10:48:31","date_gmt":"2020-06-25T08:48:31","guid":{"rendered":"http:\/\/bisbalpenedes.com\/web\/?p=13946"},"modified":"2020-06-25T10:51:03","modified_gmt":"2020-06-25T08:51:03","slug":"avis-dafectacions-en-el-transit-per-la-construccio-de-la-rotonda-de-la-c-51","status":"publish","type":"post","link":"https:\/\/bisbalpenedes.com\/web\/2020\/06\/25\/avis-dafectacions-en-el-transit-per-la-construccio-de-la-rotonda-de-la-c-51\/","title":{"rendered":"Av\u00eds d&#8217;afectacions en el tr\u00e0nsit per la construcci\u00f3 de la rotonda de la C-51"},"content":{"rendered":"<p><a href=\"http:\/\/bisbalpenedes.com\/web\/wp-content\/uploads\/2020\/06\/200625-OBRES-C-51.jpg\"><img loading=\"lazy\" class=\"alignnone size-medium wp-image-13947 aligncenter\" src=\"http:\/\/bisbalpenedes.com\/web\/wp-content\/uploads\/2020\/06\/200625-OBRES-C-51-300x200.jpg\" alt=\"200625 OBRES C-51\" width=\"300\" height=\"200\" srcset=\"https:\/\/bisbalpenedes.com\/web\/wp-content\/uploads\/2020\/06\/200625-OBRES-C-51-300x200.jpg 300w, https:\/\/bisbalpenedes.com\/web\/wp-content\/uploads\/2020\/06\/200625-OBRES-C-51-600x400.jpg 600w, https:\/\/bisbalpenedes.com\/web\/wp-content\/uploads\/2020\/06\/200625-OBRES-C-51-768x512.jpg 768w, https:\/\/bisbalpenedes.com\/web\/wp-content\/uploads\/2020\/06\/200625-OBRES-C-51-1024x683.jpg 1024w\" sizes=\"(max-width: 300px) 100vw, 300px\" \/><\/a><\/p>\n<p style=\"text-align: justify;\"><span style=\"color: #000000;\">L\u2019Ajuntament de la Bisbal del Pened\u00e8s us informa que, amb motiu de les obres de la rotonda de la C-51, del 29 de juny i fins a la segona quinzena d\u2019agost es produiran afectacions en el tr\u00e0nsit.<\/span><\/p>\n<p style=\"text-align: justify;\"><span style=\"color: #000000;\">Segons se\u2019ns ha informat des de l\u2019empresa que realitza les obres, el tr\u00e0nsit de la carretera C-51z estar\u00e0 tallat a partir de l\u2019Esplai (en direcci\u00f3 Santa Cristina &#8211; Valls) i el vial lateral que habitualment utilitzen els ve\u00efns de l\u2019Esplai, Can Gordei, la Masieta i Santa Cristina per accedir al nucli urb\u00e0 estar\u00e0 tallat al tr\u00e0nsit.<\/span><\/p>\n<p style=\"text-align: justify;\"><span style=\"color: #000000;\">Per tant, els ve\u00efns que surtin de l\u2019Esplai o la Masieta, nom\u00e9s podran girar a la dreta. En cas d\u2019haver d\u2019anar direcci\u00f3 Valls o al nucli urb\u00e0 de la Bisbal, hauran d\u2019anar primer fins a la rotonda de la Miralba.<\/span><\/p>\n<p style=\"text-align: justify;\"><span style=\"color: #000000;\">Els ve\u00efns de Can Gordei que vulguin anar direcci\u00f3 Valls o al nucli de la vila tamb\u00e9 hauran d\u2019anar fins a la rotonda de la Miralba.<\/span><\/p>\n<p style=\"text-align: justify;\"><span style=\"color: #000000;\">Els ve\u00efns de la Pineda de Santa Cristina hauran d\u2019anar fins a la rotonda de Maslloren\u00e7 per accedir a la C-51, ja que no podran accedir a la C-51z a direcci\u00f3 l\u2019Esplai, perqu\u00e8 estar\u00e0 tallada.<\/span><\/p>\n<p style=\"text-align: justify;\"><span style=\"color: #000000;\">L\u2019empresa que du a terme les obres senyalitzar\u00e0 i indicar\u00e0 totes les afectacions del tr\u00e0nsit.<\/span><\/p>\n<hr \/>\n<p style=\"text-align: justify;\"><span style=\"color: #000000;\"><strong>CASTELLANO |<\/strong> El Ayuntamiento de la Bisbal del Pened\u00e8s os informa que, con motivo de las obras de la rotonda de la C-51, del 29 de junio y hasta la segunda quincena de agosto se producir\u00e1n afectaciones en el tr\u00e1fico.<\/span><\/p>\n<p style=\"text-align: justify;\"><span style=\"color: #000000;\">Seg\u00fan se nos ha informado desde la empresa que realiza las obras, el tr\u00e1fico de la carretera C-51z estar\u00e1 cortado a partir de l\u2019Esplai (en direcci\u00f3n Santa Cristina-Valls) y el vial lateral que habitualmente utilizan los vecinos de l\u2019Esplai, Can Gordei, la Masieta y Santa Cristina para acceder al n\u00facleo urbano estar\u00e1 cortado al tr\u00e1fico.<\/span><\/p>\n<p style=\"text-align: justify;\"><span style=\"color: #000000;\">Por tanto, los vecinos que salgan de l\u2019Esplai o la Masieta, solo podr\u00e1n girar a la derecha. En caso de tener que ir direcci\u00f3n Valls o al n\u00facleo urbano de la Bisbal, deber\u00e1n ir primero hasta la rotonda de la Miralba.<\/span><\/p>\n<p style=\"text-align: justify;\"><span style=\"color: #000000;\">Los vecinos de Can Gordei que quieran ir direcci\u00f3n Valls o al n\u00facleo de la Bisbal tambi\u00e9n tendr\u00e1n que ir hasta la rotonda de la Miralba.<\/span><\/p>\n<p style=\"text-align: justify;\"><span style=\"color: #000000;\">Los vecinos de la Pineda de Santa Cristina deber\u00e1n ir hasta la rotonda de Maslloren\u00e7 para acceder a la C-51, ya que no podr\u00e1n acceder a la C-51z en direcci\u00f3n l\u2019Esplai, porqu\u00e9 estar\u00e1 cortada.<\/span><\/p>\n<p style=\"text-align: justify;\"><span style=\"color: #000000;\">La empresa que realiza las obras se\u00f1alizar\u00e1 e indicar\u00e1 todas las afectaciones de tr\u00e1fico.<\/span><\/p>\n","protected":false},"excerpt":{"rendered":"<p>L\u2019Ajuntament de la Bisbal del Pened\u00e8s us informa que, amb motiu de les obres de la rotonda de la C-51, del 29 de juny i fins a la segona quinzena &hellip; <a href=\"https:\/\/bisbalpenedes.com\/web\/2020\/06\/25\/avis-dafectacions-en-el-transit-per-la-construccio-de-la-rotonda-de-la-c-51\/\" class=\"more-link\">Read More<\/a><\/p>\n","protected":false},"author":4,"featured_media":13947,"comment_status":"closed","ping_status":"closed","sticky":false,"template":"","format":"standard","meta":[],"categories":[3840],"tags":[299,198,276,587,21,298,623],"_links":{"self":[{"href":"https:\/\/bisbalpenedes.com\/web\/wp-json\/wp\/v2\/posts\/13946"}],"collection":[{"href":"https:\/\/bisbalpenedes.com\/web\/wp-json\/wp\/v2\/posts"}],"about":[{"href":"https:\/\/bisbalpenedes.com\/web\/wp-json\/wp\/v2\/types\/post"}],"author":[{"embeddable":true,"href":"https:\/\/bisbalpenedes.com\/web\/wp-json\/wp\/v2\/users\/4"}],"replies":[{"embeddable":true,"href":"https:\/\/bisbalpenedes.com\/web\/wp-json\/wp\/v2\/comments?post=13946"}],"version-history":[{"count":2,"href":"https:\/\/bisbalpenedes.com\/web\/wp-json\/wp\/v2\/posts\/13946\/revisions"}],"predecessor-version":[{"id":13949,"href":"https:\/\/bisbalpenedes.com\/web\/wp-json\/wp\/v2\/posts\/13946\/revisions\/13949"}],"wp:featuredmedia":[{"embeddable":true,"href":"https:\/\/bisbalpenedes.com\/web\/wp-json\/wp\/v2\/media\/13947"}],"wp:attachment":[{"href":"https:\/\/bisbalpenedes.com\/web\/wp-json\/wp\/v2\/media?parent=13946"}],"wp:term":[{"taxonomy":"category","embeddable":true,"href":"https:\/\/bisbalpenedes.com\/web\/wp-json\/wp\/v2\/categories?post=13946"},{"taxonomy":"post_tag","embeddable":true,"href":"https:\/\/bisbalpenedes.com\/web\/wp-json\/wp\/v2\/tags?post=13946"}],"curies":[{"name":"wp","href":"https:\/\/api.w.org\/{rel}","templated":true}]}}