{"id":13942,"date":"2020-06-23T14:21:32","date_gmt":"2020-06-23T12:21:32","guid":{"rendered":"http:\/\/bisbalpenedes.com\/web\/?p=13942"},"modified":"2020-06-23T14:21:32","modified_gmt":"2020-06-23T12:21:32","slug":"ban-sobre-lhorari-de-tancaments-de-bars-i-restaurants-i-despectacles-publics-durant-la-revetlla","status":"publish","type":"post","link":"https:\/\/bisbalpenedes.com\/web\/2020\/06\/23\/ban-sobre-lhorari-de-tancaments-de-bars-i-restaurants-i-despectacles-publics-durant-la-revetlla\/","title":{"rendered":"BAN sobre l&#8217;horari de tancaments de bars i restaurants i d&#8217;espectacles p\u00fablics durant la revetlla"},"content":{"rendered":"<div class=\"\" data-block=\"true\" data-editor=\"7j6v5\" data-offset-key=\"c7u4k-0-0\">\n<div class=\"_1mf _1mj\" style=\"text-align: justify;\" data-offset-key=\"c7u4k-0-0\"><span style=\"color: #000000;\" data-offset-key=\"c7u4k-0-0\">BAN de l&#8217;alcaldessa de la Bisbal del Pened\u00e8s, Agn\u00e8s Ferr\u00e9, sobre l&#8217;horari de tancaments de bars i restaurants i l&#8217;horari dels espectacles p\u00fablics durant la revetlla de Sant Joan.<\/span><\/div>\n<\/div>\n<div class=\"\" style=\"text-align: justify;\" data-block=\"true\" data-editor=\"7j6v5\" data-offset-key=\"bapi7-0-0\">\n<div class=\"_1mf _1mj\" data-offset-key=\"bapi7-0-0\"><span style=\"color: #000000;\" data-offset-key=\"bapi7-0-0\">\u00a0<\/span><\/div>\n<\/div>\n<div class=\"\" style=\"text-align: justify;\" data-block=\"true\" data-editor=\"7j6v5\" data-offset-key=\"61lq8-0-0\">\n<div class=\"_1mf _1mj\" data-offset-key=\"61lq8-0-0\">\n<hr \/>\n<p><span style=\"color: #000000;\"><strong><span data-offset-key=\"61lq8-0-0\"><br \/>\n<\/span><\/strong><\/span><\/div>\n<\/div>\n<div class=\"\" data-block=\"true\" data-editor=\"7j6v5\" data-offset-key=\"b07c8-0-0\">\n<div class=\"_1mf _1mj\" style=\"text-align: justify;\" data-offset-key=\"b07c8-0-0\"><span style=\"color: #000000;\"><strong>CASTELLANO |<\/strong> BAN de la alcaldesa de la Bisbal del Pened\u00e8s, Agn\u00e8s Ferr\u00e9, sobre el horario de cierre de bares y restaurantes y el horario de los espect\u00e1culos p\u00fablicos durante la verbena de San Juan.<\/span><\/div>\n<div class=\"_1mf _1mj\" style=\"text-align: justify;\" data-offset-key=\"b07c8-0-0\"><a href=\"http:\/\/bisbalpenedes.com\/web\/wp-content\/uploads\/2020\/06\/BAN-HORARIS-RESTAURANTS-SANT-JOAN-2020_page-0001.jpg\"><img loading=\"lazy\" class=\"aligncenter size-large wp-image-13943\" src=\"http:\/\/bisbalpenedes.com\/web\/wp-content\/uploads\/2020\/06\/BAN-HORARIS-RESTAURANTS-SANT-JOAN-2020_page-0001-725x1024.jpg\" alt=\"BAN HORARIS RESTAURANTS-SANT JOAN 2020_page-0001\" width=\"630\" height=\"890\" srcset=\"https:\/\/bisbalpenedes.com\/web\/wp-content\/uploads\/2020\/06\/BAN-HORARIS-RESTAURANTS-SANT-JOAN-2020_page-0001-725x1024.jpg 725w, https:\/\/bisbalpenedes.com\/web\/wp-content\/uploads\/2020\/06\/BAN-HORARIS-RESTAURANTS-SANT-JOAN-2020_page-0001-600x848.jpg 600w, https:\/\/bisbalpenedes.com\/web\/wp-content\/uploads\/2020\/06\/BAN-HORARIS-RESTAURANTS-SANT-JOAN-2020_page-0001-212x300.jpg 212w, https:\/\/bisbalpenedes.com\/web\/wp-content\/uploads\/2020\/06\/BAN-HORARIS-RESTAURANTS-SANT-JOAN-2020_page-0001-768x1085.jpg 768w, https:\/\/bisbalpenedes.com\/web\/wp-content\/uploads\/2020\/06\/BAN-HORARIS-RESTAURANTS-SANT-JOAN-2020_page-0001.jpg 1241w\" sizes=\"(max-width: 630px) 100vw, 630px\" \/><\/a><\/div>\n<\/div>\n","protected":false},"excerpt":{"rendered":"<p>BAN de l&#8217;alcaldessa de la Bisbal del Pened\u00e8s, Agn\u00e8s Ferr\u00e9, sobre l&#8217;horari de tancaments de bars i restaurants i l&#8217;horari dels espectacles p\u00fablics durant la revetlla de Sant Joan. \u00a0 &hellip; <a href=\"https:\/\/bisbalpenedes.com\/web\/2020\/06\/23\/ban-sobre-lhorari-de-tancaments-de-bars-i-restaurants-i-despectacles-publics-durant-la-revetlla\/\" class=\"more-link\">Read More<\/a><\/p>\n","protected":false},"author":4,"featured_media":13943,"comment_status":"closed","ping_status":"closed","sticky":false,"template":"","format":"standard","meta":[],"categories":[2057,8],"tags":[294,3562,784,3563,537,2479],"_links":{"self":[{"href":"https:\/\/bisbalpenedes.com\/web\/wp-json\/wp\/v2\/posts\/13942"}],"collection":[{"href":"https:\/\/bisbalpenedes.com\/web\/wp-json\/wp\/v2\/posts"}],"about":[{"href":"https:\/\/bisbalpenedes.com\/web\/wp-json\/wp\/v2\/types\/post"}],"author":[{"embeddable":true,"href":"https:\/\/bisbalpenedes.com\/web\/wp-json\/wp\/v2\/users\/4"}],"replies":[{"embeddable":true,"href":"https:\/\/bisbalpenedes.com\/web\/wp-json\/wp\/v2\/comments?post=13942"}],"version-history":[{"count":1,"href":"https:\/\/bisbalpenedes.com\/web\/wp-json\/wp\/v2\/posts\/13942\/revisions"}],"predecessor-version":[{"id":13944,"href":"https:\/\/bisbalpenedes.com\/web\/wp-json\/wp\/v2\/posts\/13942\/revisions\/13944"}],"wp:featuredmedia":[{"embeddable":true,"href":"https:\/\/bisbalpenedes.com\/web\/wp-json\/wp\/v2\/media\/13943"}],"wp:attachment":[{"href":"https:\/\/bisbalpenedes.com\/web\/wp-json\/wp\/v2\/media?parent=13942"}],"wp:term":[{"taxonomy":"category","embeddable":true,"href":"https:\/\/bisbalpenedes.com\/web\/wp-json\/wp\/v2\/categories?post=13942"},{"taxonomy":"post_tag","embeddable":true,"href":"https:\/\/bisbalpenedes.com\/web\/wp-json\/wp\/v2\/tags?post=13942"}],"curies":[{"name":"wp","href":"https:\/\/api.w.org\/{rel}","templated":true}]}}