{"id":13934,"date":"2020-06-23T10:08:45","date_gmt":"2020-06-23T08:08:45","guid":{"rendered":"http:\/\/bisbalpenedes.com\/web\/?p=13934"},"modified":"2020-06-23T10:08:45","modified_gmt":"2020-06-23T08:08:45","slug":"sobren-les-inscripcions-per-al-casal-destiu-2020","status":"publish","type":"post","link":"https:\/\/bisbalpenedes.com\/web\/2020\/06\/23\/sobren-les-inscripcions-per-al-casal-destiu-2020\/","title":{"rendered":"S&#8217;obren les inscripcions per al Casal d&#8217;Estiu 2020"},"content":{"rendered":"<div class=\"\" data-block=\"true\" data-editor=\"9sn7\" data-offset-key=\"dbout-0-0\">\n<div class=\"_1mf _1mj\" style=\"text-align: justify;\" data-offset-key=\"dbout-0-0\"><span style=\"color: #000000;\" data-offset-key=\"dbout-2-0\"><span data-text=\"true\">S&#8217;obren les inscripcions per al Casal d&#8217;Estiu 2020.<\/span><\/span><\/div>\n<\/div>\n<div class=\"\" style=\"text-align: justify;\" data-block=\"true\" data-editor=\"9sn7\" data-offset-key=\"c7qp2-0-0\">\n<div class=\"_1mf _1mj\" data-offset-key=\"c7qp2-0-0\"><span style=\"color: #000000;\"><span data-offset-key=\"c7qp2-1-0\"><span data-text=\"true\">Les podeu fer online a <a href=\"http:\/\/www.laballaruga.org\" target=\"_blank\">www.laballaruga.org<\/a> o presencialment a les oficines del Vendrell, amb cita pr\u00e8via. Trobareu m\u00e9s informaci\u00f3 al cartell adjunt.<\/span><\/span><\/span><\/div>\n<\/div>\n<div class=\"\" style=\"text-align: justify;\" data-block=\"true\" data-editor=\"9sn7\" data-offset-key=\"4h62u-0-0\">\n<div class=\"_1mf _1mj\" data-offset-key=\"4h62u-0-0\"><span style=\"color: #000000;\" data-offset-key=\"4h62u-1-0\"><span data-text=\"true\">El casal s&#8217;ha adaptat a les mesures sanit\u00e0ries per la Covid-19.<\/span><\/span><\/div>\n<\/div>\n<div class=\"\" style=\"text-align: justify;\" data-block=\"true\" data-editor=\"9sn7\" data-offset-key=\"dg0g8-0-0\">\n<div class=\"_1mf _1mj\" data-offset-key=\"dg0g8-0-0\">\n<hr \/>\n<\/div>\n<\/div>\n<div class=\"\" style=\"text-align: justify;\" data-block=\"true\" data-editor=\"9sn7\" data-offset-key=\"bce8o-0-0\">\n<div class=\"_1mf _1mj\" data-offset-key=\"bce8o-0-0\"><span style=\"color: #000000;\">Se abren las inscripciones para el Casal d&#8217;Estiu 2020.<\/span><\/div>\n<\/div>\n<div class=\"\" style=\"text-align: justify;\" data-block=\"true\" data-editor=\"9sn7\" data-offset-key=\"fk2lq-0-0\">\n<div class=\"_1mf _1mj\" data-offset-key=\"fk2lq-0-0\"><span style=\"color: #000000;\" data-offset-key=\"fk2lq-1-0\"><span data-text=\"true\">Las pod\u00e9is hacer online en <a href=\"http:\/\/www.laballaruga.org\" target=\"_blank\">www.laballaruga.org<\/a> o presencialmente en las oficinas del Vendrell, con cita previa. Encontrar\u00e9is m\u00e1s informaci\u00f3n en el cartel adjunto.<\/span><\/span><\/div>\n<\/div>\n<div class=\"\" data-block=\"true\" data-editor=\"9sn7\" data-offset-key=\"dnjhq-0-0\">\n<div class=\"_1mf _1mj\" style=\"text-align: justify;\" data-offset-key=\"dnjhq-0-0\"><span style=\"color: #000000;\" data-offset-key=\"dnjhq-1-0\"><span data-text=\"true\">El casal se ha adaptado a las medidas sanitarias por la Covid-19.<\/span><\/span><\/div>\n<div class=\"_1mf _1mj\" style=\"text-align: justify;\" data-offset-key=\"dnjhq-0-0\"><\/div>\n<div class=\"_1mf _1mj\" style=\"text-align: justify;\" data-offset-key=\"dnjhq-0-0\"><a href=\"http:\/\/bisbalpenedes.com\/web\/wp-content\/uploads\/2020\/06\/INSCRIPCIONS-CASAL-DESTIU-2020.jpg\"><img loading=\"lazy\" class=\"aligncenter size-large wp-image-13935\" src=\"http:\/\/bisbalpenedes.com\/web\/wp-content\/uploads\/2020\/06\/INSCRIPCIONS-CASAL-DESTIU-2020-1024x1024.jpg\" alt=\"INSCRIPCIONS CASAL D'ESTIU 2020\" width=\"630\" height=\"630\" srcset=\"https:\/\/bisbalpenedes.com\/web\/wp-content\/uploads\/2020\/06\/INSCRIPCIONS-CASAL-DESTIU-2020-1024x1024.jpg 1024w, https:\/\/bisbalpenedes.com\/web\/wp-content\/uploads\/2020\/06\/INSCRIPCIONS-CASAL-DESTIU-2020-300x300.jpg 300w, https:\/\/bisbalpenedes.com\/web\/wp-content\/uploads\/2020\/06\/INSCRIPCIONS-CASAL-DESTIU-2020-100x100.jpg 100w, https:\/\/bisbalpenedes.com\/web\/wp-content\/uploads\/2020\/06\/INSCRIPCIONS-CASAL-DESTIU-2020-600x600.jpg 600w, https:\/\/bisbalpenedes.com\/web\/wp-content\/uploads\/2020\/06\/INSCRIPCIONS-CASAL-DESTIU-2020-150x150.jpg 150w, https:\/\/bisbalpenedes.com\/web\/wp-content\/uploads\/2020\/06\/INSCRIPCIONS-CASAL-DESTIU-2020-768x768.jpg 768w, https:\/\/bisbalpenedes.com\/web\/wp-content\/uploads\/2020\/06\/INSCRIPCIONS-CASAL-DESTIU-2020.jpg 1242w\" sizes=\"(max-width: 630px) 100vw, 630px\" \/><\/a><\/div>\n<\/div>\n<div class=\"\" data-block=\"true\" data-editor=\"9sn7\" data-offset-key=\"ano82-0-0\"><\/div>\n<div class=\"\" data-block=\"true\" data-editor=\"9sn7\" data-offset-key=\"2a361-0-0\"><\/div>\n","protected":false},"excerpt":{"rendered":"<p>S&#8217;obren les inscripcions per al Casal d&#8217;Estiu 2020. Les podeu fer online a www.laballaruga.org o presencialment a les oficines del Vendrell, amb cita pr\u00e8via. Trobareu m\u00e9s informaci\u00f3 al cartell adjunt. &hellip; <a href=\"https:\/\/bisbalpenedes.com\/web\/2020\/06\/23\/sobren-les-inscripcions-per-al-casal-destiu-2020\/\" class=\"more-link\">Read More<\/a><\/p>\n","protected":false},"author":4,"featured_media":13935,"comment_status":"closed","ping_status":"closed","sticky":false,"template":"","format":"standard","meta":[],"categories":[398,8],"tags":[3907,273],"_links":{"self":[{"href":"https:\/\/bisbalpenedes.com\/web\/wp-json\/wp\/v2\/posts\/13934"}],"collection":[{"href":"https:\/\/bisbalpenedes.com\/web\/wp-json\/wp\/v2\/posts"}],"about":[{"href":"https:\/\/bisbalpenedes.com\/web\/wp-json\/wp\/v2\/types\/post"}],"author":[{"embeddable":true,"href":"https:\/\/bisbalpenedes.com\/web\/wp-json\/wp\/v2\/users\/4"}],"replies":[{"embeddable":true,"href":"https:\/\/bisbalpenedes.com\/web\/wp-json\/wp\/v2\/comments?post=13934"}],"version-history":[{"count":1,"href":"https:\/\/bisbalpenedes.com\/web\/wp-json\/wp\/v2\/posts\/13934\/revisions"}],"predecessor-version":[{"id":13936,"href":"https:\/\/bisbalpenedes.com\/web\/wp-json\/wp\/v2\/posts\/13934\/revisions\/13936"}],"wp:featuredmedia":[{"embeddable":true,"href":"https:\/\/bisbalpenedes.com\/web\/wp-json\/wp\/v2\/media\/13935"}],"wp:attachment":[{"href":"https:\/\/bisbalpenedes.com\/web\/wp-json\/wp\/v2\/media?parent=13934"}],"wp:term":[{"taxonomy":"category","embeddable":true,"href":"https:\/\/bisbalpenedes.com\/web\/wp-json\/wp\/v2\/categories?post=13934"},{"taxonomy":"post_tag","embeddable":true,"href":"https:\/\/bisbalpenedes.com\/web\/wp-json\/wp\/v2\/tags?post=13934"}],"curies":[{"name":"wp","href":"https:\/\/api.w.org\/{rel}","templated":true}]}}